{"id":10007,"date":"2025-09-11T16:43:09","date_gmt":"2025-09-11T16:43:09","guid":{"rendered":"https:\/\/www.bio-des-alberes.fr\/?p=10002"},"modified":"2025-09-19T00:22:54","modified_gmt":"2025-09-19T00:22:54","slug":"biocoop-argeles-alternative-bio-alberes-2","status":"publish","type":"post","link":"https:\/\/www.bio-des-alberes.fr\/de\/biocoop-argeles-alternative-bio-alberes-2\/","title":{"rendered":"Biocoop Argel\u00e8s: Entdecken Sie eine lokale Alternative mit Bio des Alb\u00e8res"},"content":{"rendered":"<p data-start=\"348\" data-end=\"824\">Sie suchen <strong data-start=\"362\" data-end=\"381\">Biocoop Argel\u00e8s<\/strong> f\u00fcr Ihren Bio-Einkauf? Bevor Sie sich in einem gro\u00dfen nationalen Supermarkt niederlassen, sollten Sie sich die Zeit nehmen, um herauszufinden, was es mit der Biodiversit\u00e4t auf sich hat. <strong data-start=\"492\" data-end=\"511\">Bio des Alb\u00e8res<\/strong>, Ihre lokale Alternative in Laroque des Alb\u00e8res, weniger als 15 Minuten von Argel\u00e8s-sur-Mer entfernt. Hier gibt es kein Bio, das nicht mit der Region verbunden ist. <strong data-start=\"682\" data-end=\"701\">Kurze Wege<\/strong>, Wir bezahlen unsere Produzenten fair und bieten eine koh\u00e4rente Auswahl an biologischen, saisonalen und handwerklichen Produkten.<\/p>\n<hr data-start=\"826\" data-end=\"829\" \/>\n<h2 data-start=\"831\" data-end=\"888\">Warum Biocoop Argel\u00e8s und Bio des Alb\u00e8res vergleichen?<\/h2>\n<p data-start=\"889\" data-end=\"1190\">Viele Verbraucher tippen auf \u201c.\u201c<strong data-start=\"923\" data-end=\"942\">Biocoop Argel\u00e8s<\/strong>\u201d als Reflex, wenn sie einen Bioladen finden wollen. Und das ist logisch: eine nationale Marke hat eine starke Sichtbarkeit. Aber hinter diesem Schaufenster verbirgt sich eine zentralisierte Organisation, die nicht immer die lokalen Werte widerspiegelt.<\/p>\n<p data-start=\"1192\" data-end=\"1476\">Bei <strong data-start=\"1197\" data-end=\"1216\">Bio des Alb\u00e8res<\/strong>, Wir arbeiten anders. Wir arbeiten nicht mit einem riesigen Einkaufszentrum zusammen, sondern direkt mit den Erzeugern des Departements. Dies garantiert eine <strong data-start=\"1367\" data-end=\"1389\">klare R\u00fcckverfolgbarkeit<\/strong>, Eine bessere Bezahlung f\u00fcr die Landwirte und eine bessere Qualit\u00e4t der Produkte. <strong data-start=\"1447\" data-end=\"1473\">unvergleichliche Frische<\/strong>.<\/p>\n<hr data-start=\"1478\" data-end=\"1481\" \/>\n<h2 data-start=\"1483\" data-end=\"1535\">Bio des Alb\u00e8res: kurze Wege und Authentizit\u00e4t<\/h2>\n<h3 data-start=\"1536\" data-end=\"1560\">Eine direkte Beziehung<\/h3>\n<p data-start=\"1561\" data-end=\"1753\">Unsere Philosophie beruht auf einem echten menschlichen Austausch. Unsere Lieferanten sind keine Nummern in einer Tabelle: Sie sind Bauern, B\u00e4cker, Imker, die wir kennen.<\/p>\n<h3 data-start=\"1755\" data-end=\"1791\">Reduzierung des Kohlenstoff-Fu\u00dfabdrucks<\/h3>\n<p data-start=\"1792\" data-end=\"1998\">Wo <strong data-start=\"1798\" data-end=\"1817\">Biocoop Argel\u00e8s<\/strong> auf eine nationale Logistik st\u00fctzt, reduzieren wir die Zwischenh\u00e4ndler und die von Ihren Lebensmitteln zur\u00fcckgelegten Entfernungen. Das Ergebnis: ein geringerer CO2-Fu\u00dfabdruck und ein besserer Geschmack.<\/p>\n<hr data-start=\"2000\" data-end=\"2003\" \/>\n<h2 data-start=\"2005\" data-end=\"2035\">Produzenten werden besser bezahlt<\/h2>\n<p data-start=\"2036\" data-end=\"2278\">Wir bei Bio des Alb\u00e8res glauben, dass ein fairer Preis die Voraussetzung f\u00fcr die Aufrechterhaltung einer lebendigen Landwirtschaft ist. Die gro\u00dfen Netzwerke versuchen, ihre Gewinnspannen auf nationaler Ebene auszugleichen, wodurch die Einkommen der Erzeuger oftmals gedr\u00fcckt werden.<\/p>\n<p data-start=\"2280\" data-end=\"2438\">Wir tun das Gegenteil. Jeder Euro, den Sie bei uns ausgeben, wird f\u00fcr folgende Zwecke verwendet <strong data-start=\"2357\" data-end=\"2435\">den Fortbestand eines lokalen Bauernhofs, einer Handwerkswerkstatt oder einer engagierten B\u00e4ckerei sichern<\/strong>.<\/p>\n<hr data-start=\"2440\" data-end=\"2443\" \/>\n<h2 data-start=\"2445\" data-end=\"2475\">Eine konsistente Bio-Auswahl<\/h2>\n<h3 data-start=\"2476\" data-end=\"2503\">Keine ultra-verarbeiteten Lebensmittel<\/h3>\n<p data-start=\"2504\" data-end=\"2574\">Wir lehnen Produkte ab, die als \u201cbio\u201d getarnt, aber ultra-verarbeitet sind.<\/p>\n<h3 data-start=\"2576\" data-end=\"2609\">Einfache, echte Produkte<\/h3>\n<ul data-start=\"2610\" data-end=\"2963\">\n<li data-start=\"2610\" data-end=\"2699\">\n<p data-start=\"2612\" data-end=\"2699\"><strong data-start=\"2612\" data-end=\"2643\">Obst und Gem\u00fcse der Saison<\/strong> in den Alb\u00e8res und der Ebene von Roussillon geerntet.<\/p>\n<\/li>\n<li data-start=\"2700\" data-end=\"2774\">\n<p data-start=\"2702\" data-end=\"2774\"><strong data-start=\"2702\" data-end=\"2720\">Sauerteigbrot<\/strong> handwerklich, langsame G\u00e4rung, lokale Bio-Mehle.<\/p>\n<\/li>\n<li data-start=\"2775\" data-end=\"2843\">\n<p data-start=\"2777\" data-end=\"2843\"><strong data-start=\"2777\" data-end=\"2793\">Bio-Lebensmittelgesch\u00e4ft<\/strong> H\u00fclsenfr\u00fcchte, Mehl, \u00d6le, Trockenprodukte.<\/p>\n<\/li>\n<li data-start=\"2844\" data-end=\"2906\">\n<p data-start=\"2846\" data-end=\"2906\"><strong data-start=\"2846\" data-end=\"2873\">Frische Produkte vom Bauernhof<\/strong> K\u00e4se, Joghurt, Milchprodukte.<\/p>\n<\/li>\n<li data-start=\"2907\" data-end=\"2963\">\n<p data-start=\"2909\" data-end=\"2963\"><strong data-start=\"2909\" data-end=\"2932\">Honig und Konfit\u00fcren<\/strong> von kleinen Produzenten.<\/p>\n<\/li>\n<\/ul>\n<hr data-start=\"2965\" data-end=\"2968\" \/>\n<h2 data-start=\"2970\" data-end=\"3021\">Konkrete Vorteile im Vergleich zu Biocoop Argel\u00e8s<\/h2>\n<ul data-start=\"3022\" data-end=\"3385\">\n<li data-start=\"3022\" data-end=\"3101\">\n<p data-start=\"3024\" data-end=\"3101\"><strong data-start=\"3024\" data-end=\"3037\">N\u00e4he<\/strong> 10-15 Minuten von Argel\u00e8s entfernt, einfache Zufahrt und kostenloser Parkplatz.<\/p>\n<\/li>\n<li data-start=\"3102\" data-end=\"3166\">\n<p data-start=\"3104\" data-end=\"3166\"><strong data-start=\"3104\" data-end=\"3120\">Benutzerfreundlichkeit<\/strong> Pers\u00f6nlicher Empfang, famili\u00e4re Atmosph\u00e4re.<\/p>\n<\/li>\n<li data-start=\"3167\" data-end=\"3243\">\n<p data-start=\"3169\" data-end=\"3243\"><strong data-start=\"3169\" data-end=\"3185\">Transparenz<\/strong> Die Herkunft der angezeigten Produkte und die Produzenten werden vorgestellt.<\/p>\n<\/li>\n<li data-start=\"3244\" data-end=\"3312\">\n<p data-start=\"3246\" data-end=\"3312\"><strong data-start=\"3246\" data-end=\"3257\">Ethik<\/strong> Kurze Wege, Saisonalit\u00e4t, reduzierte Verpackungen.<\/p>\n<\/li>\n<li data-start=\"3313\" data-end=\"3385\">\n<p data-start=\"3315\" data-end=\"3385\"><strong data-start=\"3315\" data-end=\"3330\">Faire Preise<\/strong> Die meisten der von der Kommission vorgeschlagenen Ma\u00dfnahmen sind wettbewerbsf\u00e4hig durch die Reduzierung von Zwischenh\u00e4ndlern.<\/p>\n<\/li>\n<\/ul>\n<hr data-start=\"3387\" data-end=\"3390\" \/>\n<h2 data-start=\"3392\" data-end=\"3420\">Strecke von Argel\u00e8s<\/h2>\n<p data-start=\"3421\" data-end=\"3684\">Vom Zentrum von Argel\u00e8s-sur-Mer aus fahren Sie auf der D914 in Richtung Saint-Genis-des-Fontaines. In weniger als 15 Minuten erreichen Sie Bio des Alb\u00e8res. Sie dachten, Sie gehen zu <strong data-start=\"3603\" data-end=\"3622\">Biocoop Argel\u00e8s<\/strong> ? Machen Sie einen Umweg und testen Sie eine menschlichere Alternative.<\/p>\n<hr data-start=\"3686\" data-end=\"3689\" \/>\n<h2 data-start=\"3691\" data-end=\"3713\">Detaillierter Vergleich<\/h2>\n<div class=\"_tableContainer_1rjym_1\">\n<div class=\"group w-fit _tableWrapper_1rjym_13 flex flex-col-reverse\" tabindex=\"-1\">\n<table class=\"w-fit min-w-(--thread-content-width)\" data-start=\"3714\" data-end=\"4133\">\n<thead data-start=\"3714\" data-end=\"3761\">\n<tr data-start=\"3714\" data-end=\"3761\">\n<th data-start=\"3714\" data-end=\"3724\" data-col-size=\"sm\">Kriterium<\/th>\n<th data-start=\"3724\" data-end=\"3742\" data-col-size=\"sm\">Biocoop Argel\u00e8s<\/th>\n<th data-start=\"3742\" data-end=\"3761\" data-col-size=\"sm\">Bio des Alb\u00e8res<\/th>\n<\/tr>\n<\/thead>\n<tbody data-start=\"3810\" data-end=\"4133\">\n<tr data-start=\"3810\" data-end=\"3863\">\n<td data-start=\"3810\" data-end=\"3821\" data-col-size=\"sm\">Rundreisen<\/td>\n<td data-start=\"3821\" data-end=\"3844\" data-col-size=\"sm\">Nationale Logistik<\/td>\n<td data-start=\"3844\" data-end=\"3863\" data-col-size=\"sm\">Kurze Wege<\/td>\n<\/tr>\n<tr data-start=\"3864\" data-end=\"3927\">\n<td data-start=\"3864\" data-end=\"3878\" data-col-size=\"sm\">Produzenten<\/td>\n<td data-start=\"3878\" data-end=\"3905\" data-col-size=\"sm\">Zentralisierte Verg\u00fctung<\/td>\n<td data-start=\"3905\" data-end=\"3927\" data-col-size=\"sm\">Garantiert fairer Preis<\/td>\n<\/tr>\n<tr data-start=\"3928\" data-end=\"4008\">\n<td data-start=\"3928\" data-end=\"3940\" data-col-size=\"sm\">Auswahl<\/td>\n<td data-start=\"3940\" data-end=\"3978\" data-col-size=\"sm\">Breiter, manchmal inkoh\u00e4renter Katalog<\/td>\n<td data-start=\"3978\" data-end=\"4008\" data-col-size=\"sm\">Kleine, aber konsistente Auswahl<\/td>\n<\/tr>\n<tr data-start=\"4009\" data-end=\"4059\">\n<td data-start=\"4009\" data-end=\"4027\" data-col-size=\"sm\">Kundenbeziehungen<\/td>\n<td data-start=\"4027\" data-end=\"4042\" data-col-size=\"sm\">Standardisiert<\/td>\n<td data-start=\"4042\" data-end=\"4059\" data-col-size=\"sm\">Pers\u00f6nlich<\/td>\n<\/tr>\n<tr data-start=\"4060\" data-end=\"4133\">\n<td data-start=\"4060\" data-end=\"4075\" data-col-size=\"sm\">Lokale Auswirkungen<\/td>\n<td data-start=\"4075\" data-end=\"4096\" data-col-size=\"sm\">Nationale Verd\u00fcnnung<\/td>\n<td data-start=\"4096\" data-end=\"4133\" data-col-size=\"sm\">Direkte Unterst\u00fctzung f\u00fcr lokale Bauernh\u00f6fe<\/td>\n<\/tr>\n<\/tbody>\n<\/table>\n<\/div>\n<\/div>\n<hr data-start=\"4135\" data-end=\"4138\" \/>\n<h2 data-start=\"4140\" data-end=\"4185\">Tipps f\u00fcr einen intelligenten Bio-Konsum<\/h2>\n<ol data-start=\"4186\" data-end=\"4525\">\n<li data-start=\"4186\" data-end=\"4252\">\n<p data-start=\"4189\" data-end=\"4252\"><strong data-start=\"4189\" data-end=\"4214\">Die Jahreszeit bevorzugen<\/strong> Die Qualit\u00e4t ist besser, der Preis ist besser.<\/p>\n<\/li>\n<li data-start=\"4253\" data-end=\"4336\">\n<p data-start=\"4256\" data-end=\"4336\"><strong data-start=\"4256\" data-end=\"4279\">Etiketten lesen<\/strong> Bio bedeutet nicht gesund, wenn es ultra-verarbeitet ist.<\/p>\n<\/li>\n<li data-start=\"4337\" data-end=\"4397\">\n<p data-start=\"4340\" data-end=\"4397\"><strong data-start=\"4340\" data-end=\"4362\">Lokale Produkte bevorzugen<\/strong> Reduzierte Umweltbelastung.<\/p>\n<\/li>\n<li data-start=\"4398\" data-end=\"4453\">\n<p data-start=\"4401\" data-end=\"4453\"><strong data-start=\"4401\" data-end=\"4426\">Planen Sie Ihre Eink\u00e4ufe<\/strong> Die Vermeidung von Verschwendung.<\/p>\n<\/li>\n<li data-start=\"4454\" data-end=\"4525\">\n<p data-start=\"4457\" data-end=\"4525\"><strong data-start=\"4457\" data-end=\"4491\">Entdecken Sie neue Produkte<\/strong> Die Ern\u00e4hrung diversifizieren.<\/p>\n<\/li>\n<\/ol>\n<hr data-start=\"4527\" data-end=\"4530\" \/>\n<h2 data-start=\"4532\" data-end=\"4562\">H\u00e4ufige Fehler, die Sie vermeiden sollten<\/h2>\n<ul data-start=\"4563\" data-end=\"4749\">\n<li data-start=\"4563\" data-end=\"4613\">\n<p data-start=\"4565\" data-end=\"4613\">Die Annahme, dass alle Biol\u00e4den gleich sind.<\/p>\n<\/li>\n<li data-start=\"4614\" data-end=\"4638\">\n<p data-start=\"4616\" data-end=\"4638\">Kaufen Sie au\u00dferhalb der Saison.<\/p>\n<\/li>\n<li data-start=\"4639\" data-end=\"4694\">\n<p data-start=\"4641\" data-end=\"4694\">Der Glaube, dass \u201cbilliger\u201d zwangsl\u00e4ufig nachhaltiger ist.<\/p>\n<\/li>\n<li data-start=\"4695\" data-end=\"4749\">\n<p data-start=\"4697\" data-end=\"4749\">Vergessen, die tats\u00e4chliche Herkunft der Produkte zu \u00fcberpr\u00fcfen.<\/p>\n<\/li>\n<\/ul>\n<hr data-start=\"4751\" data-end=\"4754\" \/>\n<h2 data-start=\"4756\" data-end=\"4775\">Gute Praktiken<\/h2>\n<ul data-start=\"4776\" data-end=\"4981\">\n<li data-start=\"4776\" data-end=\"4831\">\n<p data-start=\"4778\" data-end=\"4831\">F\u00fchren Sie jede Woche ein neues lokales Produkt ein.<\/p>\n<\/li>\n<li data-start=\"4832\" data-end=\"4872\">\n<p data-start=\"4834\" data-end=\"4872\">Variieren Sie Getreide und H\u00fclsenfr\u00fcchte.<\/p>\n<\/li>\n<li data-start=\"4873\" data-end=\"4911\">\n<p data-start=\"4875\" data-end=\"4911\">Lernen Sie wieder, einfach zu kochen.<\/p>\n<\/li>\n<li data-start=\"4912\" data-end=\"4981\">\n<p data-start=\"4914\" data-end=\"4981\">Geben Sie der Fermentation (Sauerteig, Laktofermentation) wieder einen Platz.<\/p>\n<\/li>\n<\/ul>\n<hr data-start=\"4983\" data-end=\"4986\" \/>\n<h2 data-start=\"4988\" data-end=\"4994\">FAQ<\/h2>\n<h3 data-start=\"4995\" data-end=\"5054\">Ist Bio des Alb\u00e8res billiger als Biocoop Argel\u00e8s?<\/h3>\n<p data-start=\"5055\" data-end=\"5163\">Nicht immer, aber wir garantieren Preise <strong data-start=\"5101\" data-end=\"5111\">richtig<\/strong> und dank der kurzen Wege oft wettbewerbsf\u00e4hig.<\/p>\n<h3 data-start=\"5165\" data-end=\"5215\">Bieten Sie nur lokale Produkte an?<\/h3>\n<p data-start=\"5216\" data-end=\"5362\">Unsere Priorit\u00e4t ist lokal. F\u00fcr Produkte, die hier nicht produziert werden k\u00f6nnen (Kaffee, Tee, Zitrusfr\u00fcchte), arbeiten wir mit engagierten Bio-Ketten zusammen.<\/p>\n<h3 data-start=\"5364\" data-end=\"5389\">Wo befinden Sie sich?<\/h3>\n<p data-start=\"5390\" data-end=\"5451\">\u00c0 <strong data-start=\"5392\" data-end=\"5421\">Saint-Genis-des-Fontaines<\/strong>, Das Haus liegt 10-15 Minuten von Argel\u00e8s entfernt.<\/p>\n<h3 data-start=\"5453\" data-end=\"5478\">Sind Sie lose Ware?<\/h3>\n<p data-start=\"5479\" data-end=\"5558\">Ja, wenn es relevant ist, um \u00dcberverpackungen zu vermeiden und die Qualit\u00e4t zu gew\u00e4hrleisten.<\/p>\n<hr data-start=\"5560\" data-end=\"5563\" \/>\n<h2 data-start=\"5565\" data-end=\"5578\">Schlussfolgerung<\/h2>\n<p data-start=\"5579\" data-end=\"5833\">Wenn Sie nach <strong data-start=\"5596\" data-end=\"5615\">Biocoop Argel\u00e8s<\/strong>, Wenn Sie sich nicht sicher sind, was Sie tun sollen, sollten Sie wissen, dass es eine Alternative gibt: <strong data-start=\"5652\" data-end=\"5671\">Bio des Alb\u00e8res<\/strong>. N\u00e4her, transparenter und ethischer. Entdecken Sie einen unabh\u00e4ngigen Bioladen, der authentische Werte vertritt und Ihren Eink\u00e4ufen einen Sinn verleiht.<\/p>\n<p data-start=\"6249\" data-end=\"6290\">","protected":false},"excerpt":{"rendered":"<p>Vous cherchez Biocoop Argel\u00e8s pour vos courses bio ? Avant de vous arr\u00eater dans une grande enseigne nationale, prenez le temps de d\u00e9couvrir Bio des Alb\u00e8res, votre alternative locale situ\u00e9e \u00e0 Laroque des Alb\u00e8res, \u00e0 moins de 15 minutes d\u2019Argel\u00e8s-sur-Mer. Ici, pas de bio d\u00e9connect\u00e9 de son territoire : nous travaillons en circuits courts, r\u00e9mun\u00e9rons [&hellip;]<\/p>\n","protected":false},"author":1,"featured_media":22,"comment_status":"closed","ping_status":"closed","sticky":false,"template":"","format":"standard","meta":{"_et_pb_use_builder":"","_et_pb_old_content":"","_et_gb_content_width":"1080","footnotes":""},"categories":[10,9],"tags":[11,12,13],"class_list":["post-10007","post","type-post","status-publish","format-standard","has-post-thumbnail","hentry","category-argeles-sur-mer","category-magasin-bio","tag-biocoop-argeles","tag-circuits-courts","tag-producteurs-locaux"],"yoast_head":"<!-- This site is optimized with the Yoast SEO plugin v26.2 - https:\/\/yoast.com\/wordpress\/plugins\/seo\/ -->\n<title>Biocoop Argel\u00e8s : d\u00e9couvrez une alternative locale<\/title>\n<meta name=\"description\" content=\"Vous cherchez Biocoop Argel\u00e8s ? D\u00e9couvrez Bio des Alb\u00e8res : circuits courts, producteurs locaux mieux r\u00e9mun\u00e9r\u00e9s, produits bio authentiques\" \/>\n<meta name=\"robots\" content=\"index, follow, max-snippet:-1, max-image-preview:large, max-video-preview:-1\" \/>\n<link rel=\"canonical\" href=\"https:\/\/www.bio-des-alberes.fr\/de\/biocoop-argeles-alternative-bio-alberes\/\" \/>\n<meta property=\"og:locale\" content=\"de_DE\" \/>\n<meta property=\"og:type\" content=\"article\" \/>\n<meta property=\"og:title\" content=\"Biocoop Argel\u00e8s : d\u00e9couvrez une alternative locale\" \/>\n<meta property=\"og:description\" content=\"Vous cherchez Biocoop Argel\u00e8s ? D\u00e9couvrez Bio des Alb\u00e8res : circuits courts, producteurs locaux mieux r\u00e9mun\u00e9r\u00e9s, produits bio authentiques\" \/>\n<meta property=\"og:url\" content=\"https:\/\/www.bio-des-alberes.fr\/de\/biocoop-argeles-alternative-bio-alberes\/\" \/>\n<meta property=\"og:site_name\" content=\"Bio des Alb\u00e8res\" \/>\n<meta property=\"article:publisher\" content=\"https:\/\/www.facebook.com\/p\/Le-bio-des-Albres-61568067446958\/\" \/>\n<meta property=\"article:published_time\" content=\"2025-09-11T16:43:09+00:00\" \/>\n<meta property=\"article:modified_time\" content=\"2025-09-19T00:22:54+00:00\" \/>\n<meta property=\"og:image\" content=\"https:\/\/www.bio-des-alberes.fr\/wp-content\/uploads\/2024\/12\/food-coop-3.jpg\" \/>\n\t<meta property=\"og:image:width\" content=\"1280\" \/>\n\t<meta property=\"og:image:height\" content=\"550\" \/>\n\t<meta property=\"og:image:type\" content=\"image\/jpeg\" \/>\n<meta name=\"author\" content=\"biodesalberes\" \/>\n<meta name=\"twitter:card\" content=\"summary_large_image\" \/>\n<meta name=\"twitter:label1\" content=\"Geschrieben von\" \/>\n\t<meta name=\"twitter:data1\" content=\"biodesalberes\" \/>\n\t<meta name=\"twitter:label2\" content=\"Gesch\u00e4tzte Lesezeit\" \/>\n\t<meta name=\"twitter:data2\" content=\"4\u00a0Minuten\" \/>\n<script type=\"application\/ld+json\" class=\"yoast-schema-graph\">{\"@context\":\"https:\/\/schema.org\",\"@graph\":[{\"@type\":\"Article\",\"@id\":\"https:\/\/www.bio-des-alberes.fr\/biocoop-argeles-alternative-bio-alberes\/#article\",\"isPartOf\":{\"@id\":\"https:\/\/www.bio-des-alberes.fr\/biocoop-argeles-alternative-bio-alberes-2\/\"},\"author\":{\"name\":\"biodesalberes\",\"@id\":\"https:\/\/www.bio-des-alberes.fr\/#\/schema\/person\/b207a14ba23699a080c323ee040eca00\"},\"headline\":\"Biocoop Argel\u00e8s : d\u00e9couvrez une alternative locale avec Bio des Alb\u00e8res\",\"datePublished\":\"2025-09-11T16:43:09+00:00\",\"dateModified\":\"2025-09-19T00:22:54+00:00\",\"mainEntityOfPage\":{\"@id\":\"https:\/\/www.bio-des-alberes.fr\/biocoop-argeles-alternative-bio-alberes-2\/\"},\"wordCount\":811,\"publisher\":{\"@id\":\"https:\/\/www.bio-des-alberes.fr\/#organization\"},\"image\":{\"@id\":\"https:\/\/www.bio-des-alberes.fr\/biocoop-argeles-alternative-bio-alberes\/#primaryimage\"},\"thumbnailUrl\":\"https:\/\/www.bio-des-alberes.fr\/wp-content\/uploads\/2024\/12\/food-coop-3.jpg\",\"keywords\":[\"Biocoop Argel\u00e8s\",\"Circuits courts\",\"Producteurs locaux\"],\"articleSection\":[\"Argel\u00e8s-sur-Mer\",\"Magasin bio\"],\"inLanguage\":\"de\"},{\"@type\":\"WebPage\",\"@id\":\"https:\/\/www.bio-des-alberes.fr\/biocoop-argeles-alternative-bio-alberes-2\/\",\"url\":\"https:\/\/www.bio-des-alberes.fr\/biocoop-argeles-alternative-bio-alberes\/\",\"name\":\"Biocoop Argel\u00e8s : d\u00e9couvrez une alternative locale\",\"isPartOf\":{\"@id\":\"https:\/\/www.bio-des-alberes.fr\/#website\"},\"primaryImageOfPage\":{\"@id\":\"https:\/\/www.bio-des-alberes.fr\/biocoop-argeles-alternative-bio-alberes\/#primaryimage\"},\"image\":{\"@id\":\"https:\/\/www.bio-des-alberes.fr\/biocoop-argeles-alternative-bio-alberes\/#primaryimage\"},\"thumbnailUrl\":\"https:\/\/www.bio-des-alberes.fr\/wp-content\/uploads\/2024\/12\/food-coop-3.jpg\",\"datePublished\":\"2025-09-11T16:43:09+00:00\",\"dateModified\":\"2025-09-19T00:22:54+00:00\",\"description\":\"Vous cherchez Biocoop Argel\u00e8s ? D\u00e9couvrez Bio des Alb\u00e8res : circuits courts, producteurs locaux mieux r\u00e9mun\u00e9r\u00e9s, produits bio authentiques\",\"breadcrumb\":{\"@id\":\"https:\/\/www.bio-des-alberes.fr\/biocoop-argeles-alternative-bio-alberes\/#breadcrumb\"},\"inLanguage\":\"de\",\"potentialAction\":[{\"@type\":\"ReadAction\",\"target\":[\"https:\/\/www.bio-des-alberes.fr\/biocoop-argeles-alternative-bio-alberes\/\"]}]},{\"@type\":\"ImageObject\",\"inLanguage\":\"de\",\"@id\":\"https:\/\/www.bio-des-alberes.fr\/biocoop-argeles-alternative-bio-alberes\/#primaryimage\",\"url\":\"https:\/\/www.bio-des-alberes.fr\/wp-content\/uploads\/2024\/12\/food-coop-3.jpg\",\"contentUrl\":\"https:\/\/www.bio-des-alberes.fr\/wp-content\/uploads\/2024\/12\/food-coop-3.jpg\",\"width\":1280,\"height\":550},{\"@type\":\"BreadcrumbList\",\"@id\":\"https:\/\/www.bio-des-alberes.fr\/biocoop-argeles-alternative-bio-alberes\/#breadcrumb\",\"itemListElement\":[{\"@type\":\"ListItem\",\"position\":1,\"name\":\"Accueil\",\"item\":\"https:\/\/www.bio-des-alberes.fr\/\"},{\"@type\":\"ListItem\",\"position\":2,\"name\":\"Biocoop Argel\u00e8s : d\u00e9couvrez une alternative locale avec Bio des Alb\u00e8res\"}]},{\"@type\":\"WebSite\",\"@id\":\"https:\/\/www.bio-des-alberes.fr\/#website\",\"url\":\"https:\/\/www.bio-des-alberes.fr\/\",\"name\":\"Bio 66 - Magasin bio des Alberes\",\"description\":\"Fruits et l&eacute;gumes bio, produits locaux, &eacute;picerie fine\",\"publisher\":{\"@id\":\"https:\/\/www.bio-des-alberes.fr\/#organization\"},\"potentialAction\":[{\"@type\":\"SearchAction\",\"target\":{\"@type\":\"EntryPoint\",\"urlTemplate\":\"https:\/\/www.bio-des-alberes.fr\/?s={search_term_string}\"},\"query-input\":{\"@type\":\"PropertyValueSpecification\",\"valueRequired\":true,\"valueName\":\"search_term_string\"}}],\"inLanguage\":\"de\"},{\"@type\":\"Organization\",\"@id\":\"https:\/\/www.bio-des-alberes.fr\/#organization\",\"name\":\"Bio des Alb\u00e8res\",\"url\":\"https:\/\/www.bio-des-alberes.fr\/\",\"logo\":{\"@type\":\"ImageObject\",\"inLanguage\":\"de\",\"@id\":\"https:\/\/www.bio-des-alberes.fr\/#\/schema\/logo\/image\/\",\"url\":\"https:\/\/www.bio-des-alberes.fr\/wp-content\/uploads\/2024\/12\/bio-des-alberes-logo2.png\",\"contentUrl\":\"https:\/\/www.bio-des-alberes.fr\/wp-content\/uploads\/2024\/12\/bio-des-alberes-logo2.png\",\"width\":803,\"height\":466,\"caption\":\"Bio des Alb\u00e8res\"},\"image\":{\"@id\":\"https:\/\/www.bio-des-alberes.fr\/#\/schema\/logo\/image\/\"},\"sameAs\":[\"https:\/\/www.facebook.com\/p\/Le-bio-des-Albres-61568067446958\/\"]},{\"@type\":\"Person\",\"@id\":\"https:\/\/www.bio-des-alberes.fr\/#\/schema\/person\/b207a14ba23699a080c323ee040eca00\",\"name\":\"biodesalberes\",\"image\":{\"@type\":\"ImageObject\",\"inLanguage\":\"de\",\"@id\":\"https:\/\/www.bio-des-alberes.fr\/#\/schema\/person\/image\/\",\"url\":\"https:\/\/secure.gravatar.com\/avatar\/6039bbfc6c375e9adfea50b5dfc6bb7c8c601a03cbf0f44a5db56f0a0eead0b8?s=96&d=mm&r=g\",\"contentUrl\":\"https:\/\/secure.gravatar.com\/avatar\/6039bbfc6c375e9adfea50b5dfc6bb7c8c601a03cbf0f44a5db56f0a0eead0b8?s=96&d=mm&r=g\",\"caption\":\"biodesalberes\"},\"sameAs\":[\"https:\/\/www.bio-des-alberes.fr\"],\"url\":\"https:\/\/www.bio-des-alberes.fr\/de\/author\/biodesalberes\/\"}]}<\/script>\n<!-- \/ Yoast SEO plugin. -->","yoast_head_json":{"title":"Biocoop Argel\u00e8s : d\u00e9couvrez une alternative locale","description":"Vous cherchez Biocoop Argel\u00e8s ? D\u00e9couvrez Bio des Alb\u00e8res : circuits courts, producteurs locaux mieux r\u00e9mun\u00e9r\u00e9s, produits bio authentiques","robots":{"index":"index","follow":"follow","max-snippet":"max-snippet:-1","max-image-preview":"max-image-preview:large","max-video-preview":"max-video-preview:-1"},"canonical":"https:\/\/www.bio-des-alberes.fr\/de\/biocoop-argeles-alternative-bio-alberes\/","og_locale":"de_DE","og_type":"article","og_title":"Biocoop Argel\u00e8s : d\u00e9couvrez une alternative locale","og_description":"Vous cherchez Biocoop Argel\u00e8s ? D\u00e9couvrez Bio des Alb\u00e8res : circuits courts, producteurs locaux mieux r\u00e9mun\u00e9r\u00e9s, produits bio authentiques","og_url":"https:\/\/www.bio-des-alberes.fr\/de\/biocoop-argeles-alternative-bio-alberes\/","og_site_name":"Bio des Alb\u00e8res","article_publisher":"https:\/\/www.facebook.com\/p\/Le-bio-des-Albres-61568067446958\/","article_published_time":"2025-09-11T16:43:09+00:00","article_modified_time":"2025-09-19T00:22:54+00:00","og_image":[{"width":1280,"height":550,"url":"https:\/\/www.bio-des-alberes.fr\/wp-content\/uploads\/2024\/12\/food-coop-3.jpg","type":"image\/jpeg"}],"author":"biodesalberes","twitter_card":"summary_large_image","twitter_misc":{"Geschrieben von":"biodesalberes","Gesch\u00e4tzte Lesezeit":"4\u00a0Minuten"},"schema":{"@context":"https:\/\/schema.org","@graph":[{"@type":"Article","@id":"https:\/\/www.bio-des-alberes.fr\/biocoop-argeles-alternative-bio-alberes\/#article","isPartOf":{"@id":"https:\/\/www.bio-des-alberes.fr\/biocoop-argeles-alternative-bio-alberes-2\/"},"author":{"name":"biodesalberes","@id":"https:\/\/www.bio-des-alberes.fr\/#\/schema\/person\/b207a14ba23699a080c323ee040eca00"},"headline":"Biocoop Argel\u00e8s : d\u00e9couvrez une alternative locale avec Bio des Alb\u00e8res","datePublished":"2025-09-11T16:43:09+00:00","dateModified":"2025-09-19T00:22:54+00:00","mainEntityOfPage":{"@id":"https:\/\/www.bio-des-alberes.fr\/biocoop-argeles-alternative-bio-alberes-2\/"},"wordCount":811,"publisher":{"@id":"https:\/\/www.bio-des-alberes.fr\/#organization"},"image":{"@id":"https:\/\/www.bio-des-alberes.fr\/biocoop-argeles-alternative-bio-alberes\/#primaryimage"},"thumbnailUrl":"https:\/\/www.bio-des-alberes.fr\/wp-content\/uploads\/2024\/12\/food-coop-3.jpg","keywords":["Biocoop Argel\u00e8s","Circuits courts","Producteurs locaux"],"articleSection":["Argel\u00e8s-sur-Mer","Magasin bio"],"inLanguage":"de"},{"@type":"WebPage","@id":"https:\/\/www.bio-des-alberes.fr\/biocoop-argeles-alternative-bio-alberes-2\/","url":"https:\/\/www.bio-des-alberes.fr\/biocoop-argeles-alternative-bio-alberes\/","name":"Biocoop Argel\u00e8s : d\u00e9couvrez une alternative locale","isPartOf":{"@id":"https:\/\/www.bio-des-alberes.fr\/#website"},"primaryImageOfPage":{"@id":"https:\/\/www.bio-des-alberes.fr\/biocoop-argeles-alternative-bio-alberes\/#primaryimage"},"image":{"@id":"https:\/\/www.bio-des-alberes.fr\/biocoop-argeles-alternative-bio-alberes\/#primaryimage"},"thumbnailUrl":"https:\/\/www.bio-des-alberes.fr\/wp-content\/uploads\/2024\/12\/food-coop-3.jpg","datePublished":"2025-09-11T16:43:09+00:00","dateModified":"2025-09-19T00:22:54+00:00","description":"Vous cherchez Biocoop Argel\u00e8s ? D\u00e9couvrez Bio des Alb\u00e8res : circuits courts, producteurs locaux mieux r\u00e9mun\u00e9r\u00e9s, produits bio authentiques","breadcrumb":{"@id":"https:\/\/www.bio-des-alberes.fr\/biocoop-argeles-alternative-bio-alberes\/#breadcrumb"},"inLanguage":"de","potentialAction":[{"@type":"ReadAction","target":["https:\/\/www.bio-des-alberes.fr\/biocoop-argeles-alternative-bio-alberes\/"]}]},{"@type":"ImageObject","inLanguage":"de","@id":"https:\/\/www.bio-des-alberes.fr\/biocoop-argeles-alternative-bio-alberes\/#primaryimage","url":"https:\/\/www.bio-des-alberes.fr\/wp-content\/uploads\/2024\/12\/food-coop-3.jpg","contentUrl":"https:\/\/www.bio-des-alberes.fr\/wp-content\/uploads\/2024\/12\/food-coop-3.jpg","width":1280,"height":550},{"@type":"BreadcrumbList","@id":"https:\/\/www.bio-des-alberes.fr\/biocoop-argeles-alternative-bio-alberes\/#breadcrumb","itemListElement":[{"@type":"ListItem","position":1,"name":"Accueil","item":"https:\/\/www.bio-des-alberes.fr\/"},{"@type":"ListItem","position":2,"name":"Biocoop Argel\u00e8s : d\u00e9couvrez une alternative locale avec Bio des Alb\u00e8res"}]},{"@type":"WebSite","@id":"https:\/\/www.bio-des-alberes.fr\/#website","url":"https:\/\/www.bio-des-alberes.fr\/","name":"Bio 66 - Magasin bio des Alberes","description":"Fruits et l&eacute;gumes bio, produits locaux, &eacute;picerie fine","publisher":{"@id":"https:\/\/www.bio-des-alberes.fr\/#organization"},"potentialAction":[{"@type":"SearchAction","target":{"@type":"EntryPoint","urlTemplate":"https:\/\/www.bio-des-alberes.fr\/?s={search_term_string}"},"query-input":{"@type":"PropertyValueSpecification","valueRequired":true,"valueName":"search_term_string"}}],"inLanguage":"de"},{"@type":"Organization","@id":"https:\/\/www.bio-des-alberes.fr\/#organization","name":"Bio des Alb\u00e8res","url":"https:\/\/www.bio-des-alberes.fr\/","logo":{"@type":"ImageObject","inLanguage":"de","@id":"https:\/\/www.bio-des-alberes.fr\/#\/schema\/logo\/image\/","url":"https:\/\/www.bio-des-alberes.fr\/wp-content\/uploads\/2024\/12\/bio-des-alberes-logo2.png","contentUrl":"https:\/\/www.bio-des-alberes.fr\/wp-content\/uploads\/2024\/12\/bio-des-alberes-logo2.png","width":803,"height":466,"caption":"Bio des Alb\u00e8res"},"image":{"@id":"https:\/\/www.bio-des-alberes.fr\/#\/schema\/logo\/image\/"},"sameAs":["https:\/\/www.facebook.com\/p\/Le-bio-des-Albres-61568067446958\/"]},{"@type":"Person","@id":"https:\/\/www.bio-des-alberes.fr\/#\/schema\/person\/b207a14ba23699a080c323ee040eca00","name":"biodesalberes","image":{"@type":"ImageObject","inLanguage":"de","@id":"https:\/\/www.bio-des-alberes.fr\/#\/schema\/person\/image\/","url":"https:\/\/secure.gravatar.com\/avatar\/6039bbfc6c375e9adfea50b5dfc6bb7c8c601a03cbf0f44a5db56f0a0eead0b8?s=96&d=mm&r=g","contentUrl":"https:\/\/secure.gravatar.com\/avatar\/6039bbfc6c375e9adfea50b5dfc6bb7c8c601a03cbf0f44a5db56f0a0eead0b8?s=96&d=mm&r=g","caption":"biodesalberes"},"sameAs":["https:\/\/www.bio-des-alberes.fr"],"url":"https:\/\/www.bio-des-alberes.fr\/de\/author\/biodesalberes\/"}]}},"_links":{"self":[{"href":"https:\/\/www.bio-des-alberes.fr\/de\/wp-json\/wp\/v2\/posts\/10007","targetHints":{"allow":["GET"]}}],"collection":[{"href":"https:\/\/www.bio-des-alberes.fr\/de\/wp-json\/wp\/v2\/posts"}],"about":[{"href":"https:\/\/www.bio-des-alberes.fr\/de\/wp-json\/wp\/v2\/types\/post"}],"author":[{"embeddable":true,"href":"https:\/\/www.bio-des-alberes.fr\/de\/wp-json\/wp\/v2\/users\/1"}],"replies":[{"embeddable":true,"href":"https:\/\/www.bio-des-alberes.fr\/de\/wp-json\/wp\/v2\/comments?post=10007"}],"version-history":[{"count":1,"href":"https:\/\/www.bio-des-alberes.fr\/de\/wp-json\/wp\/v2\/posts\/10007\/revisions"}],"predecessor-version":[{"id":10024,"href":"https:\/\/www.bio-des-alberes.fr\/de\/wp-json\/wp\/v2\/posts\/10007\/revisions\/10024"}],"wp:featuredmedia":[{"embeddable":true,"href":"https:\/\/www.bio-des-alberes.fr\/de\/wp-json\/wp\/v2\/media\/22"}],"wp:attachment":[{"href":"https:\/\/www.bio-des-alberes.fr\/de\/wp-json\/wp\/v2\/media?parent=10007"}],"wp:term":[{"taxonomy":"category","embeddable":true,"href":"https:\/\/www.bio-des-alberes.fr\/de\/wp-json\/wp\/v2\/categories?post=10007"},{"taxonomy":"post_tag","embeddable":true,"href":"https:\/\/www.bio-des-alberes.fr\/de\/wp-json\/wp\/v2\/tags?post=10007"}],"curies":[{"name":"wp","href":"https:\/\/api.w.org\/{rel}","templated":true}]}}