{"id":1033,"date":"2024-12-20T15:31:03","date_gmt":"2024-12-20T15:31:03","guid":{"rendered":"https:\/\/www.bio-des-alberes.fr\/achetez-vos-tomme-de-brebis-bio-a-banyuls-sur-mer-66016-avec-bio-des-alberes\/"},"modified":"2024-12-20T15:31:03","modified_gmt":"2024-12-20T15:31:03","slug":"achetez-vos-tomme-de-brebis-bio-a-banyuls-sur-mer-66016-avec-bio-des-alberes","status":"publish","type":"post","link":"https:\/\/www.bio-des-alberes.fr\/de\/achetez-vos-tomme-de-brebis-bio-a-banyuls-sur-mer-66016-avec-bio-des-alberes\/","title":{"rendered":"Achetez vos Tomme de brebis bio \u00e0 banyuls sur mer 66016 avec Bio des Alb\u00e8res"},"content":{"rendered":"<p>Sie suchen nach <strong>Tomme de brebis de qualit\u00e9 sup\u00e9rieure \u00e0 banyuls sur mer 66016<\/strong> ? Bio des Alb\u00e8res ist da, um alle Ihre Erwartungen zu erf\u00fcllen. Unser Online-Shop befindet sich im Herzen der Pyr\u00e9n\u00e9es-Orientales und bietet eine gro\u00dfe Auswahl an biologischen und lokalen Produkten, die sorgf\u00e4ltig ausgew\u00e4hlt wurden, um Frische, Geschmack und Umweltfreundlichkeit zu gew\u00e4hrleisten.<\/p>\n<h3><strong>Des Tomme de brebis bio pour un mode de vie sain \u00e0 banyuls sur mer 66016<\/strong><\/h3>\n<p>Bei Bio des Alb\u00e8res glauben wir fest an die Kraft von Bioprodukten zur Verbesserung der Gesundheit und zum Schutz unseres Planeten. Ob Sie in 66016 Banyuls sur Mer oder in der Umgebung wohnen, wir bieten Ihnen eine vielf\u00e4ltige Auswahl an <strong>Tomme de brebis<\/strong> f\u00fcr alle Ihre Bed\u00fcrfnisse :<\/p>\n<ul>\n<li>Weitere Informationen finden Sie unter <strong>Bio-Obst und -Gem\u00fcse<\/strong> frisch geerntet.<\/li>\n<li>Eine <strong>Bio-Lebensmittelgesch\u00e4ft<\/strong> gut mit Grundnahrungsmitteln best\u00fcckt.<\/li>\n<li>Weitere Informationen finden Sie unter <strong>lokale Produkte<\/strong> von den besten Erzeugern aus der Gegend von Banyuls sur Mer 66016.<\/li>\n<\/ul>\n<h3><strong>Pourquoi choisir Bio des Alb\u00e8res pour vos Tomme de brebis \u00e0 banyuls sur mer 66016 ?<\/strong><\/h3>\n<p>Wir verpflichten uns zu :<\/p>\n<ol>\n<li><strong>Zertifizierte Bio-Produkte<\/strong> Jedes angebotene Produkt wird streng ausgew\u00e4hlt.<\/li>\n<li><strong>Faire Preise<\/strong> Wir arbeiten direkt mit den lokalen Produzenten zusammen, um wettbewerbsf\u00e4hige Preise zu gew\u00e4hrleisten.<\/li>\n<li><strong>Eine einwandfreie Kundenerfahrung<\/strong> Unsere Teams stehen Ihnen zur Verf\u00fcgung, um alle Ihre Fragen zu beantworten. <strong>Tomme de brebis<\/strong> die wir in banyuls sur mer 66016 anbieten.<\/li>\n<\/ol>\n<h3><strong>Unsere Bestseller verf\u00fcgbaren in banyuls sur mer 66016 :<\/strong><\/h3>\n<p>Die Einwohner von <strong>Banyuls sur Mer 66016<\/strong> lieben unsere :<\/p>\n<ul>\n<li><strong>Bio-K\u00f6rbe<\/strong> Die Mahlzeiten werden aus saisonalen Produkten zusammengestellt.<\/li>\n<li><strong>Nat\u00fcrliche Kosmetika<\/strong> Die Pflege: f\u00fcr eine sanfte Pflege.<\/li>\n<li><strong>Glutenfreie und vegane Produkte<\/strong> Die meisten dieser Produkte sind f\u00fcr alle Di\u00e4ten geeignet.<\/li>\n<\/ul>\n<h3><strong>Besser konsumieren, besser leben in banyuls sur mer 66016<\/strong><\/h3>\n<p>Wenn Sie sich f\u00fcr unsere <strong>Tomme de brebis<\/strong>, Mit Ihrem Kauf unterst\u00fctzen Sie eine nachhaltige, lokale Landwirtschaft, die die Biodiversit\u00e4t respektiert. Jeder Kauf ist ein Schritt in Richtung einer ges\u00fcnderen Zukunft f\u00fcr Sie und unseren Planeten. In Banyuls sur Mer 66016 sind unsere Bio-Produkte die beste Alternative f\u00fcr diejenigen, die Qualit\u00e4t, Geschmack und Umweltfreundlichkeit suchen.<\/p>\n<h3><strong>Commandez d\u00e8s aujourd&rsquo;hui vos Tomme de brebis bio \u00e0 banyuls sur mer 66016 !<\/strong><\/h3>\n<p>Mit Bio des Alb\u00e8res haben Sie leichten Zugang zu einer breiten Palette von Lebensmitteln <strong>Tomme de brebis<\/strong> bio wo auch immer Sie in 66016 Banyuls sur Mer sind. St\u00f6bern Sie in unserem Online-Shop und entdecken Sie Produkte, die Ihre Werte und Anforderungen erf\u00fcllen.<\/p>\n<h3><strong>Schlussfolgerung: Ihr Bio-Partner in Banyuls sur Mer 66016<\/strong><\/h3>\n<p>Warten Sie nicht l\u00e4nger, um mit Hilfe von Bio des Alb\u00e8res eine gesunde Ern\u00e4hrung und einen gesunden Lebensstil anzunehmen. Ob Sie nun in Banyuls sur Mer 66016 oder in einer benachbarten Stadt wohnen, unser Online-Shop ist da, um Sie bei Ihrem Vorhaben zu unterst\u00fctzen. <a href=\"https:\/\/www.bio-des-alberes.fr\/de\/contact\/\"><strong>Kontaktieren Sie uns noch heute<\/strong><\/a> f\u00fcr Fragen oder Bestellungen.<\/p>","protected":false},"excerpt":{"rendered":"<p>Vous recherchez des Tomme de brebis de qualit\u00e9 sup\u00e9rieure \u00e0 banyuls sur mer 66016 ? Bio des Alb\u00e8res est l\u00e0 pour r\u00e9pondre \u00e0 toutes vos attentes. Situ\u00e9e au c\u0153ur des Pyr\u00e9n\u00e9es-Orientales, notre boutique en ligne propose une large gamme de produits bio et locaux, s\u00e9lectionn\u00e9s avec soin pour garantir fra\u00eecheur, go\u00fbt et respect de l\u2019environnement. [&hellip;]<\/p>\n","protected":false},"author":1,"featured_media":43,"comment_status":"closed","ping_status":"closed","sticky":false,"template":"","format":"standard","meta":{"_et_pb_use_builder":"","_et_pb_old_content":"","_et_gb_content_width":"","footnotes":""},"categories":[1],"tags":[],"class_list":["post-1033","post","type-post","status-publish","format-standard","has-post-thumbnail","hentry","category-au-bio-des-alberes"],"yoast_head":"<!-- This site is optimized with the Yoast SEO plugin v26.2 - https:\/\/yoast.com\/wordpress\/plugins\/seo\/ -->\n<title>Tomme de brebis bio \u00e0 banyuls sur mer 66016<\/title>\n<meta name=\"description\" content=\"D\u00e9couvrez une large gamme de Tomme de brebis bio \u00e0 banyuls sur mer 66016 avec Bio des Alb\u00e8res. Produits locaux, qualit\u00e9 sup\u00e9rieure et livraison rapide.\" \/>\n<meta name=\"robots\" content=\"index, follow, max-snippet:-1, max-image-preview:large, max-video-preview:-1\" \/>\n<link rel=\"canonical\" href=\"https:\/\/www.bio-des-alberes.fr\/de\/achetez-vos-tomme-de-brebis-bio-a-banyuls-sur-mer-66016-avec-bio-des-alberes\/\" \/>\n<meta property=\"og:locale\" content=\"de_DE\" \/>\n<meta property=\"og:type\" content=\"article\" \/>\n<meta property=\"og:title\" content=\"Tomme de brebis bio \u00e0 banyuls sur mer 66016\" \/>\n<meta property=\"og:description\" content=\"D\u00e9couvrez une large gamme de Tomme de brebis bio \u00e0 banyuls sur mer 66016 avec Bio des Alb\u00e8res. Produits locaux, qualit\u00e9 sup\u00e9rieure et livraison rapide.\" \/>\n<meta property=\"og:url\" content=\"https:\/\/www.bio-des-alberes.fr\/de\/achetez-vos-tomme-de-brebis-bio-a-banyuls-sur-mer-66016-avec-bio-des-alberes\/\" \/>\n<meta property=\"og:site_name\" content=\"Bio des Alb\u00e8res\" \/>\n<meta property=\"article:publisher\" content=\"https:\/\/www.facebook.com\/p\/Le-bio-des-Albres-61568067446958\/\" \/>\n<meta property=\"article:published_time\" content=\"2024-12-20T15:31:03+00:00\" \/>\n<meta property=\"og:image\" content=\"https:\/\/www.bio-des-alberes.fr\/wp-content\/uploads\/2024\/12\/11200010-scaled.jpg\" \/>\n\t<meta property=\"og:image:width\" content=\"2560\" \/>\n\t<meta property=\"og:image:height\" content=\"1707\" \/>\n\t<meta property=\"og:image:type\" content=\"image\/jpeg\" \/>\n<meta name=\"author\" content=\"biodesalberes\" \/>\n<meta name=\"twitter:card\" content=\"summary_large_image\" \/>\n<meta name=\"twitter:label1\" content=\"Geschrieben von\" \/>\n\t<meta name=\"twitter:data1\" content=\"biodesalberes\" \/>\n\t<meta name=\"twitter:label2\" content=\"Gesch\u00e4tzte Lesezeit\" \/>\n\t<meta name=\"twitter:data2\" content=\"2\u00a0Minuten\" \/>\n<script type=\"application\/ld+json\" class=\"yoast-schema-graph\">{\"@context\":\"https:\/\/schema.org\",\"@graph\":[{\"@type\":\"Article\",\"@id\":\"https:\/\/www.bio-des-alberes.fr\/achetez-vos-tomme-de-brebis-bio-a-banyuls-sur-mer-66016-avec-bio-des-alberes\/#article\",\"isPartOf\":{\"@id\":\"https:\/\/www.bio-des-alberes.fr\/achetez-vos-tomme-de-brebis-bio-a-banyuls-sur-mer-66016-avec-bio-des-alberes\/\"},\"author\":{\"name\":\"biodesalberes\",\"@id\":\"https:\/\/www.bio-des-alberes.fr\/#\/schema\/person\/b207a14ba23699a080c323ee040eca00\"},\"headline\":\"Achetez vos Tomme de brebis bio \u00e0 banyuls sur mer 66016 avec Bio des Alb\u00e8res\",\"datePublished\":\"2024-12-20T15:31:03+00:00\",\"mainEntityOfPage\":{\"@id\":\"https:\/\/www.bio-des-alberes.fr\/achetez-vos-tomme-de-brebis-bio-a-banyuls-sur-mer-66016-avec-bio-des-alberes\/\"},\"wordCount\":475,\"publisher\":{\"@id\":\"https:\/\/www.bio-des-alberes.fr\/#organization\"},\"image\":{\"@id\":\"https:\/\/www.bio-des-alberes.fr\/achetez-vos-tomme-de-brebis-bio-a-banyuls-sur-mer-66016-avec-bio-des-alberes\/#primaryimage\"},\"thumbnailUrl\":\"https:\/\/www.bio-des-alberes.fr\/wp-content\/uploads\/2024\/12\/11200010-scaled.jpg\",\"articleSection\":[\"Au Bio des Alb\u00e8res\"],\"inLanguage\":\"de\"},{\"@type\":\"WebPage\",\"@id\":\"https:\/\/www.bio-des-alberes.fr\/achetez-vos-tomme-de-brebis-bio-a-banyuls-sur-mer-66016-avec-bio-des-alberes\/\",\"url\":\"https:\/\/www.bio-des-alberes.fr\/achetez-vos-tomme-de-brebis-bio-a-banyuls-sur-mer-66016-avec-bio-des-alberes\/\",\"name\":\"Tomme de brebis bio \u00e0 banyuls sur mer 66016\",\"isPartOf\":{\"@id\":\"https:\/\/www.bio-des-alberes.fr\/#website\"},\"primaryImageOfPage\":{\"@id\":\"https:\/\/www.bio-des-alberes.fr\/achetez-vos-tomme-de-brebis-bio-a-banyuls-sur-mer-66016-avec-bio-des-alberes\/#primaryimage\"},\"image\":{\"@id\":\"https:\/\/www.bio-des-alberes.fr\/achetez-vos-tomme-de-brebis-bio-a-banyuls-sur-mer-66016-avec-bio-des-alberes\/#primaryimage\"},\"thumbnailUrl\":\"https:\/\/www.bio-des-alberes.fr\/wp-content\/uploads\/2024\/12\/11200010-scaled.jpg\",\"datePublished\":\"2024-12-20T15:31:03+00:00\",\"description\":\"D\u00e9couvrez une large gamme de Tomme de brebis bio \u00e0 banyuls sur mer 66016 avec Bio des Alb\u00e8res. Produits locaux, qualit\u00e9 sup\u00e9rieure et livraison rapide.\",\"breadcrumb\":{\"@id\":\"https:\/\/www.bio-des-alberes.fr\/achetez-vos-tomme-de-brebis-bio-a-banyuls-sur-mer-66016-avec-bio-des-alberes\/#breadcrumb\"},\"inLanguage\":\"de\",\"potentialAction\":[{\"@type\":\"ReadAction\",\"target\":[\"https:\/\/www.bio-des-alberes.fr\/achetez-vos-tomme-de-brebis-bio-a-banyuls-sur-mer-66016-avec-bio-des-alberes\/\"]}]},{\"@type\":\"ImageObject\",\"inLanguage\":\"de\",\"@id\":\"https:\/\/www.bio-des-alberes.fr\/achetez-vos-tomme-de-brebis-bio-a-banyuls-sur-mer-66016-avec-bio-des-alberes\/#primaryimage\",\"url\":\"https:\/\/www.bio-des-alberes.fr\/wp-content\/uploads\/2024\/12\/11200010-scaled.jpg\",\"contentUrl\":\"https:\/\/www.bio-des-alberes.fr\/wp-content\/uploads\/2024\/12\/11200010-scaled.jpg\",\"width\":2560,\"height\":1707,\"caption\":\"SAMSUNG CSC\"},{\"@type\":\"BreadcrumbList\",\"@id\":\"https:\/\/www.bio-des-alberes.fr\/achetez-vos-tomme-de-brebis-bio-a-banyuls-sur-mer-66016-avec-bio-des-alberes\/#breadcrumb\",\"itemListElement\":[{\"@type\":\"ListItem\",\"position\":1,\"name\":\"Accueil\",\"item\":\"https:\/\/www.bio-des-alberes.fr\/\"},{\"@type\":\"ListItem\",\"position\":2,\"name\":\"Achetez vos Tomme de brebis bio \u00e0 banyuls sur mer 66016 avec Bio des Alb\u00e8res\"}]},{\"@type\":\"WebSite\",\"@id\":\"https:\/\/www.bio-des-alberes.fr\/#website\",\"url\":\"https:\/\/www.bio-des-alberes.fr\/\",\"name\":\"Bio 66 - Magasin bio des Alberes\",\"description\":\"Fruits et l&eacute;gumes bio, produits locaux, &eacute;picerie fine\",\"publisher\":{\"@id\":\"https:\/\/www.bio-des-alberes.fr\/#organization\"},\"potentialAction\":[{\"@type\":\"SearchAction\",\"target\":{\"@type\":\"EntryPoint\",\"urlTemplate\":\"https:\/\/www.bio-des-alberes.fr\/?s={search_term_string}\"},\"query-input\":{\"@type\":\"PropertyValueSpecification\",\"valueRequired\":true,\"valueName\":\"search_term_string\"}}],\"inLanguage\":\"de\"},{\"@type\":\"Organization\",\"@id\":\"https:\/\/www.bio-des-alberes.fr\/#organization\",\"name\":\"Bio des Alb\u00e8res\",\"url\":\"https:\/\/www.bio-des-alberes.fr\/\",\"logo\":{\"@type\":\"ImageObject\",\"inLanguage\":\"de\",\"@id\":\"https:\/\/www.bio-des-alberes.fr\/#\/schema\/logo\/image\/\",\"url\":\"https:\/\/www.bio-des-alberes.fr\/wp-content\/uploads\/2024\/12\/bio-des-alberes-logo2.png\",\"contentUrl\":\"https:\/\/www.bio-des-alberes.fr\/wp-content\/uploads\/2024\/12\/bio-des-alberes-logo2.png\",\"width\":803,\"height\":466,\"caption\":\"Bio des Alb\u00e8res\"},\"image\":{\"@id\":\"https:\/\/www.bio-des-alberes.fr\/#\/schema\/logo\/image\/\"},\"sameAs\":[\"https:\/\/www.facebook.com\/p\/Le-bio-des-Albres-61568067446958\/\"]},{\"@type\":\"Person\",\"@id\":\"https:\/\/www.bio-des-alberes.fr\/#\/schema\/person\/b207a14ba23699a080c323ee040eca00\",\"name\":\"biodesalberes\",\"image\":{\"@type\":\"ImageObject\",\"inLanguage\":\"de\",\"@id\":\"https:\/\/www.bio-des-alberes.fr\/#\/schema\/person\/image\/\",\"url\":\"https:\/\/secure.gravatar.com\/avatar\/6039bbfc6c375e9adfea50b5dfc6bb7c8c601a03cbf0f44a5db56f0a0eead0b8?s=96&d=mm&r=g\",\"contentUrl\":\"https:\/\/secure.gravatar.com\/avatar\/6039bbfc6c375e9adfea50b5dfc6bb7c8c601a03cbf0f44a5db56f0a0eead0b8?s=96&d=mm&r=g\",\"caption\":\"biodesalberes\"},\"sameAs\":[\"https:\/\/www.bio-des-alberes.fr\"],\"url\":\"https:\/\/www.bio-des-alberes.fr\/de\/author\/biodesalberes\/\"}]}<\/script>\n<!-- \/ Yoast SEO plugin. -->","yoast_head_json":{"title":"Tomme de brebis bio \u00e0 banyuls sur mer 66016","description":"D\u00e9couvrez une large gamme de Tomme de brebis bio \u00e0 banyuls sur mer 66016 avec Bio des Alb\u00e8res. Produits locaux, qualit\u00e9 sup\u00e9rieure et livraison rapide.","robots":{"index":"index","follow":"follow","max-snippet":"max-snippet:-1","max-image-preview":"max-image-preview:large","max-video-preview":"max-video-preview:-1"},"canonical":"https:\/\/www.bio-des-alberes.fr\/de\/achetez-vos-tomme-de-brebis-bio-a-banyuls-sur-mer-66016-avec-bio-des-alberes\/","og_locale":"de_DE","og_type":"article","og_title":"Tomme de brebis bio \u00e0 banyuls sur mer 66016","og_description":"D\u00e9couvrez une large gamme de Tomme de brebis bio \u00e0 banyuls sur mer 66016 avec Bio des Alb\u00e8res. Produits locaux, qualit\u00e9 sup\u00e9rieure et livraison rapide.","og_url":"https:\/\/www.bio-des-alberes.fr\/de\/achetez-vos-tomme-de-brebis-bio-a-banyuls-sur-mer-66016-avec-bio-des-alberes\/","og_site_name":"Bio des Alb\u00e8res","article_publisher":"https:\/\/www.facebook.com\/p\/Le-bio-des-Albres-61568067446958\/","article_published_time":"2024-12-20T15:31:03+00:00","og_image":[{"width":2560,"height":1707,"url":"https:\/\/www.bio-des-alberes.fr\/wp-content\/uploads\/2024\/12\/11200010-scaled.jpg","type":"image\/jpeg"}],"author":"biodesalberes","twitter_card":"summary_large_image","twitter_misc":{"Geschrieben von":"biodesalberes","Gesch\u00e4tzte Lesezeit":"2\u00a0Minuten"},"schema":{"@context":"https:\/\/schema.org","@graph":[{"@type":"Article","@id":"https:\/\/www.bio-des-alberes.fr\/achetez-vos-tomme-de-brebis-bio-a-banyuls-sur-mer-66016-avec-bio-des-alberes\/#article","isPartOf":{"@id":"https:\/\/www.bio-des-alberes.fr\/achetez-vos-tomme-de-brebis-bio-a-banyuls-sur-mer-66016-avec-bio-des-alberes\/"},"author":{"name":"biodesalberes","@id":"https:\/\/www.bio-des-alberes.fr\/#\/schema\/person\/b207a14ba23699a080c323ee040eca00"},"headline":"Achetez vos Tomme de brebis bio \u00e0 banyuls sur mer 66016 avec Bio des Alb\u00e8res","datePublished":"2024-12-20T15:31:03+00:00","mainEntityOfPage":{"@id":"https:\/\/www.bio-des-alberes.fr\/achetez-vos-tomme-de-brebis-bio-a-banyuls-sur-mer-66016-avec-bio-des-alberes\/"},"wordCount":475,"publisher":{"@id":"https:\/\/www.bio-des-alberes.fr\/#organization"},"image":{"@id":"https:\/\/www.bio-des-alberes.fr\/achetez-vos-tomme-de-brebis-bio-a-banyuls-sur-mer-66016-avec-bio-des-alberes\/#primaryimage"},"thumbnailUrl":"https:\/\/www.bio-des-alberes.fr\/wp-content\/uploads\/2024\/12\/11200010-scaled.jpg","articleSection":["Au Bio des Alb\u00e8res"],"inLanguage":"de"},{"@type":"WebPage","@id":"https:\/\/www.bio-des-alberes.fr\/achetez-vos-tomme-de-brebis-bio-a-banyuls-sur-mer-66016-avec-bio-des-alberes\/","url":"https:\/\/www.bio-des-alberes.fr\/achetez-vos-tomme-de-brebis-bio-a-banyuls-sur-mer-66016-avec-bio-des-alberes\/","name":"Tomme de brebis bio \u00e0 banyuls sur mer 66016","isPartOf":{"@id":"https:\/\/www.bio-des-alberes.fr\/#website"},"primaryImageOfPage":{"@id":"https:\/\/www.bio-des-alberes.fr\/achetez-vos-tomme-de-brebis-bio-a-banyuls-sur-mer-66016-avec-bio-des-alberes\/#primaryimage"},"image":{"@id":"https:\/\/www.bio-des-alberes.fr\/achetez-vos-tomme-de-brebis-bio-a-banyuls-sur-mer-66016-avec-bio-des-alberes\/#primaryimage"},"thumbnailUrl":"https:\/\/www.bio-des-alberes.fr\/wp-content\/uploads\/2024\/12\/11200010-scaled.jpg","datePublished":"2024-12-20T15:31:03+00:00","description":"D\u00e9couvrez une large gamme de Tomme de brebis bio \u00e0 banyuls sur mer 66016 avec Bio des Alb\u00e8res. Produits locaux, qualit\u00e9 sup\u00e9rieure et livraison rapide.","breadcrumb":{"@id":"https:\/\/www.bio-des-alberes.fr\/achetez-vos-tomme-de-brebis-bio-a-banyuls-sur-mer-66016-avec-bio-des-alberes\/#breadcrumb"},"inLanguage":"de","potentialAction":[{"@type":"ReadAction","target":["https:\/\/www.bio-des-alberes.fr\/achetez-vos-tomme-de-brebis-bio-a-banyuls-sur-mer-66016-avec-bio-des-alberes\/"]}]},{"@type":"ImageObject","inLanguage":"de","@id":"https:\/\/www.bio-des-alberes.fr\/achetez-vos-tomme-de-brebis-bio-a-banyuls-sur-mer-66016-avec-bio-des-alberes\/#primaryimage","url":"https:\/\/www.bio-des-alberes.fr\/wp-content\/uploads\/2024\/12\/11200010-scaled.jpg","contentUrl":"https:\/\/www.bio-des-alberes.fr\/wp-content\/uploads\/2024\/12\/11200010-scaled.jpg","width":2560,"height":1707,"caption":"SAMSUNG CSC"},{"@type":"BreadcrumbList","@id":"https:\/\/www.bio-des-alberes.fr\/achetez-vos-tomme-de-brebis-bio-a-banyuls-sur-mer-66016-avec-bio-des-alberes\/#breadcrumb","itemListElement":[{"@type":"ListItem","position":1,"name":"Accueil","item":"https:\/\/www.bio-des-alberes.fr\/"},{"@type":"ListItem","position":2,"name":"Achetez vos Tomme de brebis bio \u00e0 banyuls sur mer 66016 avec Bio des Alb\u00e8res"}]},{"@type":"WebSite","@id":"https:\/\/www.bio-des-alberes.fr\/#website","url":"https:\/\/www.bio-des-alberes.fr\/","name":"Bio 66 - Magasin bio des Alberes","description":"Fruits et l&eacute;gumes bio, produits locaux, &eacute;picerie fine","publisher":{"@id":"https:\/\/www.bio-des-alberes.fr\/#organization"},"potentialAction":[{"@type":"SearchAction","target":{"@type":"EntryPoint","urlTemplate":"https:\/\/www.bio-des-alberes.fr\/?s={search_term_string}"},"query-input":{"@type":"PropertyValueSpecification","valueRequired":true,"valueName":"search_term_string"}}],"inLanguage":"de"},{"@type":"Organization","@id":"https:\/\/www.bio-des-alberes.fr\/#organization","name":"Bio des Alb\u00e8res","url":"https:\/\/www.bio-des-alberes.fr\/","logo":{"@type":"ImageObject","inLanguage":"de","@id":"https:\/\/www.bio-des-alberes.fr\/#\/schema\/logo\/image\/","url":"https:\/\/www.bio-des-alberes.fr\/wp-content\/uploads\/2024\/12\/bio-des-alberes-logo2.png","contentUrl":"https:\/\/www.bio-des-alberes.fr\/wp-content\/uploads\/2024\/12\/bio-des-alberes-logo2.png","width":803,"height":466,"caption":"Bio des Alb\u00e8res"},"image":{"@id":"https:\/\/www.bio-des-alberes.fr\/#\/schema\/logo\/image\/"},"sameAs":["https:\/\/www.facebook.com\/p\/Le-bio-des-Albres-61568067446958\/"]},{"@type":"Person","@id":"https:\/\/www.bio-des-alberes.fr\/#\/schema\/person\/b207a14ba23699a080c323ee040eca00","name":"biodesalberes","image":{"@type":"ImageObject","inLanguage":"de","@id":"https:\/\/www.bio-des-alberes.fr\/#\/schema\/person\/image\/","url":"https:\/\/secure.gravatar.com\/avatar\/6039bbfc6c375e9adfea50b5dfc6bb7c8c601a03cbf0f44a5db56f0a0eead0b8?s=96&d=mm&r=g","contentUrl":"https:\/\/secure.gravatar.com\/avatar\/6039bbfc6c375e9adfea50b5dfc6bb7c8c601a03cbf0f44a5db56f0a0eead0b8?s=96&d=mm&r=g","caption":"biodesalberes"},"sameAs":["https:\/\/www.bio-des-alberes.fr"],"url":"https:\/\/www.bio-des-alberes.fr\/de\/author\/biodesalberes\/"}]}},"_links":{"self":[{"href":"https:\/\/www.bio-des-alberes.fr\/de\/wp-json\/wp\/v2\/posts\/1033","targetHints":{"allow":["GET"]}}],"collection":[{"href":"https:\/\/www.bio-des-alberes.fr\/de\/wp-json\/wp\/v2\/posts"}],"about":[{"href":"https:\/\/www.bio-des-alberes.fr\/de\/wp-json\/wp\/v2\/types\/post"}],"author":[{"embeddable":true,"href":"https:\/\/www.bio-des-alberes.fr\/de\/wp-json\/wp\/v2\/users\/1"}],"replies":[{"embeddable":true,"href":"https:\/\/www.bio-des-alberes.fr\/de\/wp-json\/wp\/v2\/comments?post=1033"}],"version-history":[{"count":0,"href":"https:\/\/www.bio-des-alberes.fr\/de\/wp-json\/wp\/v2\/posts\/1033\/revisions"}],"wp:featuredmedia":[{"embeddable":true,"href":"https:\/\/www.bio-des-alberes.fr\/de\/wp-json\/wp\/v2\/media\/43"}],"wp:attachment":[{"href":"https:\/\/www.bio-des-alberes.fr\/de\/wp-json\/wp\/v2\/media?parent=1033"}],"wp:term":[{"taxonomy":"category","embeddable":true,"href":"https:\/\/www.bio-des-alberes.fr\/de\/wp-json\/wp\/v2\/categories?post=1033"},{"taxonomy":"post_tag","embeddable":true,"href":"https:\/\/www.bio-des-alberes.fr\/de\/wp-json\/wp\/v2\/tags?post=1033"}],"curies":[{"name":"wp","href":"https:\/\/api.w.org\/{rel}","templated":true}]}}