{"id":1205,"date":"2025-01-28T12:53:21","date_gmt":"2025-01-28T12:53:21","guid":{"rendered":"https:\/\/www.bio-des-alberes.fr\/produits-biologiques-a-argeles-avec-bio-des-alberes\/"},"modified":"2025-01-28T12:53:21","modified_gmt":"2025-01-28T12:53:21","slug":"produits-biologiques-a-argeles-avec-bio-des-alberes","status":"publish","type":"post","link":"https:\/\/www.bio-des-alberes.fr\/de\/produits-biologiques-a-argeles-avec-bio-des-alberes\/","title":{"rendered":"Biologische Produkte in argel\u00e8s bei Bio des Alb\u00e8res"},"content":{"rendered":"<p>Sie suchen nach <strong>Produits biologiques de qualit\u00e9 sup\u00e9rieure \u00e0 argel\u00e8s<\/strong> ? Bio des Alb\u00e8res ist da, um all Ihre Erwartungen zu erf\u00fcllen. Unser Online-Shop befindet sich im Herzen der Pyr\u00e9n\u00e9es-Orientales und bietet eine gro\u00dfe Auswahl an biologischen und lokalen Produkten, die sorgf\u00e4ltig ausgew\u00e4hlt wurden, um Frische, Geschmack und Umweltfreundlichkeit zu gew\u00e4hrleisten.<\/p>\n<h3><strong>Produits biologiques pour un mode de vie sain \u00e0 argel\u00e8s<\/strong><\/h3>\n<p>Bei Bio des Alb\u00e8res glauben wir fest an die Kraft von Bio-Produkten zur Verbesserung der Gesundheit und zum Schutz unseres Planeten. Ob Sie in Argel\u00e8s oder in der Umgebung wohnen, wir bieten Ihnen eine vielf\u00e4ltige Auswahl an <strong>Bio-Produkte<\/strong>\u00a0f\u00fcr alle Ihre Bed\u00fcrfnisse :<\/p>\n<ul>\n<li>Weitere Informationen finden Sie unter <strong>Bio-Obst und -Gem\u00fcse<\/strong> frisch geerntet.<\/li>\n<li>Eine <strong>Bio-Lebensmittelgesch\u00e4ft<\/strong> gut mit Grundnahrungsmitteln best\u00fcckt.<\/li>\n<li>Weitere Informationen finden Sie unter <strong>lokale Produkte<\/strong> von den besten Produzenten aus der Region Argel\u00e8s.<\/li>\n<\/ul>\n<h3><strong>Pourquoi choisir Bio des Alb\u00e8res pour vos Produits biologiques \u00e0 argel\u00e8s ?<\/strong><\/h3>\n<p>Wir verpflichten uns zu :<\/p>\n<ol>\n<li><strong>Zertifizierte Bio-Produkte<\/strong> Jedes angebotene Produkt wird streng ausgew\u00e4hlt.<\/li>\n<li><strong>Faire Preise<\/strong> Wir arbeiten direkt mit den lokalen Produzenten zusammen, um wettbewerbsf\u00e4hige Preise zu gew\u00e4hrleisten.<\/li>\n<li><strong>Eine einwandfreie Kundenerfahrung<\/strong> Unsere Teams stehen Ihnen zur Verf\u00fcgung, um alle Ihre Fragen zu beantworten. <strong>Biologische Produkte<\/strong> die wir in Argel\u00e8s anbieten.<\/li>\n<\/ol>\n<h3><strong>Unsere Bestseller in argel\u00e8s verf\u00fcgbar :<\/strong><\/h3>\n<p>Die Einwohner von <strong>argel\u00e8s<\/strong> lieben unsere :<\/p>\n<ul>\n<li><strong>Bio-K\u00f6rbe<\/strong> Die Mahlzeiten werden aus saisonalen Produkten zusammengestellt.<\/li>\n<li><strong>Nat\u00fcrliche Kosmetika<\/strong> Die Pflege: f\u00fcr eine sanfte Pflege.<\/li>\n<li><strong>Glutenfreie und vegane Produkte<\/strong> Die meisten dieser Produkte sind f\u00fcr alle Di\u00e4ten geeignet.<\/li>\n<\/ul>\n<h3><strong>Besser konsumieren, besser leben in Argel\u00e8s<\/strong><\/h3>\n<p>Wenn Sie sich f\u00fcr unsere <strong>Biologische Produkte<\/strong>, Mit Ihrem Kauf unterst\u00fctzen Sie eine nachhaltige, lokale Landwirtschaft, die die Biodiversit\u00e4t respektiert. Jeder Kauf ist ein Schritt in Richtung einer ges\u00fcnderen Zukunft f\u00fcr Sie und unseren Planeten. In Argel\u00e8s sind unsere Bio-Produkte die beste Alternative f\u00fcr diejenigen, die Qualit\u00e4t, Geschmack und Umweltfreundlichkeit suchen.<\/p>\n<h3><strong>Commandez d\u00e8s aujourd&rsquo;hui vos Produits biologiques bio \u00e0 argel\u00e8s !<\/strong><\/h3>\n<p>Mit Bio des Alb\u00e8res haben Sie leichten Zugang zu einer breiten Palette von Lebensmitteln <strong>Biologische Produkte<\/strong>\u00a0wo auch immer Sie sich in Argel\u00e8s befinden. St\u00f6bern Sie in unserem Online-Shop und entdecken Sie Produkte, die Ihre Werte und Anforderungen erf\u00fcllen.<\/p>\n<h3><strong>Fazit: Ihr Bio-Partner in argel\u00e8s<\/strong><\/h3>\n<p>Warten Sie nicht l\u00e4nger, um mit Bio des Alb\u00e8res eine gesunde Ern\u00e4hrung und einen gesunden Lebensstil anzunehmen. Ob Sie nun in Argel\u00e8s oder in einer Nachbarstadt wohnen, unser Online-Shop ist da, um Sie auf Ihrem Weg zu begleiten. <a href=\"https:\/\/www.bio-des-alberes.fr\/de\/contact\/\"><strong>Kontaktieren Sie uns noch heute<\/strong><\/a> f\u00fcr Fragen oder Bestellungen.<\/p>","protected":false},"excerpt":{"rendered":"<p>Vous recherchez des Produits biologiques de qualit\u00e9 sup\u00e9rieure \u00e0 argel\u00e8s ? Bio des Alb\u00e8res est l\u00e0 pour r\u00e9pondre \u00e0 toutes vos attentes. Situ\u00e9e au c\u0153ur des Pyr\u00e9n\u00e9es-Orientales, notre boutique en ligne propose une large gamme de produits bios et locaux, s\u00e9lectionn\u00e9s avec soin pour garantir fra\u00eecheur, go\u00fbt et respect de l\u2019environnement. Produits biologiques pour un [&hellip;]<\/p>\n","protected":false},"author":1,"featured_media":75,"comment_status":"closed","ping_status":"closed","sticky":false,"template":"","format":"standard","meta":{"_et_pb_use_builder":"","_et_pb_old_content":"","_et_gb_content_width":"","footnotes":""},"categories":[1],"tags":[],"class_list":["post-1205","post","type-post","status-publish","format-standard","has-post-thumbnail","hentry","category-au-bio-des-alberes"],"yoast_head":"<!-- This site is optimized with the Yoast SEO plugin v26.2 - https:\/\/yoast.com\/wordpress\/plugins\/seo\/ -->\n<title>Produits biologiques bio \u00e0 argeles<\/title>\n<meta name=\"description\" content=\"D\u00e9couvrez une large gamme de Produits biologiques bio \u00e0 argeles avec Bio des Alb\u00e8res. Produits locaux, qualit\u00e9 sup\u00e9rieure et livraison rapide.\" \/>\n<meta name=\"robots\" content=\"index, follow, max-snippet:-1, max-image-preview:large, max-video-preview:-1\" \/>\n<link rel=\"canonical\" href=\"https:\/\/www.bio-des-alberes.fr\/de\/produits-biologiques-a-argeles-avec-bio-des-alberes\/\" \/>\n<meta property=\"og:locale\" content=\"de_DE\" \/>\n<meta property=\"og:type\" content=\"article\" \/>\n<meta property=\"og:title\" content=\"Produits biologiques bio \u00e0 argeles\" \/>\n<meta property=\"og:description\" content=\"D\u00e9couvrez une large gamme de Produits biologiques bio \u00e0 argeles avec Bio des Alb\u00e8res. Produits locaux, qualit\u00e9 sup\u00e9rieure et livraison rapide.\" \/>\n<meta property=\"og:url\" content=\"https:\/\/www.bio-des-alberes.fr\/de\/produits-biologiques-a-argeles-avec-bio-des-alberes\/\" \/>\n<meta property=\"og:site_name\" content=\"Bio des Alb\u00e8res\" \/>\n<meta property=\"article:publisher\" content=\"https:\/\/www.facebook.com\/p\/Le-bio-des-Albres-61568067446958\/\" \/>\n<meta property=\"article:published_time\" content=\"2025-01-28T12:53:21+00:00\" \/>\n<meta property=\"og:image\" content=\"https:\/\/www.bio-des-alberes.fr\/wp-content\/uploads\/2024\/12\/food-co-op-illustration-09.png\" \/>\n\t<meta property=\"og:image:width\" content=\"1610\" \/>\n\t<meta property=\"og:image:height\" content=\"600\" \/>\n\t<meta property=\"og:image:type\" content=\"image\/png\" \/>\n<meta name=\"author\" content=\"biodesalberes\" \/>\n<meta name=\"twitter:card\" content=\"summary_large_image\" \/>\n<meta name=\"twitter:label1\" content=\"Geschrieben von\" \/>\n\t<meta name=\"twitter:data1\" content=\"biodesalberes\" \/>\n\t<meta name=\"twitter:label2\" content=\"Gesch\u00e4tzte Lesezeit\" \/>\n\t<meta name=\"twitter:data2\" content=\"2\u00a0Minuten\" \/>\n<script type=\"application\/ld+json\" class=\"yoast-schema-graph\">{\"@context\":\"https:\/\/schema.org\",\"@graph\":[{\"@type\":\"Article\",\"@id\":\"https:\/\/www.bio-des-alberes.fr\/produits-biologiques-a-argeles-avec-bio-des-alberes\/#article\",\"isPartOf\":{\"@id\":\"https:\/\/www.bio-des-alberes.fr\/produits-biologiques-a-argeles-avec-bio-des-alberes\/\"},\"author\":{\"name\":\"biodesalberes\",\"@id\":\"https:\/\/www.bio-des-alberes.fr\/#\/schema\/person\/b207a14ba23699a080c323ee040eca00\"},\"headline\":\"Produits biologiques \u00e0 argel\u00e8s avec Bio des Alb\u00e8res\",\"datePublished\":\"2025-01-28T12:53:21+00:00\",\"mainEntityOfPage\":{\"@id\":\"https:\/\/www.bio-des-alberes.fr\/produits-biologiques-a-argeles-avec-bio-des-alberes\/\"},\"wordCount\":445,\"publisher\":{\"@id\":\"https:\/\/www.bio-des-alberes.fr\/#organization\"},\"image\":{\"@id\":\"https:\/\/www.bio-des-alberes.fr\/produits-biologiques-a-argeles-avec-bio-des-alberes\/#primaryimage\"},\"thumbnailUrl\":\"https:\/\/www.bio-des-alberes.fr\/wp-content\/uploads\/2024\/12\/degustation-bio-des-alberes-fromage-local-scaled.jpg\",\"articleSection\":[\"Au Bio des Alb\u00e8res\"],\"inLanguage\":\"de\"},{\"@type\":\"WebPage\",\"@id\":\"https:\/\/www.bio-des-alberes.fr\/produits-biologiques-a-argeles-avec-bio-des-alberes\/\",\"url\":\"https:\/\/www.bio-des-alberes.fr\/produits-biologiques-a-argeles-avec-bio-des-alberes\/\",\"name\":\"Produits biologiques bio \u00e0 argeles\",\"isPartOf\":{\"@id\":\"https:\/\/www.bio-des-alberes.fr\/#website\"},\"primaryImageOfPage\":{\"@id\":\"https:\/\/www.bio-des-alberes.fr\/produits-biologiques-a-argeles-avec-bio-des-alberes\/#primaryimage\"},\"image\":{\"@id\":\"https:\/\/www.bio-des-alberes.fr\/produits-biologiques-a-argeles-avec-bio-des-alberes\/#primaryimage\"},\"thumbnailUrl\":\"https:\/\/www.bio-des-alberes.fr\/wp-content\/uploads\/2024\/12\/degustation-bio-des-alberes-fromage-local-scaled.jpg\",\"datePublished\":\"2025-01-28T12:53:21+00:00\",\"description\":\"D\u00e9couvrez une large gamme de Produits biologiques bio \u00e0 argeles avec Bio des Alb\u00e8res. Produits locaux, qualit\u00e9 sup\u00e9rieure et livraison rapide.\",\"breadcrumb\":{\"@id\":\"https:\/\/www.bio-des-alberes.fr\/produits-biologiques-a-argeles-avec-bio-des-alberes\/#breadcrumb\"},\"inLanguage\":\"de\",\"potentialAction\":[{\"@type\":\"ReadAction\",\"target\":[\"https:\/\/www.bio-des-alberes.fr\/produits-biologiques-a-argeles-avec-bio-des-alberes\/\"]}]},{\"@type\":\"ImageObject\",\"inLanguage\":\"de\",\"@id\":\"https:\/\/www.bio-des-alberes.fr\/produits-biologiques-a-argeles-avec-bio-des-alberes\/#primaryimage\",\"url\":\"https:\/\/www.bio-des-alberes.fr\/wp-content\/uploads\/2024\/12\/degustation-bio-des-alberes-fromage-local-scaled.jpg\",\"contentUrl\":\"https:\/\/www.bio-des-alberes.fr\/wp-content\/uploads\/2024\/12\/degustation-bio-des-alberes-fromage-local-scaled.jpg\",\"width\":2560,\"height\":1707,\"caption\":\"SAMSUNG CSC\"},{\"@type\":\"BreadcrumbList\",\"@id\":\"https:\/\/www.bio-des-alberes.fr\/produits-biologiques-a-argeles-avec-bio-des-alberes\/#breadcrumb\",\"itemListElement\":[{\"@type\":\"ListItem\",\"position\":1,\"name\":\"Accueil\",\"item\":\"https:\/\/www.bio-des-alberes.fr\/\"},{\"@type\":\"ListItem\",\"position\":2,\"name\":\"Produits biologiques \u00e0 argel\u00e8s avec Bio des Alb\u00e8res\"}]},{\"@type\":\"WebSite\",\"@id\":\"https:\/\/www.bio-des-alberes.fr\/#website\",\"url\":\"https:\/\/www.bio-des-alberes.fr\/\",\"name\":\"Bio 66 - Magasin bio des Alberes\",\"description\":\"Fruits et l&eacute;gumes bio, produits locaux, &eacute;picerie fine\",\"publisher\":{\"@id\":\"https:\/\/www.bio-des-alberes.fr\/#organization\"},\"potentialAction\":[{\"@type\":\"SearchAction\",\"target\":{\"@type\":\"EntryPoint\",\"urlTemplate\":\"https:\/\/www.bio-des-alberes.fr\/?s={search_term_string}\"},\"query-input\":{\"@type\":\"PropertyValueSpecification\",\"valueRequired\":true,\"valueName\":\"search_term_string\"}}],\"inLanguage\":\"de\"},{\"@type\":\"Organization\",\"@id\":\"https:\/\/www.bio-des-alberes.fr\/#organization\",\"name\":\"Bio des Alb\u00e8res\",\"url\":\"https:\/\/www.bio-des-alberes.fr\/\",\"logo\":{\"@type\":\"ImageObject\",\"inLanguage\":\"de\",\"@id\":\"https:\/\/www.bio-des-alberes.fr\/#\/schema\/logo\/image\/\",\"url\":\"https:\/\/www.bio-des-alberes.fr\/wp-content\/uploads\/2024\/12\/bio-des-alberes-logo2.png\",\"contentUrl\":\"https:\/\/www.bio-des-alberes.fr\/wp-content\/uploads\/2024\/12\/bio-des-alberes-logo2.png\",\"width\":803,\"height\":466,\"caption\":\"Bio des Alb\u00e8res\"},\"image\":{\"@id\":\"https:\/\/www.bio-des-alberes.fr\/#\/schema\/logo\/image\/\"},\"sameAs\":[\"https:\/\/www.facebook.com\/p\/Le-bio-des-Albres-61568067446958\/\"]},{\"@type\":\"Person\",\"@id\":\"https:\/\/www.bio-des-alberes.fr\/#\/schema\/person\/b207a14ba23699a080c323ee040eca00\",\"name\":\"biodesalberes\",\"image\":{\"@type\":\"ImageObject\",\"inLanguage\":\"de\",\"@id\":\"https:\/\/www.bio-des-alberes.fr\/#\/schema\/person\/image\/\",\"url\":\"https:\/\/secure.gravatar.com\/avatar\/6039bbfc6c375e9adfea50b5dfc6bb7c8c601a03cbf0f44a5db56f0a0eead0b8?s=96&d=mm&r=g\",\"contentUrl\":\"https:\/\/secure.gravatar.com\/avatar\/6039bbfc6c375e9adfea50b5dfc6bb7c8c601a03cbf0f44a5db56f0a0eead0b8?s=96&d=mm&r=g\",\"caption\":\"biodesalberes\"},\"sameAs\":[\"https:\/\/www.bio-des-alberes.fr\"],\"url\":\"https:\/\/www.bio-des-alberes.fr\/de\/author\/biodesalberes\/\"}]}<\/script>\n<!-- \/ Yoast SEO plugin. -->","yoast_head_json":{"title":"Produits biologiques bio \u00e0 argeles","description":"D\u00e9couvrez une large gamme de Produits biologiques bio \u00e0 argeles avec Bio des Alb\u00e8res. Produits locaux, qualit\u00e9 sup\u00e9rieure et livraison rapide.","robots":{"index":"index","follow":"follow","max-snippet":"max-snippet:-1","max-image-preview":"max-image-preview:large","max-video-preview":"max-video-preview:-1"},"canonical":"https:\/\/www.bio-des-alberes.fr\/de\/produits-biologiques-a-argeles-avec-bio-des-alberes\/","og_locale":"de_DE","og_type":"article","og_title":"Produits biologiques bio \u00e0 argeles","og_description":"D\u00e9couvrez une large gamme de Produits biologiques bio \u00e0 argeles avec Bio des Alb\u00e8res. Produits locaux, qualit\u00e9 sup\u00e9rieure et livraison rapide.","og_url":"https:\/\/www.bio-des-alberes.fr\/de\/produits-biologiques-a-argeles-avec-bio-des-alberes\/","og_site_name":"Bio des Alb\u00e8res","article_publisher":"https:\/\/www.facebook.com\/p\/Le-bio-des-Albres-61568067446958\/","article_published_time":"2025-01-28T12:53:21+00:00","og_image":[{"width":1610,"height":600,"url":"https:\/\/www.bio-des-alberes.fr\/wp-content\/uploads\/2024\/12\/food-co-op-illustration-09.png","type":"image\/png"}],"author":"biodesalberes","twitter_card":"summary_large_image","twitter_misc":{"Geschrieben von":"biodesalberes","Gesch\u00e4tzte Lesezeit":"2\u00a0Minuten"},"schema":{"@context":"https:\/\/schema.org","@graph":[{"@type":"Article","@id":"https:\/\/www.bio-des-alberes.fr\/produits-biologiques-a-argeles-avec-bio-des-alberes\/#article","isPartOf":{"@id":"https:\/\/www.bio-des-alberes.fr\/produits-biologiques-a-argeles-avec-bio-des-alberes\/"},"author":{"name":"biodesalberes","@id":"https:\/\/www.bio-des-alberes.fr\/#\/schema\/person\/b207a14ba23699a080c323ee040eca00"},"headline":"Produits biologiques \u00e0 argel\u00e8s avec Bio des Alb\u00e8res","datePublished":"2025-01-28T12:53:21+00:00","mainEntityOfPage":{"@id":"https:\/\/www.bio-des-alberes.fr\/produits-biologiques-a-argeles-avec-bio-des-alberes\/"},"wordCount":445,"publisher":{"@id":"https:\/\/www.bio-des-alberes.fr\/#organization"},"image":{"@id":"https:\/\/www.bio-des-alberes.fr\/produits-biologiques-a-argeles-avec-bio-des-alberes\/#primaryimage"},"thumbnailUrl":"https:\/\/www.bio-des-alberes.fr\/wp-content\/uploads\/2024\/12\/degustation-bio-des-alberes-fromage-local-scaled.jpg","articleSection":["Au Bio des Alb\u00e8res"],"inLanguage":"de"},{"@type":"WebPage","@id":"https:\/\/www.bio-des-alberes.fr\/produits-biologiques-a-argeles-avec-bio-des-alberes\/","url":"https:\/\/www.bio-des-alberes.fr\/produits-biologiques-a-argeles-avec-bio-des-alberes\/","name":"Produits biologiques bio \u00e0 argeles","isPartOf":{"@id":"https:\/\/www.bio-des-alberes.fr\/#website"},"primaryImageOfPage":{"@id":"https:\/\/www.bio-des-alberes.fr\/produits-biologiques-a-argeles-avec-bio-des-alberes\/#primaryimage"},"image":{"@id":"https:\/\/www.bio-des-alberes.fr\/produits-biologiques-a-argeles-avec-bio-des-alberes\/#primaryimage"},"thumbnailUrl":"https:\/\/www.bio-des-alberes.fr\/wp-content\/uploads\/2024\/12\/degustation-bio-des-alberes-fromage-local-scaled.jpg","datePublished":"2025-01-28T12:53:21+00:00","description":"D\u00e9couvrez une large gamme de Produits biologiques bio \u00e0 argeles avec Bio des Alb\u00e8res. Produits locaux, qualit\u00e9 sup\u00e9rieure et livraison rapide.","breadcrumb":{"@id":"https:\/\/www.bio-des-alberes.fr\/produits-biologiques-a-argeles-avec-bio-des-alberes\/#breadcrumb"},"inLanguage":"de","potentialAction":[{"@type":"ReadAction","target":["https:\/\/www.bio-des-alberes.fr\/produits-biologiques-a-argeles-avec-bio-des-alberes\/"]}]},{"@type":"ImageObject","inLanguage":"de","@id":"https:\/\/www.bio-des-alberes.fr\/produits-biologiques-a-argeles-avec-bio-des-alberes\/#primaryimage","url":"https:\/\/www.bio-des-alberes.fr\/wp-content\/uploads\/2024\/12\/degustation-bio-des-alberes-fromage-local-scaled.jpg","contentUrl":"https:\/\/www.bio-des-alberes.fr\/wp-content\/uploads\/2024\/12\/degustation-bio-des-alberes-fromage-local-scaled.jpg","width":2560,"height":1707,"caption":"SAMSUNG CSC"},{"@type":"BreadcrumbList","@id":"https:\/\/www.bio-des-alberes.fr\/produits-biologiques-a-argeles-avec-bio-des-alberes\/#breadcrumb","itemListElement":[{"@type":"ListItem","position":1,"name":"Accueil","item":"https:\/\/www.bio-des-alberes.fr\/"},{"@type":"ListItem","position":2,"name":"Produits biologiques \u00e0 argel\u00e8s avec Bio des Alb\u00e8res"}]},{"@type":"WebSite","@id":"https:\/\/www.bio-des-alberes.fr\/#website","url":"https:\/\/www.bio-des-alberes.fr\/","name":"Bio 66 - Magasin bio des Alberes","description":"Fruits et l&eacute;gumes bio, produits locaux, &eacute;picerie fine","publisher":{"@id":"https:\/\/www.bio-des-alberes.fr\/#organization"},"potentialAction":[{"@type":"SearchAction","target":{"@type":"EntryPoint","urlTemplate":"https:\/\/www.bio-des-alberes.fr\/?s={search_term_string}"},"query-input":{"@type":"PropertyValueSpecification","valueRequired":true,"valueName":"search_term_string"}}],"inLanguage":"de"},{"@type":"Organization","@id":"https:\/\/www.bio-des-alberes.fr\/#organization","name":"Bio des Alb\u00e8res","url":"https:\/\/www.bio-des-alberes.fr\/","logo":{"@type":"ImageObject","inLanguage":"de","@id":"https:\/\/www.bio-des-alberes.fr\/#\/schema\/logo\/image\/","url":"https:\/\/www.bio-des-alberes.fr\/wp-content\/uploads\/2024\/12\/bio-des-alberes-logo2.png","contentUrl":"https:\/\/www.bio-des-alberes.fr\/wp-content\/uploads\/2024\/12\/bio-des-alberes-logo2.png","width":803,"height":466,"caption":"Bio des Alb\u00e8res"},"image":{"@id":"https:\/\/www.bio-des-alberes.fr\/#\/schema\/logo\/image\/"},"sameAs":["https:\/\/www.facebook.com\/p\/Le-bio-des-Albres-61568067446958\/"]},{"@type":"Person","@id":"https:\/\/www.bio-des-alberes.fr\/#\/schema\/person\/b207a14ba23699a080c323ee040eca00","name":"biodesalberes","image":{"@type":"ImageObject","inLanguage":"de","@id":"https:\/\/www.bio-des-alberes.fr\/#\/schema\/person\/image\/","url":"https:\/\/secure.gravatar.com\/avatar\/6039bbfc6c375e9adfea50b5dfc6bb7c8c601a03cbf0f44a5db56f0a0eead0b8?s=96&d=mm&r=g","contentUrl":"https:\/\/secure.gravatar.com\/avatar\/6039bbfc6c375e9adfea50b5dfc6bb7c8c601a03cbf0f44a5db56f0a0eead0b8?s=96&d=mm&r=g","caption":"biodesalberes"},"sameAs":["https:\/\/www.bio-des-alberes.fr"],"url":"https:\/\/www.bio-des-alberes.fr\/de\/author\/biodesalberes\/"}]}},"_links":{"self":[{"href":"https:\/\/www.bio-des-alberes.fr\/de\/wp-json\/wp\/v2\/posts\/1205","targetHints":{"allow":["GET"]}}],"collection":[{"href":"https:\/\/www.bio-des-alberes.fr\/de\/wp-json\/wp\/v2\/posts"}],"about":[{"href":"https:\/\/www.bio-des-alberes.fr\/de\/wp-json\/wp\/v2\/types\/post"}],"author":[{"embeddable":true,"href":"https:\/\/www.bio-des-alberes.fr\/de\/wp-json\/wp\/v2\/users\/1"}],"replies":[{"embeddable":true,"href":"https:\/\/www.bio-des-alberes.fr\/de\/wp-json\/wp\/v2\/comments?post=1205"}],"version-history":[{"count":0,"href":"https:\/\/www.bio-des-alberes.fr\/de\/wp-json\/wp\/v2\/posts\/1205\/revisions"}],"wp:featuredmedia":[{"embeddable":true,"href":"https:\/\/www.bio-des-alberes.fr\/de\/wp-json\/wp\/v2\/media\/75"}],"wp:attachment":[{"href":"https:\/\/www.bio-des-alberes.fr\/de\/wp-json\/wp\/v2\/media?parent=1205"}],"wp:term":[{"taxonomy":"category","embeddable":true,"href":"https:\/\/www.bio-des-alberes.fr\/de\/wp-json\/wp\/v2\/categories?post=1205"},{"taxonomy":"post_tag","embeddable":true,"href":"https:\/\/www.bio-des-alberes.fr\/de\/wp-json\/wp\/v2\/tags?post=1205"}],"curies":[{"name":"wp","href":"https:\/\/api.w.org\/{rel}","templated":true}]}}