{"id":1937,"date":"2025-02-25T19:43:41","date_gmt":"2025-02-25T19:43:41","guid":{"rendered":"https:\/\/www.bio-des-alberes.fr\/poivron-bio-a-llupia\/"},"modified":"2025-02-25T19:43:41","modified_gmt":"2025-02-25T19:43:41","slug":"poivron-bio-a-llupia","status":"publish","type":"post","link":"https:\/\/www.bio-des-alberes.fr\/de\/poivron-bio-a-llupia\/","title":{"rendered":"Bio-Paprika in llupia: Ihre Quelle f\u00fcr lokales Bio-Obst und -Gem\u00fcse"},"content":{"rendered":"<p>Willkommen auf unserer Website. Entdecken Sie unser Angebot an Bio-Paprika in llupia in Bezug auf lokales Bio-Obst und -Gem\u00fcse, das direkt vom Erzeuger auf Ihren Tisch kommt. Unser Ziel ist es, Ihnen frische, gesunde und nachhaltige Produkte anzubieten und gleichzeitig die lokalen Landwirte zu unterst\u00fctzen.<\/p>\n<div id=\"attachment_827\" style=\"width: 813px\" class=\"wp-caption aligncenter\"><img loading=\"lazy\" decoding=\"async\" aria-describedby=\"caption-attachment-827\" class=\"wp-image-827 size-full\" src=\"https:\/\/www.bio-des-alberes.fr\/wp-content\/uploads\/2024\/12\/bio-des-alberes-logo2.png\" alt=\"poivron bio \u00e0 llupia. Logo Bio des Alberes\" width=\"803\" height=\"466\" srcset=\"https:\/\/www.bio-des-alberes.fr\/wp-content\/uploads\/2024\/12\/bio-des-alberes-logo2.png 803w, https:\/\/www.bio-des-alberes.fr\/wp-content\/uploads\/2024\/12\/bio-des-alberes-logo2-480x279.png 480w\" sizes=\"(min-width: 0px) and (max-width: 480px) 480px, (min-width: 481px) 803px, 100vw\" \/><p id=\"caption-attachment-827\" class=\"wp-caption-text\">Bio-Paprika in llupia<\/p><\/div>\n<h3>Bio-Paprika: Eine Vielfalt an lokalem Bio-Obst und -Gem\u00fcse<\/h3>\n<p>Bei llupia bieten wir Ihnen eine gro\u00dfe Auswahl an Bio-Paprika, um Ihren Bedarf an gesunder Ern\u00e4hrung zu decken. Hier sind einige unserer Top-Produkte:<\/p>\n<ul>\n<li>Biologische \u00c4pfel<\/li>\n<li>Bio-Karotten<\/li>\n<li>Lokale Tomaten<\/li>\n<li>Frischer Salat<\/li>\n<li>Knackige Gurken<\/li>\n<li>Zucchini der Saison<\/li>\n<li>Bio-S\u00fc\u00dfkartoffeln<\/li>\n<li>Gr\u00fcner Brokkoli<\/li>\n<li>Blumenkohl<\/li>\n<\/ul>\n<h3>Die Bedeutung von lokalen und biologischen Produkten<\/h3>\n<p>Wenn Sie sich f\u00fcr unsere Bio-Paprika aus llupia entscheiden, unterst\u00fctzen Sie nicht nur die lokale Wirtschaft, sondern tun auch etwas f\u00fcr Ihre Gesundheit und die Umwelt. Die Bio-Produkte werden ohne Pestizide und Chemikalien angebaut, was sie zu einer sicheren Wahl f\u00fcr Sie und Ihre Familie macht. Wenn Sie lokal einkaufen, reduzieren Sie au\u00dferdem den CO2-Fu\u00dfabdruck, der durch den Transport von Lebensmitteln \u00fcber lange Strecken entsteht.<\/p>\n<p>Unterst\u00fctzung von biologischen und lokalen Produkten durch unsere <strong>Bio-Paprika<\/strong> in den <strong>Ilupia<\/strong>, Bio ist auch ein Beitrag zur Erhaltung der Biodiversit\u00e4t und der lokalen landwirtschaftlichen Traditionen. Biobetriebe f\u00f6rdern vielf\u00e4ltige und \u00f6kosystemfreundliche landwirtschaftliche Praktiken und tragen so zum Schutz von Boden, Wasser und Tieren bei. Dar\u00fcber hinaus tragen Sie durch Investitionen in lokale Erzeuger dazu bei, dass landwirtschaftliche Praktiken beibehalten werden, die oft von Generation zu Generation weitergegeben werden, und sichern so den Fortbestand des regionalen Know-hows.<\/p>\n<h3>Unsere lokalen Landwirte: Bio-Paprika in llupia<\/h3>\n<p>Die Bio-Paprika, die wir in den llupia anbieten, sind das Ergebnis der harten Arbeit unserer lokalen Landwirte. Sie setzen ihr ganzes Wissen und ihre Leidenschaft f\u00fcr den Anbau von qualitativ hochwertigem Bio-Obst und -Gem\u00fcse ein.<\/p>\n<h3>Kontakt<\/h3>\n<p>Warten Sie nicht l\u00e4nger, um mit Bio des Alb\u00e8res eine gesunde Ern\u00e4hrung und einen nachhaltigen Lebensstil anzunehmen. Ob Sie nun in llupia oder einer benachbarten Stadt wohnen, unser Online-Shop ist da, um Sie auf Ihrem Weg zu begleiten.<a href=\"https:\/\/www.bio-des-alberes.fr\/de\/contact\/\"> Kontaktieren Sie uns<\/a> Wenn Sie Fragen haben, wenden Sie sich noch heute an uns.<\/p>\n<p>Wenn Sie sich f\u00fcr unsere Bio-Paprika aus llupia entscheiden, tun Sie etwas f\u00fcr Ihre Gesundheit, die Umwelt und die lokale Wirtschaft. Vielen Dank f\u00fcr Ihre Unterst\u00fctzung und Ihr Vertrauen in unsere leidenschaftlichen Landwirte, die Ihnen das Beste an Bio-Obst und -Gem\u00fcse bieten.<\/p>","protected":false},"excerpt":{"rendered":"<p>Bienvenue sur notre site. D\u00e9couvrez notre gamme de poivron bio \u00e0 llupia en mati\u00e8re de fruits et l\u00e9gumes bio locaux, directement du producteur \u00e0 votre table. Notre objectif est de vous offrir des produits frais, sains et durables, tout en soutenant les agriculteurs locaux. poivron bio : Une vari\u00e9t\u00e9 de fruits et l\u00e9gumes bio locaux [&hellip;]<\/p>\n","protected":false},"author":1,"featured_media":80,"comment_status":"closed","ping_status":"closed","sticky":false,"template":"","format":"standard","meta":{"_et_pb_use_builder":"","_et_pb_old_content":"","_et_gb_content_width":"","footnotes":""},"categories":[1],"tags":[],"class_list":["post-1937","post","type-post","status-publish","format-standard","has-post-thumbnail","hentry","category-au-bio-des-alberes"],"yoast_head":"<!-- This site is optimized with the Yoast SEO plugin v26.2 - https:\/\/yoast.com\/wordpress\/plugins\/seo\/ -->\n<title>poivron bio \u00e0 llupia<\/title>\n<meta name=\"description\" content=\"D\u00e9couvrez une large gamme de poivron bio \u00e0 llupia avec Bio des Alb\u00e8res. Produits locaux, qualit\u00e9 sup\u00e9rieure\" \/>\n<meta name=\"robots\" content=\"index, follow, max-snippet:-1, max-image-preview:large, max-video-preview:-1\" \/>\n<link rel=\"canonical\" href=\"https:\/\/www.bio-des-alberes.fr\/de\/poivron-bio-a-llupia\/\" \/>\n<meta property=\"og:locale\" content=\"de_DE\" \/>\n<meta property=\"og:type\" content=\"article\" \/>\n<meta property=\"og:title\" content=\"poivron bio \u00e0 llupia\" \/>\n<meta property=\"og:description\" content=\"D\u00e9couvrez une large gamme de poivron bio \u00e0 llupia avec Bio des Alb\u00e8res. Produits locaux, qualit\u00e9 sup\u00e9rieure\" \/>\n<meta property=\"og:url\" content=\"https:\/\/www.bio-des-alberes.fr\/de\/poivron-bio-a-llupia\/\" \/>\n<meta property=\"og:site_name\" content=\"Bio des Alb\u00e8res\" \/>\n<meta property=\"article:publisher\" content=\"https:\/\/www.facebook.com\/p\/Le-bio-des-Albres-61568067446958\/\" \/>\n<meta property=\"article:published_time\" content=\"2025-02-25T19:43:41+00:00\" \/>\n<meta property=\"og:image\" content=\"https:\/\/www.bio-des-alberes.fr\/wp-content\/uploads\/2024\/12\/11200042-scaled.jpg\" \/>\n\t<meta property=\"og:image:width\" content=\"2560\" \/>\n\t<meta property=\"og:image:height\" content=\"1707\" \/>\n\t<meta property=\"og:image:type\" content=\"image\/jpeg\" \/>\n<meta name=\"author\" content=\"biodesalberes\" \/>\n<meta name=\"twitter:card\" content=\"summary_large_image\" \/>\n<meta name=\"twitter:label1\" content=\"Geschrieben von\" \/>\n\t<meta name=\"twitter:data1\" content=\"biodesalberes\" \/>\n\t<meta name=\"twitter:label2\" content=\"Gesch\u00e4tzte Lesezeit\" \/>\n\t<meta name=\"twitter:data2\" content=\"3\u00a0Minuten\" \/>\n<script type=\"application\/ld+json\" class=\"yoast-schema-graph\">{\"@context\":\"https:\/\/schema.org\",\"@graph\":[{\"@type\":\"Article\",\"@id\":\"https:\/\/www.bio-des-alberes.fr\/poivron-bio-a-llupia\/#article\",\"isPartOf\":{\"@id\":\"https:\/\/www.bio-des-alberes.fr\/poivron-bio-a-llupia\/\"},\"author\":{\"name\":\"biodesalberes\",\"@id\":\"https:\/\/www.bio-des-alberes.fr\/#\/schema\/person\/b207a14ba23699a080c323ee040eca00\"},\"headline\":\"poivron bio \u00e0 llupia : votre source de fruits et l\u00e9gumes bio locaux\",\"datePublished\":\"2025-02-25T19:43:41+00:00\",\"mainEntityOfPage\":{\"@id\":\"https:\/\/www.bio-des-alberes.fr\/poivron-bio-a-llupia\/\"},\"wordCount\":438,\"publisher\":{\"@id\":\"https:\/\/www.bio-des-alberes.fr\/#organization\"},\"image\":{\"@id\":\"https:\/\/www.bio-des-alberes.fr\/poivron-bio-a-llupia\/#primaryimage\"},\"thumbnailUrl\":\"https:\/\/www.bio-des-alberes.fr\/wp-content\/uploads\/2024\/12\/11200042-scaled.jpg\",\"articleSection\":[\"Au Bio des Alb\u00e8res\"],\"inLanguage\":\"de\"},{\"@type\":\"WebPage\",\"@id\":\"https:\/\/www.bio-des-alberes.fr\/poivron-bio-a-llupia\/\",\"url\":\"https:\/\/www.bio-des-alberes.fr\/poivron-bio-a-llupia\/\",\"name\":\"poivron bio \u00e0 llupia\",\"isPartOf\":{\"@id\":\"https:\/\/www.bio-des-alberes.fr\/#website\"},\"primaryImageOfPage\":{\"@id\":\"https:\/\/www.bio-des-alberes.fr\/poivron-bio-a-llupia\/#primaryimage\"},\"image\":{\"@id\":\"https:\/\/www.bio-des-alberes.fr\/poivron-bio-a-llupia\/#primaryimage\"},\"thumbnailUrl\":\"https:\/\/www.bio-des-alberes.fr\/wp-content\/uploads\/2024\/12\/11200042-scaled.jpg\",\"datePublished\":\"2025-02-25T19:43:41+00:00\",\"description\":\"D\u00e9couvrez une large gamme de poivron bio \u00e0 llupia avec Bio des Alb\u00e8res. Produits locaux, qualit\u00e9 sup\u00e9rieure\",\"breadcrumb\":{\"@id\":\"https:\/\/www.bio-des-alberes.fr\/poivron-bio-a-llupia\/#breadcrumb\"},\"inLanguage\":\"de\",\"potentialAction\":[{\"@type\":\"ReadAction\",\"target\":[\"https:\/\/www.bio-des-alberes.fr\/poivron-bio-a-llupia\/\"]}]},{\"@type\":\"ImageObject\",\"inLanguage\":\"de\",\"@id\":\"https:\/\/www.bio-des-alberes.fr\/poivron-bio-a-llupia\/#primaryimage\",\"url\":\"https:\/\/www.bio-des-alberes.fr\/wp-content\/uploads\/2024\/12\/11200042-scaled.jpg\",\"contentUrl\":\"https:\/\/www.bio-des-alberes.fr\/wp-content\/uploads\/2024\/12\/11200042-scaled.jpg\",\"width\":2560,\"height\":1707,\"caption\":\"SAMSUNG CSC\"},{\"@type\":\"BreadcrumbList\",\"@id\":\"https:\/\/www.bio-des-alberes.fr\/poivron-bio-a-llupia\/#breadcrumb\",\"itemListElement\":[{\"@type\":\"ListItem\",\"position\":1,\"name\":\"Accueil\",\"item\":\"https:\/\/www.bio-des-alberes.fr\/\"},{\"@type\":\"ListItem\",\"position\":2,\"name\":\"poivron bio \u00e0 llupia : votre source de fruits et l\u00e9gumes bio locaux\"}]},{\"@type\":\"WebSite\",\"@id\":\"https:\/\/www.bio-des-alberes.fr\/#website\",\"url\":\"https:\/\/www.bio-des-alberes.fr\/\",\"name\":\"Bio 66 - Magasin bio des Alberes\",\"description\":\"Fruits et l&eacute;gumes bio, produits locaux, &eacute;picerie fine\",\"publisher\":{\"@id\":\"https:\/\/www.bio-des-alberes.fr\/#organization\"},\"potentialAction\":[{\"@type\":\"SearchAction\",\"target\":{\"@type\":\"EntryPoint\",\"urlTemplate\":\"https:\/\/www.bio-des-alberes.fr\/?s={search_term_string}\"},\"query-input\":{\"@type\":\"PropertyValueSpecification\",\"valueRequired\":true,\"valueName\":\"search_term_string\"}}],\"inLanguage\":\"de\"},{\"@type\":\"Organization\",\"@id\":\"https:\/\/www.bio-des-alberes.fr\/#organization\",\"name\":\"Bio des Alb\u00e8res\",\"url\":\"https:\/\/www.bio-des-alberes.fr\/\",\"logo\":{\"@type\":\"ImageObject\",\"inLanguage\":\"de\",\"@id\":\"https:\/\/www.bio-des-alberes.fr\/#\/schema\/logo\/image\/\",\"url\":\"https:\/\/www.bio-des-alberes.fr\/wp-content\/uploads\/2024\/12\/bio-des-alberes-logo2.png\",\"contentUrl\":\"https:\/\/www.bio-des-alberes.fr\/wp-content\/uploads\/2024\/12\/bio-des-alberes-logo2.png\",\"width\":803,\"height\":466,\"caption\":\"Bio des Alb\u00e8res\"},\"image\":{\"@id\":\"https:\/\/www.bio-des-alberes.fr\/#\/schema\/logo\/image\/\"},\"sameAs\":[\"https:\/\/www.facebook.com\/p\/Le-bio-des-Albres-61568067446958\/\"]},{\"@type\":\"Person\",\"@id\":\"https:\/\/www.bio-des-alberes.fr\/#\/schema\/person\/b207a14ba23699a080c323ee040eca00\",\"name\":\"biodesalberes\",\"image\":{\"@type\":\"ImageObject\",\"inLanguage\":\"de\",\"@id\":\"https:\/\/www.bio-des-alberes.fr\/#\/schema\/person\/image\/\",\"url\":\"https:\/\/secure.gravatar.com\/avatar\/6039bbfc6c375e9adfea50b5dfc6bb7c8c601a03cbf0f44a5db56f0a0eead0b8?s=96&d=mm&r=g\",\"contentUrl\":\"https:\/\/secure.gravatar.com\/avatar\/6039bbfc6c375e9adfea50b5dfc6bb7c8c601a03cbf0f44a5db56f0a0eead0b8?s=96&d=mm&r=g\",\"caption\":\"biodesalberes\"},\"sameAs\":[\"https:\/\/www.bio-des-alberes.fr\"],\"url\":\"https:\/\/www.bio-des-alberes.fr\/de\/author\/biodesalberes\/\"}]}<\/script>\n<!-- \/ Yoast SEO plugin. -->","yoast_head_json":{"title":"Bio-Paprika in llupia","description":"D\u00e9couvrez une large gamme de poivron bio \u00e0 llupia avec Bio des Alb\u00e8res. Produits locaux, qualit\u00e9 sup\u00e9rieure","robots":{"index":"index","follow":"follow","max-snippet":"max-snippet:-1","max-image-preview":"max-image-preview:large","max-video-preview":"max-video-preview:-1"},"canonical":"https:\/\/www.bio-des-alberes.fr\/de\/poivron-bio-a-llupia\/","og_locale":"de_DE","og_type":"article","og_title":"poivron bio \u00e0 llupia","og_description":"D\u00e9couvrez une large gamme de poivron bio \u00e0 llupia avec Bio des Alb\u00e8res. Produits locaux, qualit\u00e9 sup\u00e9rieure","og_url":"https:\/\/www.bio-des-alberes.fr\/de\/poivron-bio-a-llupia\/","og_site_name":"Bio des Alb\u00e8res","article_publisher":"https:\/\/www.facebook.com\/p\/Le-bio-des-Albres-61568067446958\/","article_published_time":"2025-02-25T19:43:41+00:00","og_image":[{"width":2560,"height":1707,"url":"https:\/\/www.bio-des-alberes.fr\/wp-content\/uploads\/2024\/12\/11200042-scaled.jpg","type":"image\/jpeg"}],"author":"biodesalberes","twitter_card":"summary_large_image","twitter_misc":{"Geschrieben von":"biodesalberes","Gesch\u00e4tzte Lesezeit":"3\u00a0Minuten"},"schema":{"@context":"https:\/\/schema.org","@graph":[{"@type":"Article","@id":"https:\/\/www.bio-des-alberes.fr\/poivron-bio-a-llupia\/#article","isPartOf":{"@id":"https:\/\/www.bio-des-alberes.fr\/poivron-bio-a-llupia\/"},"author":{"name":"biodesalberes","@id":"https:\/\/www.bio-des-alberes.fr\/#\/schema\/person\/b207a14ba23699a080c323ee040eca00"},"headline":"poivron bio \u00e0 llupia : votre source de fruits et l\u00e9gumes bio locaux","datePublished":"2025-02-25T19:43:41+00:00","mainEntityOfPage":{"@id":"https:\/\/www.bio-des-alberes.fr\/poivron-bio-a-llupia\/"},"wordCount":438,"publisher":{"@id":"https:\/\/www.bio-des-alberes.fr\/#organization"},"image":{"@id":"https:\/\/www.bio-des-alberes.fr\/poivron-bio-a-llupia\/#primaryimage"},"thumbnailUrl":"https:\/\/www.bio-des-alberes.fr\/wp-content\/uploads\/2024\/12\/11200042-scaled.jpg","articleSection":["Au Bio des Alb\u00e8res"],"inLanguage":"de"},{"@type":"WebPage","@id":"https:\/\/www.bio-des-alberes.fr\/poivron-bio-a-llupia\/","url":"https:\/\/www.bio-des-alberes.fr\/poivron-bio-a-llupia\/","name":"Bio-Paprika in llupia","isPartOf":{"@id":"https:\/\/www.bio-des-alberes.fr\/#website"},"primaryImageOfPage":{"@id":"https:\/\/www.bio-des-alberes.fr\/poivron-bio-a-llupia\/#primaryimage"},"image":{"@id":"https:\/\/www.bio-des-alberes.fr\/poivron-bio-a-llupia\/#primaryimage"},"thumbnailUrl":"https:\/\/www.bio-des-alberes.fr\/wp-content\/uploads\/2024\/12\/11200042-scaled.jpg","datePublished":"2025-02-25T19:43:41+00:00","description":"D\u00e9couvrez une large gamme de poivron bio \u00e0 llupia avec Bio des Alb\u00e8res. Produits locaux, qualit\u00e9 sup\u00e9rieure","breadcrumb":{"@id":"https:\/\/www.bio-des-alberes.fr\/poivron-bio-a-llupia\/#breadcrumb"},"inLanguage":"de","potentialAction":[{"@type":"ReadAction","target":["https:\/\/www.bio-des-alberes.fr\/poivron-bio-a-llupia\/"]}]},{"@type":"ImageObject","inLanguage":"de","@id":"https:\/\/www.bio-des-alberes.fr\/poivron-bio-a-llupia\/#primaryimage","url":"https:\/\/www.bio-des-alberes.fr\/wp-content\/uploads\/2024\/12\/11200042-scaled.jpg","contentUrl":"https:\/\/www.bio-des-alberes.fr\/wp-content\/uploads\/2024\/12\/11200042-scaled.jpg","width":2560,"height":1707,"caption":"SAMSUNG CSC"},{"@type":"BreadcrumbList","@id":"https:\/\/www.bio-des-alberes.fr\/poivron-bio-a-llupia\/#breadcrumb","itemListElement":[{"@type":"ListItem","position":1,"name":"Accueil","item":"https:\/\/www.bio-des-alberes.fr\/"},{"@type":"ListItem","position":2,"name":"poivron bio \u00e0 llupia : votre source de fruits et l\u00e9gumes bio locaux"}]},{"@type":"WebSite","@id":"https:\/\/www.bio-des-alberes.fr\/#website","url":"https:\/\/www.bio-des-alberes.fr\/","name":"Bio 66 - Magasin bio des Alberes","description":"Fruits et l&eacute;gumes bio, produits locaux, &eacute;picerie fine","publisher":{"@id":"https:\/\/www.bio-des-alberes.fr\/#organization"},"potentialAction":[{"@type":"SearchAction","target":{"@type":"EntryPoint","urlTemplate":"https:\/\/www.bio-des-alberes.fr\/?s={search_term_string}"},"query-input":{"@type":"PropertyValueSpecification","valueRequired":true,"valueName":"search_term_string"}}],"inLanguage":"de"},{"@type":"Organization","@id":"https:\/\/www.bio-des-alberes.fr\/#organization","name":"Bio des Alb\u00e8res","url":"https:\/\/www.bio-des-alberes.fr\/","logo":{"@type":"ImageObject","inLanguage":"de","@id":"https:\/\/www.bio-des-alberes.fr\/#\/schema\/logo\/image\/","url":"https:\/\/www.bio-des-alberes.fr\/wp-content\/uploads\/2024\/12\/bio-des-alberes-logo2.png","contentUrl":"https:\/\/www.bio-des-alberes.fr\/wp-content\/uploads\/2024\/12\/bio-des-alberes-logo2.png","width":803,"height":466,"caption":"Bio des Alb\u00e8res"},"image":{"@id":"https:\/\/www.bio-des-alberes.fr\/#\/schema\/logo\/image\/"},"sameAs":["https:\/\/www.facebook.com\/p\/Le-bio-des-Albres-61568067446958\/"]},{"@type":"Person","@id":"https:\/\/www.bio-des-alberes.fr\/#\/schema\/person\/b207a14ba23699a080c323ee040eca00","name":"biodesalberes","image":{"@type":"ImageObject","inLanguage":"de","@id":"https:\/\/www.bio-des-alberes.fr\/#\/schema\/person\/image\/","url":"https:\/\/secure.gravatar.com\/avatar\/6039bbfc6c375e9adfea50b5dfc6bb7c8c601a03cbf0f44a5db56f0a0eead0b8?s=96&d=mm&r=g","contentUrl":"https:\/\/secure.gravatar.com\/avatar\/6039bbfc6c375e9adfea50b5dfc6bb7c8c601a03cbf0f44a5db56f0a0eead0b8?s=96&d=mm&r=g","caption":"biodesalberes"},"sameAs":["https:\/\/www.bio-des-alberes.fr"],"url":"https:\/\/www.bio-des-alberes.fr\/de\/author\/biodesalberes\/"}]}},"_links":{"self":[{"href":"https:\/\/www.bio-des-alberes.fr\/de\/wp-json\/wp\/v2\/posts\/1937","targetHints":{"allow":["GET"]}}],"collection":[{"href":"https:\/\/www.bio-des-alberes.fr\/de\/wp-json\/wp\/v2\/posts"}],"about":[{"href":"https:\/\/www.bio-des-alberes.fr\/de\/wp-json\/wp\/v2\/types\/post"}],"author":[{"embeddable":true,"href":"https:\/\/www.bio-des-alberes.fr\/de\/wp-json\/wp\/v2\/users\/1"}],"replies":[{"embeddable":true,"href":"https:\/\/www.bio-des-alberes.fr\/de\/wp-json\/wp\/v2\/comments?post=1937"}],"version-history":[{"count":0,"href":"https:\/\/www.bio-des-alberes.fr\/de\/wp-json\/wp\/v2\/posts\/1937\/revisions"}],"wp:featuredmedia":[{"embeddable":true,"href":"https:\/\/www.bio-des-alberes.fr\/de\/wp-json\/wp\/v2\/media\/80"}],"wp:attachment":[{"href":"https:\/\/www.bio-des-alberes.fr\/de\/wp-json\/wp\/v2\/media?parent=1937"}],"wp:term":[{"taxonomy":"category","embeddable":true,"href":"https:\/\/www.bio-des-alberes.fr\/de\/wp-json\/wp\/v2\/categories?post=1937"},{"taxonomy":"post_tag","embeddable":true,"href":"https:\/\/www.bio-des-alberes.fr\/de\/wp-json\/wp\/v2\/tags?post=1937"}],"curies":[{"name":"wp","href":"https:\/\/api.w.org\/{rel}","templated":true}]}}