{"id":1944,"date":"2025-02-25T19:43:44","date_gmt":"2025-02-25T19:43:44","guid":{"rendered":"https:\/\/www.bio-des-alberes.fr\/poivron-bio-a-villelongue-dels-monts\/"},"modified":"2025-02-25T19:43:44","modified_gmt":"2025-02-25T19:43:44","slug":"poivron-bio-a-villelongue-dels-monts","status":"publish","type":"post","link":"https:\/\/www.bio-des-alberes.fr\/de\/poivron-bio-a-villelongue-dels-monts\/","title":{"rendered":"bio paprika in villelongue-dels-monts: ihre quelle f\u00fcr lokales bio obst und gem\u00fcse"},"content":{"rendered":"<p>Bienvenue sur notre site. D\u00e9couvrez notre gamme de poivron bio \u00e0 villelongue-dels-monts en mati\u00e8re de fruits et l\u00e9gumes bio locaux, directement du producteur \u00e0 votre table. Notre objectif est de vous offrir des produits frais, sains et durables, tout en soutenant les agriculteurs locaux.<\/p>\n<div id=\"attachment_827\" style=\"width: 813px\" class=\"wp-caption aligncenter\"><img loading=\"lazy\" decoding=\"async\" aria-describedby=\"caption-attachment-827\" class=\"wp-image-827 size-full\" src=\"https:\/\/www.bio-des-alberes.fr\/wp-content\/uploads\/2024\/12\/bio-des-alberes-logo2.png\" alt=\"poivron bio \u00e0 villelongue-dels-monts. Logo Bio des Alberes\" width=\"803\" height=\"466\" srcset=\"https:\/\/www.bio-des-alberes.fr\/wp-content\/uploads\/2024\/12\/bio-des-alberes-logo2.png 803w, https:\/\/www.bio-des-alberes.fr\/wp-content\/uploads\/2024\/12\/bio-des-alberes-logo2-480x279.png 480w\" sizes=\"(min-width: 0px) and (max-width: 480px) 480px, (min-width: 481px) 803px, 100vw\" \/><p id=\"caption-attachment-827\" class=\"wp-caption-text\">poivron bio \u00e0 villelongue-dels-monts<\/p><\/div>\n<h3>Bio-Paprika: Eine Vielfalt an lokalem Bio-Obst und -Gem\u00fcse<\/h3>\n<p>Chez villelongue-dels-monts, nous proposons une large s\u00e9lection de poivron bio pour satisfaire vos besoins en alimentation saine. Voici quelques-uns de nos produits phares :<\/p>\n<ul>\n<li>Biologische \u00c4pfel<\/li>\n<li>Bio-Karotten<\/li>\n<li>Lokale Tomaten<\/li>\n<li>Frischer Salat<\/li>\n<li>Knackige Gurken<\/li>\n<li>Zucchini der Saison<\/li>\n<li>Bio-S\u00fc\u00dfkartoffeln<\/li>\n<li>Gr\u00fcner Brokkoli<\/li>\n<li>Blumenkohl<\/li>\n<\/ul>\n<h3>Die Bedeutung von lokalen und biologischen Produkten<\/h3>\n<p>Lorsque vous choisissez nos poivron bio dans les villelongue-dels-monts, vous soutenez non seulement l&rsquo;\u00e9conomie locale, mais vous prenez \u00e9galement soin de votre sant\u00e9 et de l&rsquo;environnement. Les produits bio sont cultiv\u00e9s sans pesticides ni produits chimiques, ce qui en fait un choix s\u00fbr pour vous et votre famille. De plus, en achetant local, vous r\u00e9duisez l&#8217;empreinte carbone li\u00e9e au transport des aliments sur de longues distances.<\/p>\n<p>Unterst\u00fctzung von biologischen und lokalen Produkten durch unsere <strong>Bio-Paprika<\/strong> in den <strong>villelongue-dels-monts<\/strong>, Bio ist auch ein Beitrag zur Erhaltung der Biodiversit\u00e4t und der lokalen landwirtschaftlichen Traditionen. Biobetriebe f\u00f6rdern vielf\u00e4ltige und \u00f6kosystemfreundliche landwirtschaftliche Praktiken und tragen so zum Schutz von Boden, Wasser und Tieren bei. Dar\u00fcber hinaus tragen Sie durch Investitionen in lokale Erzeuger dazu bei, dass landwirtschaftliche Praktiken beibehalten werden, die oft von Generation zu Generation weitergegeben werden, und sichern so den Fortbestand des regionalen Know-hows.<\/p>\n<h3>Nos agriculteurs locaux : poivron bio \u00e0 villelongue-dels-monts<\/h3>\n<p>Les poivron bio que nous proposons dans les villelongue-dels-monts sont le fruit du travail acharn\u00e9 de nos agriculteurs locaux. Ils mettent tout leur savoir-faire et leur passion dans la culture de fruits et l\u00e9gumes bio de haute qualit\u00e9.<\/p>\n<h3>Kontakt<\/h3>\n<p>N\u2019attendez plus pour adopter une alimentation saine et un mode de vie durable gr\u00e2ce \u00e0 Bio des Alb\u00e8res. Que vous soyez \u00e0 villelongue-dels-monts ou dans une ville voisine, notre boutique en ligne est l\u00e0 pour vous accompagner dans votre d\u00e9marche.<a href=\"https:\/\/www.bio-des-alberes.fr\/de\/contact\/\"> Kontaktieren Sie uns<\/a> Wenn Sie Fragen haben, wenden Sie sich noch heute an uns.<\/p>\n<p>En choisissant nos poivron bio dans les villelongue-dels-monts, vous faites un geste pour votre sant\u00e9, l&rsquo;environnement et l&rsquo;\u00e9conomie locale. Merci de nous soutenir et de faire confiance \u00e0 nos agriculteurs passionn\u00e9s pour vous offrir le meilleur des fruits et l\u00e9gumes bio.<\/p>","protected":false},"excerpt":{"rendered":"<p>Bienvenue sur notre site. D\u00e9couvrez notre gamme de poivron bio \u00e0 villelongue-dels-monts en mati\u00e8re de fruits et l\u00e9gumes bio locaux, directement du producteur \u00e0 votre table. Notre objectif est de vous offrir des produits frais, sains et durables, tout en soutenant les agriculteurs locaux. poivron bio : Une vari\u00e9t\u00e9 de fruits et l\u00e9gumes bio locaux [&hellip;]<\/p>\n","protected":false},"author":1,"featured_media":46,"comment_status":"closed","ping_status":"closed","sticky":false,"template":"","format":"standard","meta":{"_et_pb_use_builder":"","_et_pb_old_content":"","_et_gb_content_width":"","footnotes":""},"categories":[1],"tags":[],"class_list":["post-1944","post","type-post","status-publish","format-standard","has-post-thumbnail","hentry","category-au-bio-des-alberes"],"yoast_head":"<!-- This site is optimized with the Yoast SEO plugin v26.2 - https:\/\/yoast.com\/wordpress\/plugins\/seo\/ -->\n<title>poivron bio \u00e0 villelongue-dels-monts<\/title>\n<meta name=\"description\" content=\"D\u00e9couvrez une large gamme de poivron bio \u00e0 villelongue-dels-monts avec Bio des Alb\u00e8res. Produits locaux, qualit\u00e9 sup\u00e9rieure\" \/>\n<meta name=\"robots\" content=\"index, follow, max-snippet:-1, max-image-preview:large, max-video-preview:-1\" \/>\n<link rel=\"canonical\" href=\"https:\/\/www.bio-des-alberes.fr\/de\/poivron-bio-a-villelongue-dels-monts\/\" \/>\n<meta property=\"og:locale\" content=\"de_DE\" \/>\n<meta property=\"og:type\" content=\"article\" \/>\n<meta property=\"og:title\" content=\"poivron bio \u00e0 villelongue-dels-monts\" \/>\n<meta property=\"og:description\" content=\"D\u00e9couvrez une large gamme de poivron bio \u00e0 villelongue-dels-monts avec Bio des Alb\u00e8res. Produits locaux, qualit\u00e9 sup\u00e9rieure\" \/>\n<meta property=\"og:url\" content=\"https:\/\/www.bio-des-alberes.fr\/de\/poivron-bio-a-villelongue-dels-monts\/\" \/>\n<meta property=\"og:site_name\" content=\"Bio des Alb\u00e8res\" \/>\n<meta property=\"article:publisher\" content=\"https:\/\/www.facebook.com\/p\/Le-bio-des-Albres-61568067446958\/\" \/>\n<meta property=\"article:published_time\" content=\"2025-02-25T19:43:44+00:00\" \/>\n<meta property=\"og:image\" content=\"https:\/\/www.bio-des-alberes.fr\/wp-content\/uploads\/2024\/12\/bio-des-alberes-logo.png\" \/>\n\t<meta property=\"og:image:width\" content=\"500\" \/>\n\t<meta property=\"og:image:height\" content=\"290\" \/>\n\t<meta property=\"og:image:type\" content=\"image\/png\" \/>\n<meta name=\"author\" content=\"biodesalberes\" \/>\n<meta name=\"twitter:card\" content=\"summary_large_image\" \/>\n<meta name=\"twitter:label1\" content=\"Geschrieben von\" \/>\n\t<meta name=\"twitter:data1\" content=\"biodesalberes\" \/>\n\t<meta name=\"twitter:label2\" content=\"Gesch\u00e4tzte Lesezeit\" \/>\n\t<meta name=\"twitter:data2\" content=\"3\u00a0Minuten\" \/>\n<script type=\"application\/ld+json\" class=\"yoast-schema-graph\">{\"@context\":\"https:\/\/schema.org\",\"@graph\":[{\"@type\":\"Article\",\"@id\":\"https:\/\/www.bio-des-alberes.fr\/poivron-bio-a-villelongue-dels-monts\/#article\",\"isPartOf\":{\"@id\":\"https:\/\/www.bio-des-alberes.fr\/poivron-bio-a-villelongue-dels-monts\/\"},\"author\":{\"name\":\"biodesalberes\",\"@id\":\"https:\/\/www.bio-des-alberes.fr\/#\/schema\/person\/b207a14ba23699a080c323ee040eca00\"},\"headline\":\"poivron bio \u00e0 villelongue-dels-monts : votre source de fruits et l\u00e9gumes bio locaux\",\"datePublished\":\"2025-02-25T19:43:44+00:00\",\"mainEntityOfPage\":{\"@id\":\"https:\/\/www.bio-des-alberes.fr\/poivron-bio-a-villelongue-dels-monts\/\"},\"wordCount\":438,\"publisher\":{\"@id\":\"https:\/\/www.bio-des-alberes.fr\/#organization\"},\"image\":{\"@id\":\"https:\/\/www.bio-des-alberes.fr\/poivron-bio-a-villelongue-dels-monts\/#primaryimage\"},\"thumbnailUrl\":\"https:\/\/www.bio-des-alberes.fr\/wp-content\/uploads\/2024\/12\/bio-des-alberes-logo.png\",\"articleSection\":[\"Au Bio des Alb\u00e8res\"],\"inLanguage\":\"de\"},{\"@type\":\"WebPage\",\"@id\":\"https:\/\/www.bio-des-alberes.fr\/poivron-bio-a-villelongue-dels-monts\/\",\"url\":\"https:\/\/www.bio-des-alberes.fr\/poivron-bio-a-villelongue-dels-monts\/\",\"name\":\"poivron bio \u00e0 villelongue-dels-monts\",\"isPartOf\":{\"@id\":\"https:\/\/www.bio-des-alberes.fr\/#website\"},\"primaryImageOfPage\":{\"@id\":\"https:\/\/www.bio-des-alberes.fr\/poivron-bio-a-villelongue-dels-monts\/#primaryimage\"},\"image\":{\"@id\":\"https:\/\/www.bio-des-alberes.fr\/poivron-bio-a-villelongue-dels-monts\/#primaryimage\"},\"thumbnailUrl\":\"https:\/\/www.bio-des-alberes.fr\/wp-content\/uploads\/2024\/12\/bio-des-alberes-logo.png\",\"datePublished\":\"2025-02-25T19:43:44+00:00\",\"description\":\"D\u00e9couvrez une large gamme de poivron bio \u00e0 villelongue-dels-monts avec Bio des Alb\u00e8res. Produits locaux, qualit\u00e9 sup\u00e9rieure\",\"breadcrumb\":{\"@id\":\"https:\/\/www.bio-des-alberes.fr\/poivron-bio-a-villelongue-dels-monts\/#breadcrumb\"},\"inLanguage\":\"de\",\"potentialAction\":[{\"@type\":\"ReadAction\",\"target\":[\"https:\/\/www.bio-des-alberes.fr\/poivron-bio-a-villelongue-dels-monts\/\"]}]},{\"@type\":\"ImageObject\",\"inLanguage\":\"de\",\"@id\":\"https:\/\/www.bio-des-alberes.fr\/poivron-bio-a-villelongue-dels-monts\/#primaryimage\",\"url\":\"https:\/\/www.bio-des-alberes.fr\/wp-content\/uploads\/2024\/12\/bio-des-alberes-logo.png\",\"contentUrl\":\"https:\/\/www.bio-des-alberes.fr\/wp-content\/uploads\/2024\/12\/bio-des-alberes-logo.png\",\"width\":500,\"height\":290},{\"@type\":\"BreadcrumbList\",\"@id\":\"https:\/\/www.bio-des-alberes.fr\/poivron-bio-a-villelongue-dels-monts\/#breadcrumb\",\"itemListElement\":[{\"@type\":\"ListItem\",\"position\":1,\"name\":\"Accueil\",\"item\":\"https:\/\/www.bio-des-alberes.fr\/\"},{\"@type\":\"ListItem\",\"position\":2,\"name\":\"poivron bio \u00e0 villelongue-dels-monts : votre source de fruits et l\u00e9gumes bio locaux\"}]},{\"@type\":\"WebSite\",\"@id\":\"https:\/\/www.bio-des-alberes.fr\/#website\",\"url\":\"https:\/\/www.bio-des-alberes.fr\/\",\"name\":\"Bio 66 - Magasin bio des Alberes\",\"description\":\"Fruits et l&eacute;gumes bio, produits locaux, &eacute;picerie fine\",\"publisher\":{\"@id\":\"https:\/\/www.bio-des-alberes.fr\/#organization\"},\"potentialAction\":[{\"@type\":\"SearchAction\",\"target\":{\"@type\":\"EntryPoint\",\"urlTemplate\":\"https:\/\/www.bio-des-alberes.fr\/?s={search_term_string}\"},\"query-input\":{\"@type\":\"PropertyValueSpecification\",\"valueRequired\":true,\"valueName\":\"search_term_string\"}}],\"inLanguage\":\"de\"},{\"@type\":\"Organization\",\"@id\":\"https:\/\/www.bio-des-alberes.fr\/#organization\",\"name\":\"Bio des Alb\u00e8res\",\"url\":\"https:\/\/www.bio-des-alberes.fr\/\",\"logo\":{\"@type\":\"ImageObject\",\"inLanguage\":\"de\",\"@id\":\"https:\/\/www.bio-des-alberes.fr\/#\/schema\/logo\/image\/\",\"url\":\"https:\/\/www.bio-des-alberes.fr\/wp-content\/uploads\/2024\/12\/bio-des-alberes-logo2.png\",\"contentUrl\":\"https:\/\/www.bio-des-alberes.fr\/wp-content\/uploads\/2024\/12\/bio-des-alberes-logo2.png\",\"width\":803,\"height\":466,\"caption\":\"Bio des Alb\u00e8res\"},\"image\":{\"@id\":\"https:\/\/www.bio-des-alberes.fr\/#\/schema\/logo\/image\/\"},\"sameAs\":[\"https:\/\/www.facebook.com\/p\/Le-bio-des-Albres-61568067446958\/\"]},{\"@type\":\"Person\",\"@id\":\"https:\/\/www.bio-des-alberes.fr\/#\/schema\/person\/b207a14ba23699a080c323ee040eca00\",\"name\":\"biodesalberes\",\"image\":{\"@type\":\"ImageObject\",\"inLanguage\":\"de\",\"@id\":\"https:\/\/www.bio-des-alberes.fr\/#\/schema\/person\/image\/\",\"url\":\"https:\/\/secure.gravatar.com\/avatar\/6039bbfc6c375e9adfea50b5dfc6bb7c8c601a03cbf0f44a5db56f0a0eead0b8?s=96&d=mm&r=g\",\"contentUrl\":\"https:\/\/secure.gravatar.com\/avatar\/6039bbfc6c375e9adfea50b5dfc6bb7c8c601a03cbf0f44a5db56f0a0eead0b8?s=96&d=mm&r=g\",\"caption\":\"biodesalberes\"},\"sameAs\":[\"https:\/\/www.bio-des-alberes.fr\"],\"url\":\"https:\/\/www.bio-des-alberes.fr\/de\/author\/biodesalberes\/\"}]}<\/script>\n<!-- \/ Yoast SEO plugin. -->","yoast_head_json":{"title":"poivron bio \u00e0 villelongue-dels-monts","description":"D\u00e9couvrez une large gamme de poivron bio \u00e0 villelongue-dels-monts avec Bio des Alb\u00e8res. Produits locaux, qualit\u00e9 sup\u00e9rieure","robots":{"index":"index","follow":"follow","max-snippet":"max-snippet:-1","max-image-preview":"max-image-preview:large","max-video-preview":"max-video-preview:-1"},"canonical":"https:\/\/www.bio-des-alberes.fr\/de\/poivron-bio-a-villelongue-dels-monts\/","og_locale":"de_DE","og_type":"article","og_title":"poivron bio \u00e0 villelongue-dels-monts","og_description":"D\u00e9couvrez une large gamme de poivron bio \u00e0 villelongue-dels-monts avec Bio des Alb\u00e8res. Produits locaux, qualit\u00e9 sup\u00e9rieure","og_url":"https:\/\/www.bio-des-alberes.fr\/de\/poivron-bio-a-villelongue-dels-monts\/","og_site_name":"Bio des Alb\u00e8res","article_publisher":"https:\/\/www.facebook.com\/p\/Le-bio-des-Albres-61568067446958\/","article_published_time":"2025-02-25T19:43:44+00:00","og_image":[{"width":500,"height":290,"url":"https:\/\/www.bio-des-alberes.fr\/wp-content\/uploads\/2024\/12\/bio-des-alberes-logo.png","type":"image\/png"}],"author":"biodesalberes","twitter_card":"summary_large_image","twitter_misc":{"Geschrieben von":"biodesalberes","Gesch\u00e4tzte Lesezeit":"3\u00a0Minuten"},"schema":{"@context":"https:\/\/schema.org","@graph":[{"@type":"Article","@id":"https:\/\/www.bio-des-alberes.fr\/poivron-bio-a-villelongue-dels-monts\/#article","isPartOf":{"@id":"https:\/\/www.bio-des-alberes.fr\/poivron-bio-a-villelongue-dels-monts\/"},"author":{"name":"biodesalberes","@id":"https:\/\/www.bio-des-alberes.fr\/#\/schema\/person\/b207a14ba23699a080c323ee040eca00"},"headline":"poivron bio \u00e0 villelongue-dels-monts : votre source de fruits et l\u00e9gumes bio locaux","datePublished":"2025-02-25T19:43:44+00:00","mainEntityOfPage":{"@id":"https:\/\/www.bio-des-alberes.fr\/poivron-bio-a-villelongue-dels-monts\/"},"wordCount":438,"publisher":{"@id":"https:\/\/www.bio-des-alberes.fr\/#organization"},"image":{"@id":"https:\/\/www.bio-des-alberes.fr\/poivron-bio-a-villelongue-dels-monts\/#primaryimage"},"thumbnailUrl":"https:\/\/www.bio-des-alberes.fr\/wp-content\/uploads\/2024\/12\/bio-des-alberes-logo.png","articleSection":["Au Bio des Alb\u00e8res"],"inLanguage":"de"},{"@type":"WebPage","@id":"https:\/\/www.bio-des-alberes.fr\/poivron-bio-a-villelongue-dels-monts\/","url":"https:\/\/www.bio-des-alberes.fr\/poivron-bio-a-villelongue-dels-monts\/","name":"poivron bio \u00e0 villelongue-dels-monts","isPartOf":{"@id":"https:\/\/www.bio-des-alberes.fr\/#website"},"primaryImageOfPage":{"@id":"https:\/\/www.bio-des-alberes.fr\/poivron-bio-a-villelongue-dels-monts\/#primaryimage"},"image":{"@id":"https:\/\/www.bio-des-alberes.fr\/poivron-bio-a-villelongue-dels-monts\/#primaryimage"},"thumbnailUrl":"https:\/\/www.bio-des-alberes.fr\/wp-content\/uploads\/2024\/12\/bio-des-alberes-logo.png","datePublished":"2025-02-25T19:43:44+00:00","description":"D\u00e9couvrez une large gamme de poivron bio \u00e0 villelongue-dels-monts avec Bio des Alb\u00e8res. Produits locaux, qualit\u00e9 sup\u00e9rieure","breadcrumb":{"@id":"https:\/\/www.bio-des-alberes.fr\/poivron-bio-a-villelongue-dels-monts\/#breadcrumb"},"inLanguage":"de","potentialAction":[{"@type":"ReadAction","target":["https:\/\/www.bio-des-alberes.fr\/poivron-bio-a-villelongue-dels-monts\/"]}]},{"@type":"ImageObject","inLanguage":"de","@id":"https:\/\/www.bio-des-alberes.fr\/poivron-bio-a-villelongue-dels-monts\/#primaryimage","url":"https:\/\/www.bio-des-alberes.fr\/wp-content\/uploads\/2024\/12\/bio-des-alberes-logo.png","contentUrl":"https:\/\/www.bio-des-alberes.fr\/wp-content\/uploads\/2024\/12\/bio-des-alberes-logo.png","width":500,"height":290},{"@type":"BreadcrumbList","@id":"https:\/\/www.bio-des-alberes.fr\/poivron-bio-a-villelongue-dels-monts\/#breadcrumb","itemListElement":[{"@type":"ListItem","position":1,"name":"Accueil","item":"https:\/\/www.bio-des-alberes.fr\/"},{"@type":"ListItem","position":2,"name":"poivron bio \u00e0 villelongue-dels-monts : votre source de fruits et l\u00e9gumes bio locaux"}]},{"@type":"WebSite","@id":"https:\/\/www.bio-des-alberes.fr\/#website","url":"https:\/\/www.bio-des-alberes.fr\/","name":"Bio 66 - Magasin bio des Alberes","description":"Fruits et l&eacute;gumes bio, produits locaux, &eacute;picerie fine","publisher":{"@id":"https:\/\/www.bio-des-alberes.fr\/#organization"},"potentialAction":[{"@type":"SearchAction","target":{"@type":"EntryPoint","urlTemplate":"https:\/\/www.bio-des-alberes.fr\/?s={search_term_string}"},"query-input":{"@type":"PropertyValueSpecification","valueRequired":true,"valueName":"search_term_string"}}],"inLanguage":"de"},{"@type":"Organization","@id":"https:\/\/www.bio-des-alberes.fr\/#organization","name":"Bio des Alb\u00e8res","url":"https:\/\/www.bio-des-alberes.fr\/","logo":{"@type":"ImageObject","inLanguage":"de","@id":"https:\/\/www.bio-des-alberes.fr\/#\/schema\/logo\/image\/","url":"https:\/\/www.bio-des-alberes.fr\/wp-content\/uploads\/2024\/12\/bio-des-alberes-logo2.png","contentUrl":"https:\/\/www.bio-des-alberes.fr\/wp-content\/uploads\/2024\/12\/bio-des-alberes-logo2.png","width":803,"height":466,"caption":"Bio des Alb\u00e8res"},"image":{"@id":"https:\/\/www.bio-des-alberes.fr\/#\/schema\/logo\/image\/"},"sameAs":["https:\/\/www.facebook.com\/p\/Le-bio-des-Albres-61568067446958\/"]},{"@type":"Person","@id":"https:\/\/www.bio-des-alberes.fr\/#\/schema\/person\/b207a14ba23699a080c323ee040eca00","name":"biodesalberes","image":{"@type":"ImageObject","inLanguage":"de","@id":"https:\/\/www.bio-des-alberes.fr\/#\/schema\/person\/image\/","url":"https:\/\/secure.gravatar.com\/avatar\/6039bbfc6c375e9adfea50b5dfc6bb7c8c601a03cbf0f44a5db56f0a0eead0b8?s=96&d=mm&r=g","contentUrl":"https:\/\/secure.gravatar.com\/avatar\/6039bbfc6c375e9adfea50b5dfc6bb7c8c601a03cbf0f44a5db56f0a0eead0b8?s=96&d=mm&r=g","caption":"biodesalberes"},"sameAs":["https:\/\/www.bio-des-alberes.fr"],"url":"https:\/\/www.bio-des-alberes.fr\/de\/author\/biodesalberes\/"}]}},"_links":{"self":[{"href":"https:\/\/www.bio-des-alberes.fr\/de\/wp-json\/wp\/v2\/posts\/1944","targetHints":{"allow":["GET"]}}],"collection":[{"href":"https:\/\/www.bio-des-alberes.fr\/de\/wp-json\/wp\/v2\/posts"}],"about":[{"href":"https:\/\/www.bio-des-alberes.fr\/de\/wp-json\/wp\/v2\/types\/post"}],"author":[{"embeddable":true,"href":"https:\/\/www.bio-des-alberes.fr\/de\/wp-json\/wp\/v2\/users\/1"}],"replies":[{"embeddable":true,"href":"https:\/\/www.bio-des-alberes.fr\/de\/wp-json\/wp\/v2\/comments?post=1944"}],"version-history":[{"count":0,"href":"https:\/\/www.bio-des-alberes.fr\/de\/wp-json\/wp\/v2\/posts\/1944\/revisions"}],"wp:featuredmedia":[{"embeddable":true,"href":"https:\/\/www.bio-des-alberes.fr\/de\/wp-json\/wp\/v2\/media\/46"}],"wp:attachment":[{"href":"https:\/\/www.bio-des-alberes.fr\/de\/wp-json\/wp\/v2\/media?parent=1944"}],"wp:term":[{"taxonomy":"category","embeddable":true,"href":"https:\/\/www.bio-des-alberes.fr\/de\/wp-json\/wp\/v2\/categories?post=1944"},{"taxonomy":"post_tag","embeddable":true,"href":"https:\/\/www.bio-des-alberes.fr\/de\/wp-json\/wp\/v2\/tags?post=1944"}],"curies":[{"name":"wp","href":"https:\/\/api.w.org\/{rel}","templated":true}]}}