{"id":2045,"date":"2025-06-04T15:01:12","date_gmt":"2025-06-04T15:01:12","guid":{"rendered":"https:\/\/www.bio-des-alberes.fr\/epicerie-bio-pres-de-saint-jean-pla-de-corts\/"},"modified":"2025-06-04T15:01:12","modified_gmt":"2025-06-04T15:01:12","slug":"epicerie-bio-pres-de-saint-jean-pla-de-corts","status":"publish","type":"post","link":"https:\/\/www.bio-des-alberes.fr\/de\/epicerie-bio-pres-de-saint-jean-pla-de-corts\/","title":{"rendered":"Bio des Alb\u00e8res: Ihr Bio-Lebensmittelgesch\u00e4ft in der N\u00e4he von saint-jean-pla-de-corts"},"content":{"rendered":"<h1 class=\"wp-block-heading\">Lokale, frische und engagierte Produkte<\/h1>\n\n\n\n<p>Bienvenue chez Bio des Alb\u00e8res, votre \u00e9picerie bio de confiance pr\u00e8s de saint-jean-pla-de-corts, sp\u00e9cialis\u00e9e dans les produits locaux, fruits et l\u00e9gumes de saison, et le pain au levain bio artisanal. Install\u00e9s au c\u0153ur des Pyr\u00e9n\u00e9es-Orientales, nous vous proposons une s\u00e9lection rigoureuse de produits issus de l\u2019agriculture biologique, du terroir et du respect des saisons.<\/p>\n\n\n\n<h2 class=\"wp-block-heading\">Pourquoi choisir une \u00e9picerie bio pr\u00e8s de saint-jean-pla-de-corts ?<\/h2>\n\n\n\n<ul class=\"wp-block-list\">\n<li>Weniger Transport, mehr Frische: kurze Wege garantiert<\/li>\n\n\n\n<li>Unterst\u00fctzung f\u00fcr lokale Produzenten in 66<\/li>\n\n\n\n<li>Keine \u00fcberfl\u00fcssigen Produkte: nur n\u00fctzliche, gute und nat\u00fcrliche Produkte<\/li>\n\n\n\n<li>Weniger Verpackung, mehr Ethik<\/li>\n<\/ul>\n\n\n\n<p>Chez Bio des Alb\u00e8res, nous croyons que chaque achat compte. C\u2019est pourquoi nos clients de saint-jean-pla-de-corts et des alentours trouvent chez nous bien plus qu\u2019un simple commerce : une vraie communaut\u00e9 autour du bien manger.<\/p>\n\n\n\n<h2 class=\"wp-block-heading\">Fruits et l\u00e9gumes bio saint-jean-pla-de-corts : le go\u00fbt des saisons<\/h2>\n\n\n\n<p>Notre rayon de fruits et l\u00e9gumes bio pr\u00e8s de saint-jean-pla-de-corts est sans doute l\u2019un des plus appr\u00e9ci\u00e9s. Chaque semaine, nous s\u00e9lectionnons des produits r\u00e9colt\u00e9s \u00e0 maturit\u00e9, selon la saison, cultiv\u00e9s sans engrais chimiques ni pesticides.<\/p>\n\n\n\n<ul class=\"wp-block-list\">\n<li>Im Sommer: alte Tomaten, Zucchini, Melonen, Wassermelonen<\/li>\n\n\n\n<li>Im Herbst: \u00c4pfel, K\u00fcrbis, Blumenkohl<\/li>\n\n\n\n<li>Im Winter: Bio-Orangen, Karotten, R\u00fcben<\/li>\n\n\n\n<li>Im Fr\u00fchjahr: Freilanderdbeeren, Spargel, Radieschen<\/li>\n<\/ul>\n\n\n\n<p>Tous nos fruits et l\u00e9gumes sont issus de fermes locales, souvent \u00e0 moins de 50 km de notre boutique. Cela garantit une fra\u00eecheur incomparable et soutient l\u2019agriculture biologique de la r\u00e9gion saint-jean-pla-de-corts.<\/p>\n\n\n\n<h2 class=\"wp-block-heading\">Bio-Sauerteigbrot: eine unumg\u00e4ngliche Spezialit\u00e4t<\/h2>\n\n\n\n<p>Eines der Produkte, auf das wir stolz sind, ist unser Bio-Sauerteigbrot, das jeden Tag in unserer alten Backstube gebacken wird.<\/p>\n\n\n\n<h3 class=\"wp-block-heading\">Warum Sauerteig?<\/h3>\n\n\n\n<ul class=\"wp-block-list\">\n<li>Erleichterte Verdauung<\/li>\n\n\n\n<li>Niedrigerer glyk\u00e4mischer Index<\/li>\n\n\n\n<li>Bessere Konservierung<\/li>\n\n\n\n<li>Authentischer und rustikaler Geschmack<\/li>\n<\/ul>\n\n\n\n<p>Wir bieten verschiedene Sorten an:<\/p>\n\n\n\n<ul class=\"wp-block-list\">\n<li>Naturbrot mit Sauerteig<\/li>\n\n\n\n<li>Bio-Vollkornbrot<\/li>\n\n\n\n<li>K\u00f6rnerbrot<\/li>\n\n\n\n<li>Dinkelbrot<\/li>\n<\/ul>\n\n\n\n<h2 class=\"wp-block-heading\">Produits bio et locaux pr\u00e8s de saint-jean-pla-de-corts : ce que vous trouverez chez nous<\/h2>\n\n\n\n<p>Notre magasin bio pr\u00e8s de saint-jean-pla-de-corts propose bien plus qu\u2019un rayon de l\u00e9gumes. C\u2019est un v\u00e9ritable espace de vie \u00e9coresponsable, avec des produits pour chaque besoin du quotidien :<\/p>\n\n\n\n<ul class=\"wp-block-list\">\n<li>Trockenprodukte: H\u00fclsenfr\u00fcchte, Mehl, Getreide, Samen, \u00d6le<\/li>\n\n\n\n<li>\u00d6kologische Reinigungsmittel<\/li>\n\n\n\n<li>Nat\u00fcrliche Kosmetika<\/li>\n\n\n\n<li>Biologische Massenware (Reis, Nudeln, N\u00fcsse, M\u00fcsli...)<\/li>\n\n\n\n<li>Glutenfreie und vegane Produkte<\/li>\n\n\n\n<li>Handwerklich hergestellte Getr\u00e4nke (S\u00e4fte, Kombucha, nat\u00fcrliche Weine)<\/li>\n\n\n\n<li>K\u00e4se vom Bauernhof, Bio-Eier, lokaler Joghurt<\/li>\n<\/ul>\n\n\n\n<h2 class=\"wp-block-heading\">Une \u00e9picerie bio engag\u00e9e aupr\u00e8s des habitants de saint-jean-pla-de-corts<\/h2>\n\n\n\n<p>Bei Bio des Alb\u00e8res gehen wir bei unseren Werten keine Kompromisse ein:<\/p>\n\n\n\n<ul class=\"wp-block-list\">\n<li>Zertifizierter biologischer Landbau<\/li>\n\n\n\n<li>Lokale Priorit\u00e4t, Null-Kilometer-Planung so bald wie m\u00f6glich<\/li>\n\n\n\n<li>Famili\u00e4re Atmosph\u00e4re und pers\u00f6nliche Beratung<\/li>\n\n\n\n<li>Null-Abfall-Verpflichtung: Bringen Sie Ihre Gl\u00e4ser, Beutel und T\u00fcten mit.<\/li>\n\n\n\n<li>Austausch von Rezepten, Ideen und Tipps f\u00fcr einen besseren Konsum<\/li>\n<\/ul>\n\n\n\n<h2 class=\"wp-block-heading\">Livraison et services pr\u00e8s de saint-jean-pla-de-corts<\/h2>\n\n\n\n<p>Vous habitez saint-jean-pla-de-corts ou un village voisin ? Bonne nouvelle : nous proposons la livraison de paniers bio personnalis\u00e9s chaque semaine.<\/p>\n\n\n\n<h3 class=\"wp-block-heading\">Wie funktioniert das?<\/h3>\n\n\n\n<ol class=\"wp-block-list\">\n<li>Sie stellen Ihren Warenkorb zusammen (oder entscheiden sich f\u00fcr eine \u00dcberraschungsauswahl).<\/li>\n\n\n\n<li>Wir bereiten Ihre Bestellung mit frischen Produkten vor<\/li>\n\n\n\n<li>Wir liefern zu Ihnen nach Hause oder an einen Relais-Punkt.<\/li>\n<\/ol>\n\n\n\n<h2 class=\"wp-block-heading\">Wo finden Sie uns? Wie k\u00f6nnen Sie uns kontaktieren?<\/h2>\n\n\n\n<p>Nous sommes situ\u00e9s \u00e0 Saint-Genis-des-Fontaines, \u00e0 quelques minutes seulement de saint-jean-pla-de-corts.<\/p>\n\n\n\n<p><strong>\u00d6ffnungszeiten:<\/strong><br>Montag bis Samstag: 9.00 - 13.00 Uhr und 15.00 - 19.00 Uhr<br>Sonntag: geschlossen<\/p>\n\n\n\n<p>F\u00fcr Fragen, Ratschl\u00e4ge oder Bestellungen kontaktieren Sie uns bitte hier :&nbsp;<a href=\"https:\/\/www.bio-des-alberes.fr\/de\/contact\/\">Kontakt<\/a><br>Oder besuchen Sie uns in unserem Gesch\u00e4ft:&nbsp;<a href=\"https:\/\/www.bio-des-alberes.fr\/de\/\">Startseite<\/a><\/p>\n\n\n\n<h2 class=\"wp-block-heading\">T\u00e9moignages de nos clients pr\u00e8s de saint-jean-pla-de-corts<\/h2>\n\n\n\n<blockquote class=\"wp-block-quote is-layout-flow wp-block-quote-is-layout-flow\">\n<p>\u201cDepuis que j\u2019ai d\u00e9couvert Bio des Alb\u00e8res, je ne vais plus ailleurs. Le pain est incroyable et les l\u00e9gumes ont du go\u00fbt.\u201d \u2014 Claire B., cliente fid\u00e8le de saint-jean-pla-de-corts<\/p>\n<\/blockquote>\n\n\n\n<blockquote class=\"wp-block-quote is-layout-flow wp-block-quote-is-layout-flow\">\n<p>\u201cUne vraie alternative aux grandes surfaces, avec des produits vraiment locaux.\u201d \u2014 Marc G., agriculteur bio \u00e0 proximit\u00e9 de saint-jean-pla-de-corts<\/p>\n<\/blockquote>\n\n\n\n<blockquote class=\"wp-block-quote is-layout-flow wp-block-quote-is-layout-flow\">\n<p>\u201cLe personnel est passionn\u00e9 et \u00e0 l\u2019\u00e9coute. Je recommande vivement \u00e0 tous les habitants de saint-jean-pla-de-corts.\u201d \u2014 Sophie L., naturopathe install\u00e9e \u00e0 saint-jean-pla-de-corts<\/p>\n<\/blockquote>\n\n\n\n<h2 class=\"wp-block-heading\">FAQ \u2013 \u00c9picerie bio saint-jean-pla-de-corts<\/h2>\n\n\n\n<p><strong>Welche Arten von Produkten finden Sie in Ihrem Bio-Lebensmittelgesch\u00e4ft?<\/strong><br>Wir bieten Bio-Lebensmittel, Naturkosmetik, Reinigungsmittel und nat\u00fcrlich Bio-Obst und -Gem\u00fcse der Saison.<\/p>\n\n\n\n<p><strong>Est-ce que vous livrez \u00e0 domicile \u00e0 saint-jean-pla-de-corts ?<\/strong><br>Oui, nous livrons chaque semaine dans plusieurs communes du 66, dont saint-jean-pla-de-corts.<\/p>\n\n\n\n<p><strong>Wie k\u00f6nnen Sie wissen, ob Ihre Produkte wirklich lokal sind?<\/strong><br>Jedes Produkt zeigt seine Herkunft an. Wir arbeiten transparent mit zertifizierten Bio-Produzenten aus dem Departement zusammen.<\/p>\n\n\n\n<p><strong>Kann man online bestellen?<\/strong><br>Bestellungen k\u00f6nnen telefonisch oder \u00fcber unsere Kontaktseite aufgegeben werden. Ein Online-Bestellservice ist in der Entwicklung.<\/p>\n\n\n\n<h2 class=\"wp-block-heading\">Conclusion : le bio local vous attend \u00e0 deux pas de saint-jean-pla-de-corts<\/h2>\n\n\n\n<p>Si vous cherchez une \u00e9picerie bio pr\u00e8s de saint-jean-pla-de-corts, ne cherchez plus. Chez Bio des Alb\u00e8res, vous trouverez :<\/p>\n\n\n\n<ul class=\"wp-block-list\">\n<li>Authentische Bio-Produkte<\/li>\n\n\n\n<li>Echter menschlicher Kontakt<\/li>\n\n\n\n<li>Ein Engagement f\u00fcr das Gebiet 66<\/li>\n\n\n\n<li>Einwandfreie Qualit\u00e4t<\/li>\n<\/ul>\n\n\n\n<p>Werden Sie Teil unserer Gemeinschaft verantwortungsbewusster Verbraucher.<br>Entscheiden Sie sich f\u00fcr Geschmack, Gesundheit und den Planeten.<br>Besuchen Sie unseren Shop oder kontaktieren Sie uns noch heute:<br><a href=\"https:\/\/www.bio-des-alberes.fr\/de\/\">Startseite<\/a>&nbsp;\u2013&nbsp;<a href=\"https:\/\/www.bio-des-alberes.fr\/de\/contact\/\">Kontaktseite<\/a><\/p>","protected":false},"excerpt":{"rendered":"<p>Des produits locaux, frais et engag\u00e9s Bienvenue chez Bio des Alb\u00e8res, votre \u00e9picerie bio de confiance pr\u00e8s de saint-jean-pla-de-corts, sp\u00e9cialis\u00e9e dans les produits locaux, fruits et l\u00e9gumes de saison, et le pain au levain bio artisanal. Install\u00e9s au c\u0153ur des Pyr\u00e9n\u00e9es-Orientales, nous vous proposons une s\u00e9lection rigoureuse de produits issus de l\u2019agriculture biologique, du terroir [&hellip;]<\/p>\n","protected":false},"author":1,"featured_media":75,"comment_status":"closed","ping_status":"closed","sticky":false,"template":"","format":"standard","meta":{"_et_pb_use_builder":"","_et_pb_old_content":"","_et_gb_content_width":"","footnotes":""},"categories":[1],"tags":[],"class_list":["post-2045","post","type-post","status-publish","format-standard","has-post-thumbnail","hentry","category-au-bio-des-alberes"],"yoast_head":"<!-- This site is optimized with the Yoast SEO plugin v26.2 - https:\/\/yoast.com\/wordpress\/plugins\/seo\/ -->\n<title>\u00e9picerie bio pr\u00e8s de saint-jean-pla-de-corts<\/title>\n<meta name=\"description\" content=\"D\u00e9couvrez Bio des Alb\u00e8res, votre \u00e9picerie bio pr\u00e8s de saint-jean-pla-de-corts. Fruits et l\u00e9gumes, pain au levain. Le meilleur du bio pr\u00e8s de chez vous !\" \/>\n<meta name=\"robots\" content=\"index, follow, max-snippet:-1, max-image-preview:large, max-video-preview:-1\" \/>\n<link rel=\"canonical\" href=\"https:\/\/www.bio-des-alberes.fr\/de\/epicerie-bio-pres-de-saint-jean-pla-de-corts\/\" \/>\n<meta property=\"og:locale\" content=\"de_DE\" \/>\n<meta property=\"og:type\" content=\"article\" \/>\n<meta property=\"og:title\" content=\"\u00e9picerie bio pr\u00e8s de saint-jean-pla-de-corts\" \/>\n<meta property=\"og:description\" content=\"D\u00e9couvrez Bio des Alb\u00e8res, votre \u00e9picerie bio pr\u00e8s de saint-jean-pla-de-corts. Fruits et l\u00e9gumes, pain au levain. Le meilleur du bio pr\u00e8s de chez vous !\" \/>\n<meta property=\"og:url\" content=\"https:\/\/www.bio-des-alberes.fr\/de\/epicerie-bio-pres-de-saint-jean-pla-de-corts\/\" \/>\n<meta property=\"og:site_name\" content=\"Bio des Alb\u00e8res\" \/>\n<meta property=\"article:publisher\" content=\"https:\/\/www.facebook.com\/p\/Le-bio-des-Albres-61568067446958\/\" \/>\n<meta property=\"article:published_time\" content=\"2025-06-04T15:01:12+00:00\" \/>\n<meta property=\"og:image\" content=\"https:\/\/www.bio-des-alberes.fr\/wp-content\/uploads\/2024\/12\/degustation-bio-des-alberes-fromage-local-scaled.jpg\" \/>\n\t<meta property=\"og:image:width\" content=\"2560\" \/>\n\t<meta property=\"og:image:height\" content=\"1707\" \/>\n\t<meta property=\"og:image:type\" content=\"image\/jpeg\" \/>\n<meta name=\"author\" content=\"biodesalberes\" \/>\n<meta name=\"twitter:card\" content=\"summary_large_image\" \/>\n<meta name=\"twitter:label1\" content=\"Geschrieben von\" \/>\n\t<meta name=\"twitter:data1\" content=\"biodesalberes\" \/>\n\t<meta name=\"twitter:label2\" content=\"Gesch\u00e4tzte Lesezeit\" \/>\n\t<meta name=\"twitter:data2\" content=\"4\u00a0Minuten\" \/>\n<script type=\"application\/ld+json\" class=\"yoast-schema-graph\">{\"@context\":\"https:\/\/schema.org\",\"@graph\":[{\"@type\":\"Article\",\"@id\":\"https:\/\/www.bio-des-alberes.fr\/epicerie-bio-pres-de-saint-jean-pla-de-corts\/#article\",\"isPartOf\":{\"@id\":\"https:\/\/www.bio-des-alberes.fr\/epicerie-bio-pres-de-saint-jean-pla-de-corts\/\"},\"author\":{\"name\":\"biodesalberes\",\"@id\":\"https:\/\/www.bio-des-alberes.fr\/#\/schema\/person\/b207a14ba23699a080c323ee040eca00\"},\"headline\":\"Bio des Alb\u00e8res : votre \u00e9picerie bio pr\u00e8s de saint-jean-pla-de-corts\",\"datePublished\":\"2025-06-04T15:01:12+00:00\",\"mainEntityOfPage\":{\"@id\":\"https:\/\/www.bio-des-alberes.fr\/epicerie-bio-pres-de-saint-jean-pla-de-corts\/\"},\"wordCount\":886,\"publisher\":{\"@id\":\"https:\/\/www.bio-des-alberes.fr\/#organization\"},\"image\":{\"@id\":\"https:\/\/www.bio-des-alberes.fr\/epicerie-bio-pres-de-saint-jean-pla-de-corts\/#primaryimage\"},\"thumbnailUrl\":\"https:\/\/www.bio-des-alberes.fr\/wp-content\/uploads\/2024\/12\/degustation-bio-des-alberes-fromage-local-scaled.jpg\",\"articleSection\":[\"Au Bio des Alb\u00e8res\"],\"inLanguage\":\"de\"},{\"@type\":\"WebPage\",\"@id\":\"https:\/\/www.bio-des-alberes.fr\/epicerie-bio-pres-de-saint-jean-pla-de-corts\/\",\"url\":\"https:\/\/www.bio-des-alberes.fr\/epicerie-bio-pres-de-saint-jean-pla-de-corts\/\",\"name\":\"\u00e9picerie bio pr\u00e8s de saint-jean-pla-de-corts\",\"isPartOf\":{\"@id\":\"https:\/\/www.bio-des-alberes.fr\/#website\"},\"primaryImageOfPage\":{\"@id\":\"https:\/\/www.bio-des-alberes.fr\/epicerie-bio-pres-de-saint-jean-pla-de-corts\/#primaryimage\"},\"image\":{\"@id\":\"https:\/\/www.bio-des-alberes.fr\/epicerie-bio-pres-de-saint-jean-pla-de-corts\/#primaryimage\"},\"thumbnailUrl\":\"https:\/\/www.bio-des-alberes.fr\/wp-content\/uploads\/2024\/12\/degustation-bio-des-alberes-fromage-local-scaled.jpg\",\"datePublished\":\"2025-06-04T15:01:12+00:00\",\"description\":\"D\u00e9couvrez Bio des Alb\u00e8res, votre \u00e9picerie bio pr\u00e8s de saint-jean-pla-de-corts. Fruits et l\u00e9gumes, pain au levain. Le meilleur du bio pr\u00e8s de chez vous !\",\"breadcrumb\":{\"@id\":\"https:\/\/www.bio-des-alberes.fr\/epicerie-bio-pres-de-saint-jean-pla-de-corts\/#breadcrumb\"},\"inLanguage\":\"de\",\"potentialAction\":[{\"@type\":\"ReadAction\",\"target\":[\"https:\/\/www.bio-des-alberes.fr\/epicerie-bio-pres-de-saint-jean-pla-de-corts\/\"]}]},{\"@type\":\"ImageObject\",\"inLanguage\":\"de\",\"@id\":\"https:\/\/www.bio-des-alberes.fr\/epicerie-bio-pres-de-saint-jean-pla-de-corts\/#primaryimage\",\"url\":\"https:\/\/www.bio-des-alberes.fr\/wp-content\/uploads\/2024\/12\/degustation-bio-des-alberes-fromage-local-scaled.jpg\",\"contentUrl\":\"https:\/\/www.bio-des-alberes.fr\/wp-content\/uploads\/2024\/12\/degustation-bio-des-alberes-fromage-local-scaled.jpg\",\"width\":2560,\"height\":1707,\"caption\":\"SAMSUNG CSC\"},{\"@type\":\"BreadcrumbList\",\"@id\":\"https:\/\/www.bio-des-alberes.fr\/epicerie-bio-pres-de-saint-jean-pla-de-corts\/#breadcrumb\",\"itemListElement\":[{\"@type\":\"ListItem\",\"position\":1,\"name\":\"Accueil\",\"item\":\"https:\/\/www.bio-des-alberes.fr\/\"},{\"@type\":\"ListItem\",\"position\":2,\"name\":\"Bio des Alb\u00e8res : votre \u00e9picerie bio pr\u00e8s de saint-jean-pla-de-corts\"}]},{\"@type\":\"WebSite\",\"@id\":\"https:\/\/www.bio-des-alberes.fr\/#website\",\"url\":\"https:\/\/www.bio-des-alberes.fr\/\",\"name\":\"Bio 66 - Magasin bio des Alberes\",\"description\":\"Fruits et l&eacute;gumes bio, produits locaux, &eacute;picerie fine\",\"publisher\":{\"@id\":\"https:\/\/www.bio-des-alberes.fr\/#organization\"},\"potentialAction\":[{\"@type\":\"SearchAction\",\"target\":{\"@type\":\"EntryPoint\",\"urlTemplate\":\"https:\/\/www.bio-des-alberes.fr\/?s={search_term_string}\"},\"query-input\":{\"@type\":\"PropertyValueSpecification\",\"valueRequired\":true,\"valueName\":\"search_term_string\"}}],\"inLanguage\":\"de\"},{\"@type\":\"Organization\",\"@id\":\"https:\/\/www.bio-des-alberes.fr\/#organization\",\"name\":\"Bio des Alb\u00e8res\",\"url\":\"https:\/\/www.bio-des-alberes.fr\/\",\"logo\":{\"@type\":\"ImageObject\",\"inLanguage\":\"de\",\"@id\":\"https:\/\/www.bio-des-alberes.fr\/#\/schema\/logo\/image\/\",\"url\":\"https:\/\/www.bio-des-alberes.fr\/wp-content\/uploads\/2024\/12\/bio-des-alberes-logo2.png\",\"contentUrl\":\"https:\/\/www.bio-des-alberes.fr\/wp-content\/uploads\/2024\/12\/bio-des-alberes-logo2.png\",\"width\":803,\"height\":466,\"caption\":\"Bio des Alb\u00e8res\"},\"image\":{\"@id\":\"https:\/\/www.bio-des-alberes.fr\/#\/schema\/logo\/image\/\"},\"sameAs\":[\"https:\/\/www.facebook.com\/p\/Le-bio-des-Albres-61568067446958\/\"]},{\"@type\":\"Person\",\"@id\":\"https:\/\/www.bio-des-alberes.fr\/#\/schema\/person\/b207a14ba23699a080c323ee040eca00\",\"name\":\"biodesalberes\",\"image\":{\"@type\":\"ImageObject\",\"inLanguage\":\"de\",\"@id\":\"https:\/\/www.bio-des-alberes.fr\/#\/schema\/person\/image\/\",\"url\":\"https:\/\/secure.gravatar.com\/avatar\/6039bbfc6c375e9adfea50b5dfc6bb7c8c601a03cbf0f44a5db56f0a0eead0b8?s=96&d=mm&r=g\",\"contentUrl\":\"https:\/\/secure.gravatar.com\/avatar\/6039bbfc6c375e9adfea50b5dfc6bb7c8c601a03cbf0f44a5db56f0a0eead0b8?s=96&d=mm&r=g\",\"caption\":\"biodesalberes\"},\"sameAs\":[\"https:\/\/www.bio-des-alberes.fr\"],\"url\":\"https:\/\/www.bio-des-alberes.fr\/de\/author\/biodesalberes\/\"}]}<\/script>\n<!-- \/ Yoast SEO plugin. -->","yoast_head_json":{"title":"\u00e9picerie bio pr\u00e8s de saint-jean-pla-de-corts","description":"D\u00e9couvrez Bio des Alb\u00e8res, votre \u00e9picerie bio pr\u00e8s de saint-jean-pla-de-corts. Fruits et l\u00e9gumes, pain au levain. Le meilleur du bio pr\u00e8s de chez vous !","robots":{"index":"index","follow":"follow","max-snippet":"max-snippet:-1","max-image-preview":"max-image-preview:large","max-video-preview":"max-video-preview:-1"},"canonical":"https:\/\/www.bio-des-alberes.fr\/de\/epicerie-bio-pres-de-saint-jean-pla-de-corts\/","og_locale":"de_DE","og_type":"article","og_title":"\u00e9picerie bio pr\u00e8s de saint-jean-pla-de-corts","og_description":"D\u00e9couvrez Bio des Alb\u00e8res, votre \u00e9picerie bio pr\u00e8s de saint-jean-pla-de-corts. Fruits et l\u00e9gumes, pain au levain. Le meilleur du bio pr\u00e8s de chez vous !","og_url":"https:\/\/www.bio-des-alberes.fr\/de\/epicerie-bio-pres-de-saint-jean-pla-de-corts\/","og_site_name":"Bio des Alb\u00e8res","article_publisher":"https:\/\/www.facebook.com\/p\/Le-bio-des-Albres-61568067446958\/","article_published_time":"2025-06-04T15:01:12+00:00","og_image":[{"width":2560,"height":1707,"url":"https:\/\/www.bio-des-alberes.fr\/wp-content\/uploads\/2024\/12\/degustation-bio-des-alberes-fromage-local-scaled.jpg","type":"image\/jpeg"}],"author":"biodesalberes","twitter_card":"summary_large_image","twitter_misc":{"Geschrieben von":"biodesalberes","Gesch\u00e4tzte Lesezeit":"4\u00a0Minuten"},"schema":{"@context":"https:\/\/schema.org","@graph":[{"@type":"Article","@id":"https:\/\/www.bio-des-alberes.fr\/epicerie-bio-pres-de-saint-jean-pla-de-corts\/#article","isPartOf":{"@id":"https:\/\/www.bio-des-alberes.fr\/epicerie-bio-pres-de-saint-jean-pla-de-corts\/"},"author":{"name":"biodesalberes","@id":"https:\/\/www.bio-des-alberes.fr\/#\/schema\/person\/b207a14ba23699a080c323ee040eca00"},"headline":"Bio des Alb\u00e8res : votre \u00e9picerie bio pr\u00e8s de saint-jean-pla-de-corts","datePublished":"2025-06-04T15:01:12+00:00","mainEntityOfPage":{"@id":"https:\/\/www.bio-des-alberes.fr\/epicerie-bio-pres-de-saint-jean-pla-de-corts\/"},"wordCount":886,"publisher":{"@id":"https:\/\/www.bio-des-alberes.fr\/#organization"},"image":{"@id":"https:\/\/www.bio-des-alberes.fr\/epicerie-bio-pres-de-saint-jean-pla-de-corts\/#primaryimage"},"thumbnailUrl":"https:\/\/www.bio-des-alberes.fr\/wp-content\/uploads\/2024\/12\/degustation-bio-des-alberes-fromage-local-scaled.jpg","articleSection":["Au Bio des Alb\u00e8res"],"inLanguage":"de"},{"@type":"WebPage","@id":"https:\/\/www.bio-des-alberes.fr\/epicerie-bio-pres-de-saint-jean-pla-de-corts\/","url":"https:\/\/www.bio-des-alberes.fr\/epicerie-bio-pres-de-saint-jean-pla-de-corts\/","name":"\u00e9picerie bio pr\u00e8s de saint-jean-pla-de-corts","isPartOf":{"@id":"https:\/\/www.bio-des-alberes.fr\/#website"},"primaryImageOfPage":{"@id":"https:\/\/www.bio-des-alberes.fr\/epicerie-bio-pres-de-saint-jean-pla-de-corts\/#primaryimage"},"image":{"@id":"https:\/\/www.bio-des-alberes.fr\/epicerie-bio-pres-de-saint-jean-pla-de-corts\/#primaryimage"},"thumbnailUrl":"https:\/\/www.bio-des-alberes.fr\/wp-content\/uploads\/2024\/12\/degustation-bio-des-alberes-fromage-local-scaled.jpg","datePublished":"2025-06-04T15:01:12+00:00","description":"D\u00e9couvrez Bio des Alb\u00e8res, votre \u00e9picerie bio pr\u00e8s de saint-jean-pla-de-corts. Fruits et l\u00e9gumes, pain au levain. Le meilleur du bio pr\u00e8s de chez vous !","breadcrumb":{"@id":"https:\/\/www.bio-des-alberes.fr\/epicerie-bio-pres-de-saint-jean-pla-de-corts\/#breadcrumb"},"inLanguage":"de","potentialAction":[{"@type":"ReadAction","target":["https:\/\/www.bio-des-alberes.fr\/epicerie-bio-pres-de-saint-jean-pla-de-corts\/"]}]},{"@type":"ImageObject","inLanguage":"de","@id":"https:\/\/www.bio-des-alberes.fr\/epicerie-bio-pres-de-saint-jean-pla-de-corts\/#primaryimage","url":"https:\/\/www.bio-des-alberes.fr\/wp-content\/uploads\/2024\/12\/degustation-bio-des-alberes-fromage-local-scaled.jpg","contentUrl":"https:\/\/www.bio-des-alberes.fr\/wp-content\/uploads\/2024\/12\/degustation-bio-des-alberes-fromage-local-scaled.jpg","width":2560,"height":1707,"caption":"SAMSUNG CSC"},{"@type":"BreadcrumbList","@id":"https:\/\/www.bio-des-alberes.fr\/epicerie-bio-pres-de-saint-jean-pla-de-corts\/#breadcrumb","itemListElement":[{"@type":"ListItem","position":1,"name":"Accueil","item":"https:\/\/www.bio-des-alberes.fr\/"},{"@type":"ListItem","position":2,"name":"Bio des Alb\u00e8res : votre \u00e9picerie bio pr\u00e8s de saint-jean-pla-de-corts"}]},{"@type":"WebSite","@id":"https:\/\/www.bio-des-alberes.fr\/#website","url":"https:\/\/www.bio-des-alberes.fr\/","name":"Bio 66 - Magasin bio des Alberes","description":"Fruits et l&eacute;gumes bio, produits locaux, &eacute;picerie fine","publisher":{"@id":"https:\/\/www.bio-des-alberes.fr\/#organization"},"potentialAction":[{"@type":"SearchAction","target":{"@type":"EntryPoint","urlTemplate":"https:\/\/www.bio-des-alberes.fr\/?s={search_term_string}"},"query-input":{"@type":"PropertyValueSpecification","valueRequired":true,"valueName":"search_term_string"}}],"inLanguage":"de"},{"@type":"Organization","@id":"https:\/\/www.bio-des-alberes.fr\/#organization","name":"Bio des Alb\u00e8res","url":"https:\/\/www.bio-des-alberes.fr\/","logo":{"@type":"ImageObject","inLanguage":"de","@id":"https:\/\/www.bio-des-alberes.fr\/#\/schema\/logo\/image\/","url":"https:\/\/www.bio-des-alberes.fr\/wp-content\/uploads\/2024\/12\/bio-des-alberes-logo2.png","contentUrl":"https:\/\/www.bio-des-alberes.fr\/wp-content\/uploads\/2024\/12\/bio-des-alberes-logo2.png","width":803,"height":466,"caption":"Bio des Alb\u00e8res"},"image":{"@id":"https:\/\/www.bio-des-alberes.fr\/#\/schema\/logo\/image\/"},"sameAs":["https:\/\/www.facebook.com\/p\/Le-bio-des-Albres-61568067446958\/"]},{"@type":"Person","@id":"https:\/\/www.bio-des-alberes.fr\/#\/schema\/person\/b207a14ba23699a080c323ee040eca00","name":"biodesalberes","image":{"@type":"ImageObject","inLanguage":"de","@id":"https:\/\/www.bio-des-alberes.fr\/#\/schema\/person\/image\/","url":"https:\/\/secure.gravatar.com\/avatar\/6039bbfc6c375e9adfea50b5dfc6bb7c8c601a03cbf0f44a5db56f0a0eead0b8?s=96&d=mm&r=g","contentUrl":"https:\/\/secure.gravatar.com\/avatar\/6039bbfc6c375e9adfea50b5dfc6bb7c8c601a03cbf0f44a5db56f0a0eead0b8?s=96&d=mm&r=g","caption":"biodesalberes"},"sameAs":["https:\/\/www.bio-des-alberes.fr"],"url":"https:\/\/www.bio-des-alberes.fr\/de\/author\/biodesalberes\/"}]}},"_links":{"self":[{"href":"https:\/\/www.bio-des-alberes.fr\/de\/wp-json\/wp\/v2\/posts\/2045","targetHints":{"allow":["GET"]}}],"collection":[{"href":"https:\/\/www.bio-des-alberes.fr\/de\/wp-json\/wp\/v2\/posts"}],"about":[{"href":"https:\/\/www.bio-des-alberes.fr\/de\/wp-json\/wp\/v2\/types\/post"}],"author":[{"embeddable":true,"href":"https:\/\/www.bio-des-alberes.fr\/de\/wp-json\/wp\/v2\/users\/1"}],"replies":[{"embeddable":true,"href":"https:\/\/www.bio-des-alberes.fr\/de\/wp-json\/wp\/v2\/comments?post=2045"}],"version-history":[{"count":0,"href":"https:\/\/www.bio-des-alberes.fr\/de\/wp-json\/wp\/v2\/posts\/2045\/revisions"}],"wp:featuredmedia":[{"embeddable":true,"href":"https:\/\/www.bio-des-alberes.fr\/de\/wp-json\/wp\/v2\/media\/75"}],"wp:attachment":[{"href":"https:\/\/www.bio-des-alberes.fr\/de\/wp-json\/wp\/v2\/media?parent=2045"}],"wp:term":[{"taxonomy":"category","embeddable":true,"href":"https:\/\/www.bio-des-alberes.fr\/de\/wp-json\/wp\/v2\/categories?post=2045"},{"taxonomy":"post_tag","embeddable":true,"href":"https:\/\/www.bio-des-alberes.fr\/de\/wp-json\/wp\/v2\/tags?post=2045"}],"curies":[{"name":"wp","href":"https:\/\/api.w.org\/{rel}","templated":true}]}}