{"id":2059,"date":"2025-06-04T15:01:18","date_gmt":"2025-06-04T15:01:18","guid":{"rendered":"https:\/\/www.bio-des-alberes.fr\/epicerie-bio-pres-de-le-boulou-2\/"},"modified":"2025-06-04T15:01:18","modified_gmt":"2025-06-04T15:01:18","slug":"epicerie-bio-pres-de-le-boulou-2","status":"publish","type":"post","link":"https:\/\/www.bio-des-alberes.fr\/de\/epicerie-bio-pres-de-le-boulou-2\/","title":{"rendered":"Bio des Alb\u00e8res : Ihr Bio-Lebensmittelgesch\u00e4ft in der N\u00e4he von Le Boulou"},"content":{"rendered":"<h1 class=\"wp-block-heading\">Lokale, frische und engagierte Produkte<\/h1>\n\n\n\n<p>Willkommen bei Bio des Alb\u00e8res, Ihrem vertrauensw\u00fcrdigen Bio-Lebensmittelgesch\u00e4ft in der N\u00e4he von Le Boulou, das sich auf lokale Produkte, Obst und Gem\u00fcse der Saison und handwerklich hergestelltes Bio-Sauerteigbrot spezialisiert hat. Wir sind im Herzen der Pyr\u00e9n\u00e9es-Orientales ans\u00e4ssig und bieten Ihnen eine strenge Auswahl an Produkten aus biologischem Anbau, aus der Region und mit Respekt f\u00fcr die Jahreszeiten.<\/p>\n\n\n\n<h2 class=\"wp-block-heading\">Warum sollten Sie sich f\u00fcr einen Bio-Lebensmittelladen in der N\u00e4he von Le Boulou entscheiden?<\/h2>\n\n\n\n<ul class=\"wp-block-list\">\n<li>Weniger Transport, mehr Frische: kurze Wege garantiert<\/li>\n\n\n\n<li>Unterst\u00fctzung f\u00fcr lokale Produzenten in 66<\/li>\n\n\n\n<li>Keine \u00fcberfl\u00fcssigen Produkte: nur n\u00fctzliche, gute und nat\u00fcrliche Produkte<\/li>\n\n\n\n<li>Weniger Verpackung, mehr Ethik<\/li>\n<\/ul>\n\n\n\n<p>Bei Bio des Alb\u00e8res glauben wir, dass jeder Einkauf z\u00e4hlt. Deshalb finden unsere Kunden in Le Boulou und Umgebung bei uns mehr als nur ein Gesch\u00e4ft: eine echte Gemeinschaft rund um das gute Essen.<\/p>\n\n\n\n<h2 class=\"wp-block-heading\">Bio-Obst und -Gem\u00fcse le boulou: Der Geschmack der Jahreszeiten<\/h2>\n\n\n\n<p>Unsere Abteilung f\u00fcr Bio-Obst und -Gem\u00fcse in der N\u00e4he von Le Boulou ist zweifellos eine der beliebtesten. Jede Woche w\u00e4hlen wir Produkte aus, die je nach Saison reif geerntet werden und ohne chemische D\u00fcngemittel oder Pestizide angebaut werden.<\/p>\n\n\n\n<ul class=\"wp-block-list\">\n<li>Im Sommer: alte Tomaten, Zucchini, Melonen, Wassermelonen<\/li>\n\n\n\n<li>Im Herbst: \u00c4pfel, K\u00fcrbis, Blumenkohl<\/li>\n\n\n\n<li>Im Winter: Bio-Orangen, Karotten, R\u00fcben<\/li>\n\n\n\n<li>Im Fr\u00fchjahr: Freilanderdbeeren, Spargel, Radieschen<\/li>\n<\/ul>\n\n\n\n<p>Unser gesamtes Obst und Gem\u00fcse stammt von lokalen Bauernh\u00f6fen, die oft weniger als 50 km von unserem Gesch\u00e4ft entfernt sind. Dies garantiert eine unvergleichliche Frische und unterst\u00fctzt die biologische Landwirtschaft in der Region Le Boulou.<\/p>\n\n\n\n<h2 class=\"wp-block-heading\">Bio-Sauerteigbrot: eine unumg\u00e4ngliche Spezialit\u00e4t<\/h2>\n\n\n\n<p>Eines der Produkte, auf das wir stolz sind, ist unser Bio-Sauerteigbrot, das jeden Tag in unserer alten Backstube gebacken wird.<\/p>\n\n\n\n<h3 class=\"wp-block-heading\">Warum Sauerteig?<\/h3>\n\n\n\n<ul class=\"wp-block-list\">\n<li>Erleichterte Verdauung<\/li>\n\n\n\n<li>Niedrigerer glyk\u00e4mischer Index<\/li>\n\n\n\n<li>Bessere Konservierung<\/li>\n\n\n\n<li>Authentischer und rustikaler Geschmack<\/li>\n<\/ul>\n\n\n\n<p>Wir bieten verschiedene Sorten an:<\/p>\n\n\n\n<ul class=\"wp-block-list\">\n<li>Naturbrot mit Sauerteig<\/li>\n\n\n\n<li>Bio-Vollkornbrot<\/li>\n\n\n\n<li>K\u00f6rnerbrot<\/li>\n\n\n\n<li>Dinkelbrot<\/li>\n<\/ul>\n\n\n\n<h2 class=\"wp-block-heading\">Biologische und lokale Produkte in der N\u00e4he von Le Boulou: was Sie bei uns finden k\u00f6nnen<\/h2>\n\n\n\n<p>Unser Bioladen in der N\u00e4he von Le Boulou bietet mehr als nur eine Gem\u00fcseabteilung. Es ist ein wirklich umweltfreundlicher Lebensraum mit Produkten f\u00fcr alle Bed\u00fcrfnisse des t\u00e4glichen Lebens:<\/p>\n\n\n\n<ul class=\"wp-block-list\">\n<li>Trockenprodukte: H\u00fclsenfr\u00fcchte, Mehl, Getreide, Samen, \u00d6le<\/li>\n\n\n\n<li>\u00d6kologische Reinigungsmittel<\/li>\n\n\n\n<li>Nat\u00fcrliche Kosmetika<\/li>\n\n\n\n<li>Biologische Massenware (Reis, Nudeln, N\u00fcsse, M\u00fcsli...)<\/li>\n\n\n\n<li>Glutenfreie und vegane Produkte<\/li>\n\n\n\n<li>Handwerklich hergestellte Getr\u00e4nke (S\u00e4fte, Kombucha, nat\u00fcrliche Weine)<\/li>\n\n\n\n<li>K\u00e4se vom Bauernhof, Bio-Eier, lokaler Joghurt<\/li>\n<\/ul>\n\n\n\n<h2 class=\"wp-block-heading\">Ein Bio-Lebensmittelgesch\u00e4ft, das sich f\u00fcr die Einwohner von Le Boulou engagiert<\/h2>\n\n\n\n<p>Bei Bio des Alb\u00e8res gehen wir bei unseren Werten keine Kompromisse ein:<\/p>\n\n\n\n<ul class=\"wp-block-list\">\n<li>Zertifizierter biologischer Landbau<\/li>\n\n\n\n<li>Lokale Priorit\u00e4t, Null-Kilometer-Planung so bald wie m\u00f6glich<\/li>\n\n\n\n<li>Famili\u00e4re Atmosph\u00e4re und pers\u00f6nliche Beratung<\/li>\n\n\n\n<li>Null-Abfall-Verpflichtung: Bringen Sie Ihre Gl\u00e4ser, Beutel und T\u00fcten mit.<\/li>\n\n\n\n<li>Austausch von Rezepten, Ideen und Tipps f\u00fcr einen besseren Konsum<\/li>\n<\/ul>\n\n\n\n<h2 class=\"wp-block-heading\">Lieferung und Service in der N\u00e4he von le boulou<\/h2>\n\n\n\n<p>Wohnen Sie in Le Boulou oder einem Nachbardorf? Die gute Nachricht ist, dass wir jede Woche einen individuell zusammengestellten Bio-Korb liefern.<\/p>\n\n\n\n<h3 class=\"wp-block-heading\">Wie funktioniert das?<\/h3>\n\n\n\n<ol class=\"wp-block-list\">\n<li>Sie stellen Ihren Warenkorb zusammen (oder entscheiden sich f\u00fcr eine \u00dcberraschungsauswahl).<\/li>\n\n\n\n<li>Wir bereiten Ihre Bestellung mit frischen Produkten vor<\/li>\n\n\n\n<li>Wir liefern zu Ihnen nach Hause oder an einen Relais-Punkt.<\/li>\n<\/ol>\n\n\n\n<h2 class=\"wp-block-heading\">Wo finden Sie uns? Wie k\u00f6nnen Sie uns kontaktieren?<\/h2>\n\n\n\n<p>Wir befinden uns in Saint-Genis-des-Fontaines, nur wenige Minuten von Le Boulou entfernt.<\/p>\n\n\n\n<p><strong>\u00d6ffnungszeiten:<\/strong><br>Montag bis Samstag: 9.00 - 13.00 Uhr und 15.00 - 19.00 Uhr<br>Sonntag: geschlossen<\/p>\n\n\n\n<p>F\u00fcr Fragen, Ratschl\u00e4ge oder Bestellungen kontaktieren Sie uns bitte hier :&nbsp;<a href=\"https:\/\/www.bio-des-alberes.fr\/de\/contact\/\">Kontakt<\/a><br>Oder besuchen Sie uns in unserem Gesch\u00e4ft:&nbsp;<a href=\"https:\/\/www.bio-des-alberes.fr\/de\/\">Startseite<\/a><\/p>\n\n\n\n<h2 class=\"wp-block-heading\">Erfahrungsberichte unserer Kunden in der N\u00e4he von Le Boulou<\/h2>\n\n\n\n<blockquote class=\"wp-block-quote is-layout-flow wp-block-quote-is-layout-flow\">\n<p>\u201cSeit ich Bio des Alb\u00e8res entdeckt habe, gehe ich nicht mehr woanders hin. Das Brot ist unglaublich und das Gem\u00fcse schmeckt gut\u201d. - Claire B., treue Kundin von le boulou<\/p>\n<\/blockquote>\n\n\n\n<blockquote class=\"wp-block-quote is-layout-flow wp-block-quote-is-layout-flow\">\n<p>\u201cEine echte Alternative zu den gro\u00dfen Superm\u00e4rkten, mit wirklich lokalen Produkten.\u201d - Marc G., Bio-Landwirt in der N\u00e4he von le boulou<\/p>\n<\/blockquote>\n\n\n\n<blockquote class=\"wp-block-quote is-layout-flow wp-block-quote-is-layout-flow\">\n<p>\u201cDas Personal ist leidenschaftlich und h\u00f6rt zu. Ich kann es allen Einwohnern von Le Boulou nur empfehlen.\u201d - Sophie L., Naturheilpraktikerin mit Niederlassung in le boulou<\/p>\n<\/blockquote>\n\n\n\n<h2 class=\"wp-block-heading\">FAQ - Bio-Lebensmittelgesch\u00e4ft le boulou<\/h2>\n\n\n\n<p><strong>Welche Arten von Produkten finden Sie in Ihrem Bio-Lebensmittelgesch\u00e4ft?<\/strong><br>Wir bieten Bio-Lebensmittel, Naturkosmetik, Reinigungsmittel und nat\u00fcrlich Bio-Obst und -Gem\u00fcse der Saison.<\/p>\n\n\n\n<p><strong>Liefern Sie auch nach Hause in Le Boulou?<\/strong><br>Ja, wir liefern jede Woche in mehrere Gemeinden in 66, darunter auch Le Boulou.<\/p>\n\n\n\n<p><strong>Wie k\u00f6nnen Sie wissen, ob Ihre Produkte wirklich lokal sind?<\/strong><br>Jedes Produkt zeigt seine Herkunft an. Wir arbeiten transparent mit zertifizierten Bio-Produzenten aus dem Departement zusammen.<\/p>\n\n\n\n<p><strong>Kann man online bestellen?<\/strong><br>Bestellungen k\u00f6nnen telefonisch oder \u00fcber unsere Kontaktseite aufgegeben werden. Ein Online-Bestellservice ist in der Entwicklung.<\/p>\n\n\n\n<h2 class=\"wp-block-heading\">Fazit: Lokales Bio erwartet Sie nur einen Steinwurf von Le Boulou entfernt.<\/h2>\n\n\n\n<p>Wenn Sie einen Bio-Lebensmittelladen in der N\u00e4he von Le Boulou suchen, brauchen Sie nicht weiter zu suchen. Bei Bio des Alb\u00e8res finden Sie :<\/p>\n\n\n\n<ul class=\"wp-block-list\">\n<li>Authentische Bio-Produkte<\/li>\n\n\n\n<li>Echter menschlicher Kontakt<\/li>\n\n\n\n<li>Ein Engagement f\u00fcr das Gebiet 66<\/li>\n\n\n\n<li>Einwandfreie Qualit\u00e4t<\/li>\n<\/ul>\n\n\n\n<p>Werden Sie Teil unserer Gemeinschaft verantwortungsbewusster Verbraucher.<br>Entscheiden Sie sich f\u00fcr Geschmack, Gesundheit und den Planeten.<br>Besuchen Sie unseren Shop oder kontaktieren Sie uns noch heute:<br><a href=\"https:\/\/www.bio-des-alberes.fr\/de\/\">Startseite<\/a>&nbsp;\u2013&nbsp;<a href=\"https:\/\/www.bio-des-alberes.fr\/de\/contact\/\">Kontaktseite<\/a><\/p>","protected":false},"excerpt":{"rendered":"<p>Des produits locaux, frais et engag\u00e9s Bienvenue chez Bio des Alb\u00e8res, votre \u00e9picerie bio de confiance pr\u00e8s de le boulou, sp\u00e9cialis\u00e9e dans les produits locaux, fruits et l\u00e9gumes de saison, et le pain au levain bio artisanal. Install\u00e9s au c\u0153ur des Pyr\u00e9n\u00e9es-Orientales, nous vous proposons une s\u00e9lection rigoureuse de produits issus de l\u2019agriculture biologique, du [&hellip;]<\/p>\n","protected":false},"author":1,"featured_media":49,"comment_status":"closed","ping_status":"closed","sticky":false,"template":"","format":"standard","meta":{"_et_pb_use_builder":"","_et_pb_old_content":"","_et_gb_content_width":"","footnotes":""},"categories":[1],"tags":[],"class_list":["post-2059","post","type-post","status-publish","format-standard","has-post-thumbnail","hentry","category-au-bio-des-alberes"],"yoast_head":"<!-- This site is optimized with the Yoast SEO plugin v26.2 - https:\/\/yoast.com\/wordpress\/plugins\/seo\/ -->\n<title>\u00e9picerie bio pr\u00e8s de le boulou<\/title>\n<meta name=\"description\" content=\"D\u00e9couvrez Bio des Alb\u00e8res, votre \u00e9picerie bio pr\u00e8s de le boulou. Fruits et l\u00e9gumes, pain au levain. Le meilleur du bio pr\u00e8s de chez vous !\" \/>\n<meta name=\"robots\" content=\"index, follow, max-snippet:-1, max-image-preview:large, max-video-preview:-1\" \/>\n<link rel=\"canonical\" href=\"https:\/\/www.bio-des-alberes.fr\/de\/epicerie-bio-pres-de-le-boulou-2\/\" \/>\n<meta property=\"og:locale\" content=\"de_DE\" \/>\n<meta property=\"og:type\" content=\"article\" \/>\n<meta property=\"og:title\" content=\"\u00e9picerie bio pr\u00e8s de le boulou\" \/>\n<meta property=\"og:description\" content=\"D\u00e9couvrez Bio des Alb\u00e8res, votre \u00e9picerie bio pr\u00e8s de le boulou. Fruits et l\u00e9gumes, pain au levain. Le meilleur du bio pr\u00e8s de chez vous !\" \/>\n<meta property=\"og:url\" content=\"https:\/\/www.bio-des-alberes.fr\/de\/epicerie-bio-pres-de-le-boulou-2\/\" \/>\n<meta property=\"og:site_name\" content=\"Bio des Alb\u00e8res\" \/>\n<meta property=\"article:publisher\" content=\"https:\/\/www.facebook.com\/p\/Le-bio-des-Albres-61568067446958\/\" \/>\n<meta property=\"article:published_time\" content=\"2025-06-04T15:01:18+00:00\" \/>\n<meta property=\"og:image\" content=\"https:\/\/www.bio-des-alberes.fr\/wp-content\/uploads\/2024\/12\/11200013-scaled.jpg\" \/>\n\t<meta property=\"og:image:width\" content=\"2560\" \/>\n\t<meta property=\"og:image:height\" content=\"1707\" \/>\n\t<meta property=\"og:image:type\" content=\"image\/jpeg\" \/>\n<meta name=\"author\" content=\"biodesalberes\" \/>\n<meta name=\"twitter:card\" content=\"summary_large_image\" \/>\n<meta name=\"twitter:label1\" content=\"Geschrieben von\" \/>\n\t<meta name=\"twitter:data1\" content=\"biodesalberes\" \/>\n\t<meta name=\"twitter:label2\" content=\"Gesch\u00e4tzte Lesezeit\" \/>\n\t<meta name=\"twitter:data2\" content=\"4\u00a0Minuten\" \/>\n<script type=\"application\/ld+json\" class=\"yoast-schema-graph\">{\"@context\":\"https:\/\/schema.org\",\"@graph\":[{\"@type\":\"Article\",\"@id\":\"https:\/\/www.bio-des-alberes.fr\/epicerie-bio-pres-de-le-boulou-2\/#article\",\"isPartOf\":{\"@id\":\"https:\/\/www.bio-des-alberes.fr\/epicerie-bio-pres-de-le-boulou-2\/\"},\"author\":{\"name\":\"biodesalberes\",\"@id\":\"https:\/\/www.bio-des-alberes.fr\/#\/schema\/person\/b207a14ba23699a080c323ee040eca00\"},\"headline\":\"Bio des Alb\u00e8res : votre \u00e9picerie bio pr\u00e8s de le boulou\",\"datePublished\":\"2025-06-04T15:01:18+00:00\",\"mainEntityOfPage\":{\"@id\":\"https:\/\/www.bio-des-alberes.fr\/epicerie-bio-pres-de-le-boulou-2\/\"},\"wordCount\":909,\"publisher\":{\"@id\":\"https:\/\/www.bio-des-alberes.fr\/#organization\"},\"image\":{\"@id\":\"https:\/\/www.bio-des-alberes.fr\/epicerie-bio-pres-de-le-boulou-2\/#primaryimage\"},\"thumbnailUrl\":\"https:\/\/www.bio-des-alberes.fr\/wp-content\/uploads\/2024\/12\/11200013-scaled.jpg\",\"articleSection\":[\"Au Bio des Alb\u00e8res\"],\"inLanguage\":\"de\"},{\"@type\":\"WebPage\",\"@id\":\"https:\/\/www.bio-des-alberes.fr\/epicerie-bio-pres-de-le-boulou-2\/\",\"url\":\"https:\/\/www.bio-des-alberes.fr\/epicerie-bio-pres-de-le-boulou-2\/\",\"name\":\"\u00e9picerie bio pr\u00e8s de le boulou\",\"isPartOf\":{\"@id\":\"https:\/\/www.bio-des-alberes.fr\/#website\"},\"primaryImageOfPage\":{\"@id\":\"https:\/\/www.bio-des-alberes.fr\/epicerie-bio-pres-de-le-boulou-2\/#primaryimage\"},\"image\":{\"@id\":\"https:\/\/www.bio-des-alberes.fr\/epicerie-bio-pres-de-le-boulou-2\/#primaryimage\"},\"thumbnailUrl\":\"https:\/\/www.bio-des-alberes.fr\/wp-content\/uploads\/2024\/12\/11200013-scaled.jpg\",\"datePublished\":\"2025-06-04T15:01:18+00:00\",\"description\":\"D\u00e9couvrez Bio des Alb\u00e8res, votre \u00e9picerie bio pr\u00e8s de le boulou. Fruits et l\u00e9gumes, pain au levain. Le meilleur du bio pr\u00e8s de chez vous !\",\"breadcrumb\":{\"@id\":\"https:\/\/www.bio-des-alberes.fr\/epicerie-bio-pres-de-le-boulou-2\/#breadcrumb\"},\"inLanguage\":\"de\",\"potentialAction\":[{\"@type\":\"ReadAction\",\"target\":[\"https:\/\/www.bio-des-alberes.fr\/epicerie-bio-pres-de-le-boulou-2\/\"]}]},{\"@type\":\"ImageObject\",\"inLanguage\":\"de\",\"@id\":\"https:\/\/www.bio-des-alberes.fr\/epicerie-bio-pres-de-le-boulou-2\/#primaryimage\",\"url\":\"https:\/\/www.bio-des-alberes.fr\/wp-content\/uploads\/2024\/12\/11200013-scaled.jpg\",\"contentUrl\":\"https:\/\/www.bio-des-alberes.fr\/wp-content\/uploads\/2024\/12\/11200013-scaled.jpg\",\"width\":2560,\"height\":1707,\"caption\":\"SAMSUNG CSC\"},{\"@type\":\"BreadcrumbList\",\"@id\":\"https:\/\/www.bio-des-alberes.fr\/epicerie-bio-pres-de-le-boulou-2\/#breadcrumb\",\"itemListElement\":[{\"@type\":\"ListItem\",\"position\":1,\"name\":\"Accueil\",\"item\":\"https:\/\/www.bio-des-alberes.fr\/\"},{\"@type\":\"ListItem\",\"position\":2,\"name\":\"Bio des Alb\u00e8res : votre \u00e9picerie bio pr\u00e8s de le boulou\"}]},{\"@type\":\"WebSite\",\"@id\":\"https:\/\/www.bio-des-alberes.fr\/#website\",\"url\":\"https:\/\/www.bio-des-alberes.fr\/\",\"name\":\"Bio 66 - Magasin bio des Alberes\",\"description\":\"Fruits et l&eacute;gumes bio, produits locaux, &eacute;picerie fine\",\"publisher\":{\"@id\":\"https:\/\/www.bio-des-alberes.fr\/#organization\"},\"potentialAction\":[{\"@type\":\"SearchAction\",\"target\":{\"@type\":\"EntryPoint\",\"urlTemplate\":\"https:\/\/www.bio-des-alberes.fr\/?s={search_term_string}\"},\"query-input\":{\"@type\":\"PropertyValueSpecification\",\"valueRequired\":true,\"valueName\":\"search_term_string\"}}],\"inLanguage\":\"de\"},{\"@type\":\"Organization\",\"@id\":\"https:\/\/www.bio-des-alberes.fr\/#organization\",\"name\":\"Bio des Alb\u00e8res\",\"url\":\"https:\/\/www.bio-des-alberes.fr\/\",\"logo\":{\"@type\":\"ImageObject\",\"inLanguage\":\"de\",\"@id\":\"https:\/\/www.bio-des-alberes.fr\/#\/schema\/logo\/image\/\",\"url\":\"https:\/\/www.bio-des-alberes.fr\/wp-content\/uploads\/2024\/12\/bio-des-alberes-logo2.png\",\"contentUrl\":\"https:\/\/www.bio-des-alberes.fr\/wp-content\/uploads\/2024\/12\/bio-des-alberes-logo2.png\",\"width\":803,\"height\":466,\"caption\":\"Bio des Alb\u00e8res\"},\"image\":{\"@id\":\"https:\/\/www.bio-des-alberes.fr\/#\/schema\/logo\/image\/\"},\"sameAs\":[\"https:\/\/www.facebook.com\/p\/Le-bio-des-Albres-61568067446958\/\"]},{\"@type\":\"Person\",\"@id\":\"https:\/\/www.bio-des-alberes.fr\/#\/schema\/person\/b207a14ba23699a080c323ee040eca00\",\"name\":\"biodesalberes\",\"image\":{\"@type\":\"ImageObject\",\"inLanguage\":\"de\",\"@id\":\"https:\/\/www.bio-des-alberes.fr\/#\/schema\/person\/image\/\",\"url\":\"https:\/\/secure.gravatar.com\/avatar\/6039bbfc6c375e9adfea50b5dfc6bb7c8c601a03cbf0f44a5db56f0a0eead0b8?s=96&d=mm&r=g\",\"contentUrl\":\"https:\/\/secure.gravatar.com\/avatar\/6039bbfc6c375e9adfea50b5dfc6bb7c8c601a03cbf0f44a5db56f0a0eead0b8?s=96&d=mm&r=g\",\"caption\":\"biodesalberes\"},\"sameAs\":[\"https:\/\/www.bio-des-alberes.fr\"],\"url\":\"https:\/\/www.bio-des-alberes.fr\/de\/author\/biodesalberes\/\"}]}<\/script>\n<!-- \/ Yoast SEO plugin. -->","yoast_head_json":{"title":"\u00e9picerie bio pr\u00e8s de le boulou","description":"D\u00e9couvrez Bio des Alb\u00e8res, votre \u00e9picerie bio pr\u00e8s de le boulou. Fruits et l\u00e9gumes, pain au levain. Le meilleur du bio pr\u00e8s de chez vous !","robots":{"index":"index","follow":"follow","max-snippet":"max-snippet:-1","max-image-preview":"max-image-preview:large","max-video-preview":"max-video-preview:-1"},"canonical":"https:\/\/www.bio-des-alberes.fr\/de\/epicerie-bio-pres-de-le-boulou-2\/","og_locale":"de_DE","og_type":"article","og_title":"\u00e9picerie bio pr\u00e8s de le boulou","og_description":"D\u00e9couvrez Bio des Alb\u00e8res, votre \u00e9picerie bio pr\u00e8s de le boulou. Fruits et l\u00e9gumes, pain au levain. Le meilleur du bio pr\u00e8s de chez vous !","og_url":"https:\/\/www.bio-des-alberes.fr\/de\/epicerie-bio-pres-de-le-boulou-2\/","og_site_name":"Bio des Alb\u00e8res","article_publisher":"https:\/\/www.facebook.com\/p\/Le-bio-des-Albres-61568067446958\/","article_published_time":"2025-06-04T15:01:18+00:00","og_image":[{"width":2560,"height":1707,"url":"https:\/\/www.bio-des-alberes.fr\/wp-content\/uploads\/2024\/12\/11200013-scaled.jpg","type":"image\/jpeg"}],"author":"biodesalberes","twitter_card":"summary_large_image","twitter_misc":{"Geschrieben von":"biodesalberes","Gesch\u00e4tzte Lesezeit":"4\u00a0Minuten"},"schema":{"@context":"https:\/\/schema.org","@graph":[{"@type":"Article","@id":"https:\/\/www.bio-des-alberes.fr\/epicerie-bio-pres-de-le-boulou-2\/#article","isPartOf":{"@id":"https:\/\/www.bio-des-alberes.fr\/epicerie-bio-pres-de-le-boulou-2\/"},"author":{"name":"biodesalberes","@id":"https:\/\/www.bio-des-alberes.fr\/#\/schema\/person\/b207a14ba23699a080c323ee040eca00"},"headline":"Bio des Alb\u00e8res : votre \u00e9picerie bio pr\u00e8s de le boulou","datePublished":"2025-06-04T15:01:18+00:00","mainEntityOfPage":{"@id":"https:\/\/www.bio-des-alberes.fr\/epicerie-bio-pres-de-le-boulou-2\/"},"wordCount":909,"publisher":{"@id":"https:\/\/www.bio-des-alberes.fr\/#organization"},"image":{"@id":"https:\/\/www.bio-des-alberes.fr\/epicerie-bio-pres-de-le-boulou-2\/#primaryimage"},"thumbnailUrl":"https:\/\/www.bio-des-alberes.fr\/wp-content\/uploads\/2024\/12\/11200013-scaled.jpg","articleSection":["Au Bio des Alb\u00e8res"],"inLanguage":"de"},{"@type":"WebPage","@id":"https:\/\/www.bio-des-alberes.fr\/epicerie-bio-pres-de-le-boulou-2\/","url":"https:\/\/www.bio-des-alberes.fr\/epicerie-bio-pres-de-le-boulou-2\/","name":"\u00e9picerie bio pr\u00e8s de le boulou","isPartOf":{"@id":"https:\/\/www.bio-des-alberes.fr\/#website"},"primaryImageOfPage":{"@id":"https:\/\/www.bio-des-alberes.fr\/epicerie-bio-pres-de-le-boulou-2\/#primaryimage"},"image":{"@id":"https:\/\/www.bio-des-alberes.fr\/epicerie-bio-pres-de-le-boulou-2\/#primaryimage"},"thumbnailUrl":"https:\/\/www.bio-des-alberes.fr\/wp-content\/uploads\/2024\/12\/11200013-scaled.jpg","datePublished":"2025-06-04T15:01:18+00:00","description":"D\u00e9couvrez Bio des Alb\u00e8res, votre \u00e9picerie bio pr\u00e8s de le boulou. Fruits et l\u00e9gumes, pain au levain. Le meilleur du bio pr\u00e8s de chez vous !","breadcrumb":{"@id":"https:\/\/www.bio-des-alberes.fr\/epicerie-bio-pres-de-le-boulou-2\/#breadcrumb"},"inLanguage":"de","potentialAction":[{"@type":"ReadAction","target":["https:\/\/www.bio-des-alberes.fr\/epicerie-bio-pres-de-le-boulou-2\/"]}]},{"@type":"ImageObject","inLanguage":"de","@id":"https:\/\/www.bio-des-alberes.fr\/epicerie-bio-pres-de-le-boulou-2\/#primaryimage","url":"https:\/\/www.bio-des-alberes.fr\/wp-content\/uploads\/2024\/12\/11200013-scaled.jpg","contentUrl":"https:\/\/www.bio-des-alberes.fr\/wp-content\/uploads\/2024\/12\/11200013-scaled.jpg","width":2560,"height":1707,"caption":"SAMSUNG CSC"},{"@type":"BreadcrumbList","@id":"https:\/\/www.bio-des-alberes.fr\/epicerie-bio-pres-de-le-boulou-2\/#breadcrumb","itemListElement":[{"@type":"ListItem","position":1,"name":"Accueil","item":"https:\/\/www.bio-des-alberes.fr\/"},{"@type":"ListItem","position":2,"name":"Bio des Alb\u00e8res : votre \u00e9picerie bio pr\u00e8s de le boulou"}]},{"@type":"WebSite","@id":"https:\/\/www.bio-des-alberes.fr\/#website","url":"https:\/\/www.bio-des-alberes.fr\/","name":"Bio 66 - Magasin bio des Alberes","description":"Fruits et l&eacute;gumes bio, produits locaux, &eacute;picerie fine","publisher":{"@id":"https:\/\/www.bio-des-alberes.fr\/#organization"},"potentialAction":[{"@type":"SearchAction","target":{"@type":"EntryPoint","urlTemplate":"https:\/\/www.bio-des-alberes.fr\/?s={search_term_string}"},"query-input":{"@type":"PropertyValueSpecification","valueRequired":true,"valueName":"search_term_string"}}],"inLanguage":"de"},{"@type":"Organization","@id":"https:\/\/www.bio-des-alberes.fr\/#organization","name":"Bio des Alb\u00e8res","url":"https:\/\/www.bio-des-alberes.fr\/","logo":{"@type":"ImageObject","inLanguage":"de","@id":"https:\/\/www.bio-des-alberes.fr\/#\/schema\/logo\/image\/","url":"https:\/\/www.bio-des-alberes.fr\/wp-content\/uploads\/2024\/12\/bio-des-alberes-logo2.png","contentUrl":"https:\/\/www.bio-des-alberes.fr\/wp-content\/uploads\/2024\/12\/bio-des-alberes-logo2.png","width":803,"height":466,"caption":"Bio des Alb\u00e8res"},"image":{"@id":"https:\/\/www.bio-des-alberes.fr\/#\/schema\/logo\/image\/"},"sameAs":["https:\/\/www.facebook.com\/p\/Le-bio-des-Albres-61568067446958\/"]},{"@type":"Person","@id":"https:\/\/www.bio-des-alberes.fr\/#\/schema\/person\/b207a14ba23699a080c323ee040eca00","name":"biodesalberes","image":{"@type":"ImageObject","inLanguage":"de","@id":"https:\/\/www.bio-des-alberes.fr\/#\/schema\/person\/image\/","url":"https:\/\/secure.gravatar.com\/avatar\/6039bbfc6c375e9adfea50b5dfc6bb7c8c601a03cbf0f44a5db56f0a0eead0b8?s=96&d=mm&r=g","contentUrl":"https:\/\/secure.gravatar.com\/avatar\/6039bbfc6c375e9adfea50b5dfc6bb7c8c601a03cbf0f44a5db56f0a0eead0b8?s=96&d=mm&r=g","caption":"biodesalberes"},"sameAs":["https:\/\/www.bio-des-alberes.fr"],"url":"https:\/\/www.bio-des-alberes.fr\/de\/author\/biodesalberes\/"}]}},"_links":{"self":[{"href":"https:\/\/www.bio-des-alberes.fr\/de\/wp-json\/wp\/v2\/posts\/2059","targetHints":{"allow":["GET"]}}],"collection":[{"href":"https:\/\/www.bio-des-alberes.fr\/de\/wp-json\/wp\/v2\/posts"}],"about":[{"href":"https:\/\/www.bio-des-alberes.fr\/de\/wp-json\/wp\/v2\/types\/post"}],"author":[{"embeddable":true,"href":"https:\/\/www.bio-des-alberes.fr\/de\/wp-json\/wp\/v2\/users\/1"}],"replies":[{"embeddable":true,"href":"https:\/\/www.bio-des-alberes.fr\/de\/wp-json\/wp\/v2\/comments?post=2059"}],"version-history":[{"count":0,"href":"https:\/\/www.bio-des-alberes.fr\/de\/wp-json\/wp\/v2\/posts\/2059\/revisions"}],"wp:featuredmedia":[{"embeddable":true,"href":"https:\/\/www.bio-des-alberes.fr\/de\/wp-json\/wp\/v2\/media\/49"}],"wp:attachment":[{"href":"https:\/\/www.bio-des-alberes.fr\/de\/wp-json\/wp\/v2\/media?parent=2059"}],"wp:term":[{"taxonomy":"category","embeddable":true,"href":"https:\/\/www.bio-des-alberes.fr\/de\/wp-json\/wp\/v2\/categories?post=2059"},{"taxonomy":"post_tag","embeddable":true,"href":"https:\/\/www.bio-des-alberes.fr\/de\/wp-json\/wp\/v2\/tags?post=2059"}],"curies":[{"name":"wp","href":"https:\/\/api.w.org\/{rel}","templated":true}]}}