{"id":10007,"date":"2025-09-11T16:43:09","date_gmt":"2025-09-11T16:43:09","guid":{"rendered":"https:\/\/www.bio-des-alberes.fr\/?p=10002"},"modified":"2025-09-19T00:22:54","modified_gmt":"2025-09-19T00:22:54","slug":"biocoop-argeles-alternative-bio-alberes-2","status":"publish","type":"post","link":"https:\/\/www.bio-des-alberes.fr\/en\/biocoop-argeles-alternative-bio-alberes-2\/","title":{"rendered":"Biocoop Argel\u00e8s: discover a local alternative with Bio des Alb\u00e8res"},"content":{"rendered":"<p data-start=\"348\" data-end=\"824\">Vous cherchez <strong data-start=\"362\" data-end=\"381\">Biocoop Argel\u00e8s<\/strong> pour vos courses bio ? Avant de vous arr\u00eater dans une grande enseigne nationale, prenez le temps de d\u00e9couvrir <strong data-start=\"492\" data-end=\"511\">Bio des Alb\u00e8res<\/strong>, votre alternative locale situ\u00e9e \u00e0 Laroque des Alb\u00e8res, \u00e0 moins de 15 minutes d\u2019Argel\u00e8s-sur-Mer. Ici, pas de bio d\u00e9connect\u00e9 de son territoire : nous travaillons en <strong data-start=\"682\" data-end=\"701\">circuits courts<\/strong>, r\u00e9mun\u00e9rons \u00e9quitablement nos producteurs et proposons une s\u00e9lection coh\u00e9rente de produits bio, de saison et artisanaux.<\/p>\n<hr data-start=\"826\" data-end=\"829\" \/>\n<h2 data-start=\"831\" data-end=\"888\">Pourquoi comparer Biocoop Argel\u00e8s et Bio des Alb\u00e8res ?<\/h2>\n<p data-start=\"889\" data-end=\"1190\">Beaucoup de consommateurs tapent \u201c<strong data-start=\"923\" data-end=\"942\">Biocoop Argel\u00e8s<\/strong>\u201d par r\u00e9flexe quand ils veulent trouver un magasin bio. Et c\u2019est logique : une enseigne nationale b\u00e9n\u00e9ficie d\u2019une forte visibilit\u00e9. Mais derri\u00e8re cette vitrine se cache une organisation centralis\u00e9e qui ne refl\u00e8te pas toujours les valeurs locales.<\/p>\n<p data-start=\"1192\" data-end=\"1476\">Chez <strong data-start=\"1197\" data-end=\"1216\">Bio des Alb\u00e8res<\/strong>, nous fonctionnons diff\u00e9remment. Pas de centrale d\u2019achat g\u00e9ante : nous collaborons directement avec des producteurs du d\u00e9partement. Cela garantit une <strong data-start=\"1367\" data-end=\"1389\">tra\u00e7abilit\u00e9 claire<\/strong>, une meilleure r\u00e9mun\u00e9ration pour les agriculteurs et une <strong data-start=\"1447\" data-end=\"1473\">fra\u00eecheur incomparable<\/strong>.<\/p>\n<hr data-start=\"1478\" data-end=\"1481\" \/>\n<h2 data-start=\"1483\" data-end=\"1535\">Bio des Alb\u00e8res : circuits courts et authenticit\u00e9<\/h2>\n<h3 data-start=\"1536\" data-end=\"1560\">Une relation directe<\/h3>\n<p data-start=\"1561\" data-end=\"1753\">Notre philosophie repose sur des \u00e9changes humains r\u00e9els. Nos fournisseurs ne sont pas des num\u00e9ros dans un tableur : ce sont des paysans, des boulangers, des apiculteurs que nous connaissons.<\/p>\n<h3 data-start=\"1755\" data-end=\"1791\">R\u00e9duction de l\u2019empreinte carbone<\/h3>\n<p data-start=\"1792\" data-end=\"1998\">L\u00e0 o\u00f9 <strong data-start=\"1798\" data-end=\"1817\">Biocoop Argel\u00e8s<\/strong> s\u2019appuie sur une logistique nationale, nous r\u00e9duisons les interm\u00e9diaires et la distance parcourue par vos aliments. R\u00e9sultat : une empreinte carbone limit\u00e9e, et un go\u00fbt pr\u00e9serv\u00e9.<\/p>\n<hr data-start=\"2000\" data-end=\"2003\" \/>\n<h2 data-start=\"2005\" data-end=\"2035\">Producteurs mieux r\u00e9mun\u00e9r\u00e9s<\/h2>\n<p data-start=\"2036\" data-end=\"2278\">Chez Bio des Alb\u00e8res, nous croyons qu\u2019un prix juste est la condition pour maintenir une agriculture vivante. Les grands r\u00e9seaux cherchent \u00e0 \u00e9quilibrer leurs marges \u00e0 l\u2019\u00e9chelle nationale, ce qui compresse souvent les revenus des producteurs.<\/p>\n<p data-start=\"2280\" data-end=\"2438\">Nous, nous faisons l\u2019inverse. Chaque euro que vous d\u00e9pensez chez nous sert \u00e0 <strong data-start=\"2357\" data-end=\"2435\">p\u00e9renniser une ferme locale, un atelier artisanal, une boulangerie engag\u00e9e<\/strong>.<\/p>\n<hr data-start=\"2440\" data-end=\"2443\" \/>\n<h2 data-start=\"2445\" data-end=\"2475\">Une s\u00e9lection bio coh\u00e9rente<\/h2>\n<h3 data-start=\"2476\" data-end=\"2503\">Pas d\u2019ultra-transform\u00e9s<\/h3>\n<p data-start=\"2504\" data-end=\"2574\">Nous refusons les produits d\u00e9guis\u00e9s en \u201cbio\u201d mais ultra-transform\u00e9s.<\/p>\n<h3 data-start=\"2576\" data-end=\"2609\">De simples produits vrais<\/h3>\n<ul data-start=\"2610\" data-end=\"2963\">\n<li data-start=\"2610\" data-end=\"2699\">\n<p data-start=\"2612\" data-end=\"2699\"><strong data-start=\"2612\" data-end=\"2643\">Fruits et l\u00e9gumes de saison<\/strong> r\u00e9colt\u00e9s dans les Alb\u00e8res et la plaine du Roussillon.<\/p>\n<\/li>\n<li data-start=\"2700\" data-end=\"2774\">\n<p data-start=\"2702\" data-end=\"2774\"><strong data-start=\"2702\" data-end=\"2720\">Pain au levain<\/strong> artisanal, fermentation lente, farines bio locales.<\/p>\n<\/li>\n<li data-start=\"2775\" data-end=\"2843\">\n<p data-start=\"2777\" data-end=\"2843\"><strong data-start=\"2777\" data-end=\"2793\">Organic grocery<\/strong> : l\u00e9gumineuses, farines, huiles, produits secs.<\/p>\n<\/li>\n<li data-start=\"2844\" data-end=\"2906\">\n<p data-start=\"2846\" data-end=\"2906\"><strong data-start=\"2846\" data-end=\"2873\">Produits frais fermiers<\/strong> : fromages, yaourts, laitages.<\/p>\n<\/li>\n<li data-start=\"2907\" data-end=\"2963\">\n<p data-start=\"2909\" data-end=\"2963\"><strong data-start=\"2909\" data-end=\"2932\">Miels et confitures<\/strong> issus de petits producteurs.<\/p>\n<\/li>\n<\/ul>\n<hr data-start=\"2965\" data-end=\"2968\" \/>\n<h2 data-start=\"2970\" data-end=\"3021\">Avantages concrets par rapport \u00e0 Biocoop Argel\u00e8s<\/h2>\n<ul data-start=\"3022\" data-end=\"3385\">\n<li data-start=\"3022\" data-end=\"3101\">\n<p data-start=\"3024\" data-end=\"3101\"><strong data-start=\"3024\" data-end=\"3037\">Proximit\u00e9<\/strong> : \u00e0 10\u201315 minutes d\u2019Argel\u00e8s, acc\u00e8s facile et parking gratuit.<\/p>\n<\/li>\n<li data-start=\"3102\" data-end=\"3166\">\n<p data-start=\"3104\" data-end=\"3166\"><strong data-start=\"3104\" data-end=\"3120\">Convivialit\u00e9<\/strong> : accueil personnalis\u00e9, ambiance familiale.<\/p>\n<\/li>\n<li data-start=\"3167\" data-end=\"3243\">\n<p data-start=\"3169\" data-end=\"3243\"><strong data-start=\"3169\" data-end=\"3185\">Transparence<\/strong> : origine des produits affich\u00e9e, producteurs pr\u00e9sent\u00e9s.<\/p>\n<\/li>\n<li data-start=\"3244\" data-end=\"3312\">\n<p data-start=\"3246\" data-end=\"3312\"><strong data-start=\"3246\" data-end=\"3257\">\u00c9thique<\/strong> : circuits courts, saisonnalit\u00e9, emballages r\u00e9duits.<\/p>\n<\/li>\n<li data-start=\"3313\" data-end=\"3385\">\n<p data-start=\"3315\" data-end=\"3385\"><strong data-start=\"3315\" data-end=\"3330\">Prix justes<\/strong> : comp\u00e9titifs gr\u00e2ce \u00e0 la r\u00e9duction d\u2019interm\u00e9diaires.<\/p>\n<\/li>\n<\/ul>\n<hr data-start=\"3387\" data-end=\"3390\" \/>\n<h2 data-start=\"3392\" data-end=\"3420\">Itin\u00e9raire depuis Argel\u00e8s<\/h2>\n<p data-start=\"3421\" data-end=\"3684\">Depuis le centre d\u2019Argel\u00e8s-sur-Mer, empruntez la D914 en direction de Saint-Genis-des-Fontaines. En moins de 15 minutes, vous arrivez devant Bio des Alb\u00e8res. Vous pensiez aller chez <strong data-start=\"3603\" data-end=\"3622\">Biocoop Argel\u00e8s<\/strong> ? Faites un d\u00e9tour, et testez une alternative plus humaine.<\/p>\n<hr data-start=\"3686\" data-end=\"3689\" \/>\n<h2 data-start=\"3691\" data-end=\"3713\">Comparatif d\u00e9taill\u00e9<\/h2>\n<div class=\"_tableContainer_1rjym_1\">\n<div class=\"group w-fit _tableWrapper_1rjym_13 flex flex-col-reverse\" tabindex=\"-1\">\n<table class=\"w-fit min-w-(--thread-content-width)\" data-start=\"3714\" data-end=\"4133\">\n<thead data-start=\"3714\" data-end=\"3761\">\n<tr data-start=\"3714\" data-end=\"3761\">\n<th data-start=\"3714\" data-end=\"3724\" data-col-size=\"sm\">Crit\u00e8re<\/th>\n<th data-start=\"3724\" data-end=\"3742\" data-col-size=\"sm\">Biocoop Argel\u00e8s<\/th>\n<th data-start=\"3742\" data-end=\"3761\" data-col-size=\"sm\">Bio des Alb\u00e8res<\/th>\n<\/tr>\n<\/thead>\n<tbody data-start=\"3810\" data-end=\"4133\">\n<tr data-start=\"3810\" data-end=\"3863\">\n<td data-start=\"3810\" data-end=\"3821\" data-col-size=\"sm\">Circuits<\/td>\n<td data-start=\"3821\" data-end=\"3844\" data-col-size=\"sm\">Logistique nationale<\/td>\n<td data-start=\"3844\" data-end=\"3863\" data-col-size=\"sm\">Circuits courts<\/td>\n<\/tr>\n<tr data-start=\"3864\" data-end=\"3927\">\n<td data-start=\"3864\" data-end=\"3878\" data-col-size=\"sm\">Producteurs<\/td>\n<td data-start=\"3878\" data-end=\"3905\" data-col-size=\"sm\">R\u00e9mun\u00e9ration centralis\u00e9e<\/td>\n<td data-start=\"3905\" data-end=\"3927\" data-col-size=\"sm\">Juste prix garanti<\/td>\n<\/tr>\n<tr data-start=\"3928\" data-end=\"4008\">\n<td data-start=\"3928\" data-end=\"3940\" data-col-size=\"sm\">S\u00e9lection<\/td>\n<td data-start=\"3940\" data-end=\"3978\" data-col-size=\"sm\">Catalogue large, parfois incoh\u00e9rent<\/td>\n<td data-start=\"3978\" data-end=\"4008\" data-col-size=\"sm\">Choix r\u00e9duit mais coh\u00e9rent<\/td>\n<\/tr>\n<tr data-start=\"4009\" data-end=\"4059\">\n<td data-start=\"4009\" data-end=\"4027\" data-col-size=\"sm\">Relation client<\/td>\n<td data-start=\"4027\" data-end=\"4042\" data-col-size=\"sm\">Standardis\u00e9e<\/td>\n<td data-start=\"4042\" data-end=\"4059\" data-col-size=\"sm\">Personnalis\u00e9e<\/td>\n<\/tr>\n<tr data-start=\"4060\" data-end=\"4133\">\n<td data-start=\"4060\" data-end=\"4075\" data-col-size=\"sm\">Impact local<\/td>\n<td data-start=\"4075\" data-end=\"4096\" data-col-size=\"sm\">Dilution nationale<\/td>\n<td data-start=\"4096\" data-end=\"4133\" data-col-size=\"sm\">Soutien direct aux fermes locales<\/td>\n<\/tr>\n<\/tbody>\n<\/table>\n<\/div>\n<\/div>\n<hr data-start=\"4135\" data-end=\"4138\" \/>\n<h2 data-start=\"4140\" data-end=\"4185\">Conseils pour consommer bio intelligemment<\/h2>\n<ol data-start=\"4186\" data-end=\"4525\">\n<li data-start=\"4186\" data-end=\"4252\">\n<p data-start=\"4189\" data-end=\"4252\"><strong data-start=\"4189\" data-end=\"4214\">Privil\u00e9gier la saison<\/strong> : meilleure qualit\u00e9, meilleur prix.<\/p>\n<\/li>\n<li data-start=\"4253\" data-end=\"4336\">\n<p data-start=\"4256\" data-end=\"4336\"><strong data-start=\"4256\" data-end=\"4279\">Lire les \u00e9tiquettes<\/strong> : bio ne veut pas dire sain si c\u2019est ultra-transform\u00e9.<\/p>\n<\/li>\n<li data-start=\"4337\" data-end=\"4397\">\n<p data-start=\"4340\" data-end=\"4397\"><strong data-start=\"4340\" data-end=\"4362\">Favoriser le local<\/strong> : impact environnemental r\u00e9duit.<\/p>\n<\/li>\n<li data-start=\"4398\" data-end=\"4453\">\n<p data-start=\"4401\" data-end=\"4453\"><strong data-start=\"4401\" data-end=\"4426\">Planifier ses courses<\/strong> : limiter le gaspillage.<\/p>\n<\/li>\n<li data-start=\"4454\" data-end=\"4525\">\n<p data-start=\"4457\" data-end=\"4525\"><strong data-start=\"4457\" data-end=\"4491\">D\u00e9couvrir de nouveaux produits<\/strong> : diversifier son alimentation.<\/p>\n<\/li>\n<\/ol>\n<hr data-start=\"4527\" data-end=\"4530\" \/>\n<h2 data-start=\"4532\" data-end=\"4562\">Erreurs fr\u00e9quentes \u00e0 \u00e9viter<\/h2>\n<ul data-start=\"4563\" data-end=\"4749\">\n<li data-start=\"4563\" data-end=\"4613\">\n<p data-start=\"4565\" data-end=\"4613\">Penser que toutes les enseignes bios se valent.<\/p>\n<\/li>\n<li data-start=\"4614\" data-end=\"4638\">\n<p data-start=\"4616\" data-end=\"4638\">Acheter hors saison.<\/p>\n<\/li>\n<li data-start=\"4639\" data-end=\"4694\">\n<p data-start=\"4641\" data-end=\"4694\">Croire que \u201cmoins cher\u201d est forc\u00e9ment plus durable.<\/p>\n<\/li>\n<li data-start=\"4695\" data-end=\"4749\">\n<p data-start=\"4697\" data-end=\"4749\">Oublier de v\u00e9rifier l\u2019origine r\u00e9elle des produits.<\/p>\n<\/li>\n<\/ul>\n<hr data-start=\"4751\" data-end=\"4754\" \/>\n<h2 data-start=\"4756\" data-end=\"4775\">Bonnes pratiques<\/h2>\n<ul data-start=\"4776\" data-end=\"4981\">\n<li data-start=\"4776\" data-end=\"4831\">\n<p data-start=\"4778\" data-end=\"4831\">Introduire chaque semaine un produit local nouveau.<\/p>\n<\/li>\n<li data-start=\"4832\" data-end=\"4872\">\n<p data-start=\"4834\" data-end=\"4872\">Varier les c\u00e9r\u00e9ales et l\u00e9gumineuses.<\/p>\n<\/li>\n<li data-start=\"4873\" data-end=\"4911\">\n<p data-start=\"4875\" data-end=\"4911\">R\u00e9apprendre \u00e0 cuisiner simplement.<\/p>\n<\/li>\n<li data-start=\"4912\" data-end=\"4981\">\n<p data-start=\"4914\" data-end=\"4981\">Redonner une place aux fermentations (levain, lactofermentation).<\/p>\n<\/li>\n<\/ul>\n<hr data-start=\"4983\" data-end=\"4986\" \/>\n<h2 data-start=\"4988\" data-end=\"4994\">FAQ<\/h2>\n<h3 data-start=\"4995\" data-end=\"5054\">Bio des Alb\u00e8res est-il moins cher que Biocoop Argel\u00e8s ?<\/h3>\n<p data-start=\"5055\" data-end=\"5163\">Pas toujours, mais nous garantissons des prix <strong data-start=\"5101\" data-end=\"5111\">justes<\/strong> et souvent comp\u00e9titifs gr\u00e2ce aux circuits courts.<\/p>\n<h3 data-start=\"5165\" data-end=\"5215\">Proposez-vous uniquement des produits locaux ?<\/h3>\n<p data-start=\"5216\" data-end=\"5362\">Notre priorit\u00e9 est le local. Pour les produits impossibles \u00e0 produire ici (caf\u00e9, th\u00e9, agrumes), nous travaillons avec des fili\u00e8res bio engag\u00e9es.<\/p>\n<h3 data-start=\"5364\" data-end=\"5389\">O\u00f9 \u00eates-vous situ\u00e9s ?<\/h3>\n<p data-start=\"5390\" data-end=\"5451\">\u00c0 <strong data-start=\"5392\" data-end=\"5421\">Saint-Genis-des-Fontaines<\/strong>, \u00e0 10\u201315 minutes d\u2019Argel\u00e8s.<\/p>\n<h3 data-start=\"5453\" data-end=\"5478\">Faites-vous du vrac ?<\/h3>\n<p data-start=\"5479\" data-end=\"5558\">Oui, quand c\u2019est pertinent pour \u00e9viter le suremballage et assurer la qualit\u00e9.<\/p>\n<hr data-start=\"5560\" data-end=\"5563\" \/>\n<h2 data-start=\"5565\" data-end=\"5578\">Conclusion<\/h2>\n<p data-start=\"5579\" data-end=\"5833\">Si vous cherchez <strong data-start=\"5596\" data-end=\"5615\">Biocoop Argel\u00e8s<\/strong>, sachez qu\u2019une alternative existe : <strong data-start=\"5652\" data-end=\"5671\">Bio des Alb\u00e8res<\/strong>. Plus proche, plus transparente et plus \u00e9thique. Venez d\u00e9couvrir un magasin bio ind\u00e9pendant qui d\u00e9fend des valeurs authentiques et donne du sens \u00e0 vos courses.<\/p>\n<p data-start=\"6249\" data-end=\"6290\">","protected":false},"excerpt":{"rendered":"<p>Vous cherchez Biocoop Argel\u00e8s pour vos courses bio ? Avant de vous arr\u00eater dans une grande enseigne nationale, prenez le temps de d\u00e9couvrir Bio des Alb\u00e8res, votre alternative locale situ\u00e9e \u00e0 Laroque des Alb\u00e8res, \u00e0 moins de 15 minutes d\u2019Argel\u00e8s-sur-Mer. Ici, pas de bio d\u00e9connect\u00e9 de son territoire : nous travaillons en circuits courts, r\u00e9mun\u00e9rons [&hellip;]<\/p>\n","protected":false},"author":1,"featured_media":22,"comment_status":"closed","ping_status":"closed","sticky":false,"template":"","format":"standard","meta":{"_et_pb_use_builder":"","_et_pb_old_content":"","_et_gb_content_width":"1080","footnotes":""},"categories":[10,9],"tags":[11,12,13],"class_list":["post-10007","post","type-post","status-publish","format-standard","has-post-thumbnail","hentry","category-argeles-sur-mer","category-magasin-bio","tag-biocoop-argeles","tag-circuits-courts","tag-producteurs-locaux"],"yoast_head":"<!-- This site is optimized with the Yoast SEO plugin v26.2 - https:\/\/yoast.com\/wordpress\/plugins\/seo\/ -->\n<title>Biocoop Argel\u00e8s : d\u00e9couvrez une alternative locale<\/title>\n<meta name=\"description\" content=\"Vous cherchez Biocoop Argel\u00e8s ? D\u00e9couvrez Bio des Alb\u00e8res : circuits courts, producteurs locaux mieux r\u00e9mun\u00e9r\u00e9s, produits bio authentiques\" \/>\n<meta name=\"robots\" content=\"index, follow, max-snippet:-1, max-image-preview:large, max-video-preview:-1\" \/>\n<link rel=\"canonical\" href=\"https:\/\/www.bio-des-alberes.fr\/en\/biocoop-argeles-alternative-bio-alberes\/\" \/>\n<meta property=\"og:locale\" content=\"en_US\" \/>\n<meta property=\"og:type\" content=\"article\" \/>\n<meta property=\"og:title\" content=\"Biocoop Argel\u00e8s : d\u00e9couvrez une alternative locale\" \/>\n<meta property=\"og:description\" content=\"Vous cherchez Biocoop Argel\u00e8s ? D\u00e9couvrez Bio des Alb\u00e8res : circuits courts, producteurs locaux mieux r\u00e9mun\u00e9r\u00e9s, produits bio authentiques\" \/>\n<meta property=\"og:url\" content=\"https:\/\/www.bio-des-alberes.fr\/en\/biocoop-argeles-alternative-bio-alberes\/\" \/>\n<meta property=\"og:site_name\" content=\"Bio des Alb\u00e8res\" \/>\n<meta property=\"article:publisher\" content=\"https:\/\/www.facebook.com\/p\/Le-bio-des-Albres-61568067446958\/\" \/>\n<meta property=\"article:published_time\" content=\"2025-09-11T16:43:09+00:00\" \/>\n<meta property=\"article:modified_time\" content=\"2025-09-19T00:22:54+00:00\" \/>\n<meta property=\"og:image\" content=\"https:\/\/www.bio-des-alberes.fr\/wp-content\/uploads\/2024\/12\/food-coop-3.jpg\" \/>\n\t<meta property=\"og:image:width\" content=\"1280\" \/>\n\t<meta property=\"og:image:height\" content=\"550\" \/>\n\t<meta property=\"og:image:type\" content=\"image\/jpeg\" \/>\n<meta name=\"author\" content=\"biodesalberes\" \/>\n<meta name=\"twitter:card\" content=\"summary_large_image\" \/>\n<meta name=\"twitter:label1\" content=\"Written by\" \/>\n\t<meta name=\"twitter:data1\" content=\"biodesalberes\" \/>\n\t<meta name=\"twitter:label2\" content=\"Est. reading time\" \/>\n\t<meta name=\"twitter:data2\" content=\"4 minutes\" \/>\n<script type=\"application\/ld+json\" class=\"yoast-schema-graph\">{\"@context\":\"https:\/\/schema.org\",\"@graph\":[{\"@type\":\"Article\",\"@id\":\"https:\/\/www.bio-des-alberes.fr\/biocoop-argeles-alternative-bio-alberes\/#article\",\"isPartOf\":{\"@id\":\"https:\/\/www.bio-des-alberes.fr\/biocoop-argeles-alternative-bio-alberes-2\/\"},\"author\":{\"name\":\"biodesalberes\",\"@id\":\"https:\/\/www.bio-des-alberes.fr\/#\/schema\/person\/b207a14ba23699a080c323ee040eca00\"},\"headline\":\"Biocoop Argel\u00e8s : d\u00e9couvrez une alternative locale avec Bio des Alb\u00e8res\",\"datePublished\":\"2025-09-11T16:43:09+00:00\",\"dateModified\":\"2025-09-19T00:22:54+00:00\",\"mainEntityOfPage\":{\"@id\":\"https:\/\/www.bio-des-alberes.fr\/biocoop-argeles-alternative-bio-alberes-2\/\"},\"wordCount\":811,\"publisher\":{\"@id\":\"https:\/\/www.bio-des-alberes.fr\/#organization\"},\"image\":{\"@id\":\"https:\/\/www.bio-des-alberes.fr\/biocoop-argeles-alternative-bio-alberes\/#primaryimage\"},\"thumbnailUrl\":\"https:\/\/www.bio-des-alberes.fr\/wp-content\/uploads\/2024\/12\/food-coop-3.jpg\",\"keywords\":[\"Biocoop Argel\u00e8s\",\"Circuits courts\",\"Producteurs locaux\"],\"articleSection\":[\"Argel\u00e8s-sur-Mer\",\"Magasin bio\"],\"inLanguage\":\"en-US\"},{\"@type\":\"WebPage\",\"@id\":\"https:\/\/www.bio-des-alberes.fr\/biocoop-argeles-alternative-bio-alberes-2\/\",\"url\":\"https:\/\/www.bio-des-alberes.fr\/biocoop-argeles-alternative-bio-alberes\/\",\"name\":\"Biocoop Argel\u00e8s : d\u00e9couvrez une alternative locale\",\"isPartOf\":{\"@id\":\"https:\/\/www.bio-des-alberes.fr\/#website\"},\"primaryImageOfPage\":{\"@id\":\"https:\/\/www.bio-des-alberes.fr\/biocoop-argeles-alternative-bio-alberes\/#primaryimage\"},\"image\":{\"@id\":\"https:\/\/www.bio-des-alberes.fr\/biocoop-argeles-alternative-bio-alberes\/#primaryimage\"},\"thumbnailUrl\":\"https:\/\/www.bio-des-alberes.fr\/wp-content\/uploads\/2024\/12\/food-coop-3.jpg\",\"datePublished\":\"2025-09-11T16:43:09+00:00\",\"dateModified\":\"2025-09-19T00:22:54+00:00\",\"description\":\"Vous cherchez Biocoop Argel\u00e8s ? D\u00e9couvrez Bio des Alb\u00e8res : circuits courts, producteurs locaux mieux r\u00e9mun\u00e9r\u00e9s, produits bio authentiques\",\"breadcrumb\":{\"@id\":\"https:\/\/www.bio-des-alberes.fr\/biocoop-argeles-alternative-bio-alberes\/#breadcrumb\"},\"inLanguage\":\"en-US\",\"potentialAction\":[{\"@type\":\"ReadAction\",\"target\":[\"https:\/\/www.bio-des-alberes.fr\/biocoop-argeles-alternative-bio-alberes\/\"]}]},{\"@type\":\"ImageObject\",\"inLanguage\":\"en-US\",\"@id\":\"https:\/\/www.bio-des-alberes.fr\/biocoop-argeles-alternative-bio-alberes\/#primaryimage\",\"url\":\"https:\/\/www.bio-des-alberes.fr\/wp-content\/uploads\/2024\/12\/food-coop-3.jpg\",\"contentUrl\":\"https:\/\/www.bio-des-alberes.fr\/wp-content\/uploads\/2024\/12\/food-coop-3.jpg\",\"width\":1280,\"height\":550},{\"@type\":\"BreadcrumbList\",\"@id\":\"https:\/\/www.bio-des-alberes.fr\/biocoop-argeles-alternative-bio-alberes\/#breadcrumb\",\"itemListElement\":[{\"@type\":\"ListItem\",\"position\":1,\"name\":\"Accueil\",\"item\":\"https:\/\/www.bio-des-alberes.fr\/\"},{\"@type\":\"ListItem\",\"position\":2,\"name\":\"Biocoop Argel\u00e8s : d\u00e9couvrez une alternative locale avec Bio des Alb\u00e8res\"}]},{\"@type\":\"WebSite\",\"@id\":\"https:\/\/www.bio-des-alberes.fr\/#website\",\"url\":\"https:\/\/www.bio-des-alberes.fr\/\",\"name\":\"Bio 66 - Magasin bio des Alberes\",\"description\":\"Fruits et l&eacute;gumes bio, produits locaux, &eacute;picerie fine\",\"publisher\":{\"@id\":\"https:\/\/www.bio-des-alberes.fr\/#organization\"},\"potentialAction\":[{\"@type\":\"SearchAction\",\"target\":{\"@type\":\"EntryPoint\",\"urlTemplate\":\"https:\/\/www.bio-des-alberes.fr\/?s={search_term_string}\"},\"query-input\":{\"@type\":\"PropertyValueSpecification\",\"valueRequired\":true,\"valueName\":\"search_term_string\"}}],\"inLanguage\":\"en-US\"},{\"@type\":\"Organization\",\"@id\":\"https:\/\/www.bio-des-alberes.fr\/#organization\",\"name\":\"Bio des Alb\u00e8res\",\"url\":\"https:\/\/www.bio-des-alberes.fr\/\",\"logo\":{\"@type\":\"ImageObject\",\"inLanguage\":\"en-US\",\"@id\":\"https:\/\/www.bio-des-alberes.fr\/#\/schema\/logo\/image\/\",\"url\":\"https:\/\/www.bio-des-alberes.fr\/wp-content\/uploads\/2024\/12\/bio-des-alberes-logo2.png\",\"contentUrl\":\"https:\/\/www.bio-des-alberes.fr\/wp-content\/uploads\/2024\/12\/bio-des-alberes-logo2.png\",\"width\":803,\"height\":466,\"caption\":\"Bio des Alb\u00e8res\"},\"image\":{\"@id\":\"https:\/\/www.bio-des-alberes.fr\/#\/schema\/logo\/image\/\"},\"sameAs\":[\"https:\/\/www.facebook.com\/p\/Le-bio-des-Albres-61568067446958\/\"]},{\"@type\":\"Person\",\"@id\":\"https:\/\/www.bio-des-alberes.fr\/#\/schema\/person\/b207a14ba23699a080c323ee040eca00\",\"name\":\"biodesalberes\",\"image\":{\"@type\":\"ImageObject\",\"inLanguage\":\"en-US\",\"@id\":\"https:\/\/www.bio-des-alberes.fr\/#\/schema\/person\/image\/\",\"url\":\"https:\/\/secure.gravatar.com\/avatar\/6039bbfc6c375e9adfea50b5dfc6bb7c8c601a03cbf0f44a5db56f0a0eead0b8?s=96&d=mm&r=g\",\"contentUrl\":\"https:\/\/secure.gravatar.com\/avatar\/6039bbfc6c375e9adfea50b5dfc6bb7c8c601a03cbf0f44a5db56f0a0eead0b8?s=96&d=mm&r=g\",\"caption\":\"biodesalberes\"},\"sameAs\":[\"https:\/\/www.bio-des-alberes.fr\"],\"url\":\"https:\/\/www.bio-des-alberes.fr\/en\/author\/biodesalberes\/\"}]}<\/script>\n<!-- \/ Yoast SEO plugin. -->","yoast_head_json":{"title":"Biocoop Argel\u00e8s : d\u00e9couvrez une alternative locale","description":"Vous cherchez Biocoop Argel\u00e8s ? D\u00e9couvrez Bio des Alb\u00e8res : circuits courts, producteurs locaux mieux r\u00e9mun\u00e9r\u00e9s, produits bio authentiques","robots":{"index":"index","follow":"follow","max-snippet":"max-snippet:-1","max-image-preview":"max-image-preview:large","max-video-preview":"max-video-preview:-1"},"canonical":"https:\/\/www.bio-des-alberes.fr\/en\/biocoop-argeles-alternative-bio-alberes\/","og_locale":"en_US","og_type":"article","og_title":"Biocoop Argel\u00e8s : d\u00e9couvrez une alternative locale","og_description":"Vous cherchez Biocoop Argel\u00e8s ? D\u00e9couvrez Bio des Alb\u00e8res : circuits courts, producteurs locaux mieux r\u00e9mun\u00e9r\u00e9s, produits bio authentiques","og_url":"https:\/\/www.bio-des-alberes.fr\/en\/biocoop-argeles-alternative-bio-alberes\/","og_site_name":"Bio des Alb\u00e8res","article_publisher":"https:\/\/www.facebook.com\/p\/Le-bio-des-Albres-61568067446958\/","article_published_time":"2025-09-11T16:43:09+00:00","article_modified_time":"2025-09-19T00:22:54+00:00","og_image":[{"width":1280,"height":550,"url":"https:\/\/www.bio-des-alberes.fr\/wp-content\/uploads\/2024\/12\/food-coop-3.jpg","type":"image\/jpeg"}],"author":"biodesalberes","twitter_card":"summary_large_image","twitter_misc":{"Written by":"biodesalberes","Est. reading time":"4 minutes"},"schema":{"@context":"https:\/\/schema.org","@graph":[{"@type":"Article","@id":"https:\/\/www.bio-des-alberes.fr\/biocoop-argeles-alternative-bio-alberes\/#article","isPartOf":{"@id":"https:\/\/www.bio-des-alberes.fr\/biocoop-argeles-alternative-bio-alberes-2\/"},"author":{"name":"biodesalberes","@id":"https:\/\/www.bio-des-alberes.fr\/#\/schema\/person\/b207a14ba23699a080c323ee040eca00"},"headline":"Biocoop Argel\u00e8s : d\u00e9couvrez une alternative locale avec Bio des Alb\u00e8res","datePublished":"2025-09-11T16:43:09+00:00","dateModified":"2025-09-19T00:22:54+00:00","mainEntityOfPage":{"@id":"https:\/\/www.bio-des-alberes.fr\/biocoop-argeles-alternative-bio-alberes-2\/"},"wordCount":811,"publisher":{"@id":"https:\/\/www.bio-des-alberes.fr\/#organization"},"image":{"@id":"https:\/\/www.bio-des-alberes.fr\/biocoop-argeles-alternative-bio-alberes\/#primaryimage"},"thumbnailUrl":"https:\/\/www.bio-des-alberes.fr\/wp-content\/uploads\/2024\/12\/food-coop-3.jpg","keywords":["Biocoop Argel\u00e8s","Circuits courts","Producteurs locaux"],"articleSection":["Argel\u00e8s-sur-Mer","Magasin bio"],"inLanguage":"en-US"},{"@type":"WebPage","@id":"https:\/\/www.bio-des-alberes.fr\/biocoop-argeles-alternative-bio-alberes-2\/","url":"https:\/\/www.bio-des-alberes.fr\/biocoop-argeles-alternative-bio-alberes\/","name":"Biocoop Argel\u00e8s : d\u00e9couvrez une alternative locale","isPartOf":{"@id":"https:\/\/www.bio-des-alberes.fr\/#website"},"primaryImageOfPage":{"@id":"https:\/\/www.bio-des-alberes.fr\/biocoop-argeles-alternative-bio-alberes\/#primaryimage"},"image":{"@id":"https:\/\/www.bio-des-alberes.fr\/biocoop-argeles-alternative-bio-alberes\/#primaryimage"},"thumbnailUrl":"https:\/\/www.bio-des-alberes.fr\/wp-content\/uploads\/2024\/12\/food-coop-3.jpg","datePublished":"2025-09-11T16:43:09+00:00","dateModified":"2025-09-19T00:22:54+00:00","description":"Vous cherchez Biocoop Argel\u00e8s ? D\u00e9couvrez Bio des Alb\u00e8res : circuits courts, producteurs locaux mieux r\u00e9mun\u00e9r\u00e9s, produits bio authentiques","breadcrumb":{"@id":"https:\/\/www.bio-des-alberes.fr\/biocoop-argeles-alternative-bio-alberes\/#breadcrumb"},"inLanguage":"en-US","potentialAction":[{"@type":"ReadAction","target":["https:\/\/www.bio-des-alberes.fr\/biocoop-argeles-alternative-bio-alberes\/"]}]},{"@type":"ImageObject","inLanguage":"en-US","@id":"https:\/\/www.bio-des-alberes.fr\/biocoop-argeles-alternative-bio-alberes\/#primaryimage","url":"https:\/\/www.bio-des-alberes.fr\/wp-content\/uploads\/2024\/12\/food-coop-3.jpg","contentUrl":"https:\/\/www.bio-des-alberes.fr\/wp-content\/uploads\/2024\/12\/food-coop-3.jpg","width":1280,"height":550},{"@type":"BreadcrumbList","@id":"https:\/\/www.bio-des-alberes.fr\/biocoop-argeles-alternative-bio-alberes\/#breadcrumb","itemListElement":[{"@type":"ListItem","position":1,"name":"Accueil","item":"https:\/\/www.bio-des-alberes.fr\/"},{"@type":"ListItem","position":2,"name":"Biocoop Argel\u00e8s : d\u00e9couvrez une alternative locale avec Bio des Alb\u00e8res"}]},{"@type":"WebSite","@id":"https:\/\/www.bio-des-alberes.fr\/#website","url":"https:\/\/www.bio-des-alberes.fr\/","name":"Bio 66 - Magasin bio des Alberes","description":"Fruits et l&eacute;gumes bio, produits locaux, &eacute;picerie fine","publisher":{"@id":"https:\/\/www.bio-des-alberes.fr\/#organization"},"potentialAction":[{"@type":"SearchAction","target":{"@type":"EntryPoint","urlTemplate":"https:\/\/www.bio-des-alberes.fr\/?s={search_term_string}"},"query-input":{"@type":"PropertyValueSpecification","valueRequired":true,"valueName":"search_term_string"}}],"inLanguage":"en-US"},{"@type":"Organization","@id":"https:\/\/www.bio-des-alberes.fr\/#organization","name":"Bio des Alb\u00e8res","url":"https:\/\/www.bio-des-alberes.fr\/","logo":{"@type":"ImageObject","inLanguage":"en-US","@id":"https:\/\/www.bio-des-alberes.fr\/#\/schema\/logo\/image\/","url":"https:\/\/www.bio-des-alberes.fr\/wp-content\/uploads\/2024\/12\/bio-des-alberes-logo2.png","contentUrl":"https:\/\/www.bio-des-alberes.fr\/wp-content\/uploads\/2024\/12\/bio-des-alberes-logo2.png","width":803,"height":466,"caption":"Bio des Alb\u00e8res"},"image":{"@id":"https:\/\/www.bio-des-alberes.fr\/#\/schema\/logo\/image\/"},"sameAs":["https:\/\/www.facebook.com\/p\/Le-bio-des-Albres-61568067446958\/"]},{"@type":"Person","@id":"https:\/\/www.bio-des-alberes.fr\/#\/schema\/person\/b207a14ba23699a080c323ee040eca00","name":"biodesalberes","image":{"@type":"ImageObject","inLanguage":"en-US","@id":"https:\/\/www.bio-des-alberes.fr\/#\/schema\/person\/image\/","url":"https:\/\/secure.gravatar.com\/avatar\/6039bbfc6c375e9adfea50b5dfc6bb7c8c601a03cbf0f44a5db56f0a0eead0b8?s=96&d=mm&r=g","contentUrl":"https:\/\/secure.gravatar.com\/avatar\/6039bbfc6c375e9adfea50b5dfc6bb7c8c601a03cbf0f44a5db56f0a0eead0b8?s=96&d=mm&r=g","caption":"biodesalberes"},"sameAs":["https:\/\/www.bio-des-alberes.fr"],"url":"https:\/\/www.bio-des-alberes.fr\/en\/author\/biodesalberes\/"}]}},"_links":{"self":[{"href":"https:\/\/www.bio-des-alberes.fr\/en\/wp-json\/wp\/v2\/posts\/10007","targetHints":{"allow":["GET"]}}],"collection":[{"href":"https:\/\/www.bio-des-alberes.fr\/en\/wp-json\/wp\/v2\/posts"}],"about":[{"href":"https:\/\/www.bio-des-alberes.fr\/en\/wp-json\/wp\/v2\/types\/post"}],"author":[{"embeddable":true,"href":"https:\/\/www.bio-des-alberes.fr\/en\/wp-json\/wp\/v2\/users\/1"}],"replies":[{"embeddable":true,"href":"https:\/\/www.bio-des-alberes.fr\/en\/wp-json\/wp\/v2\/comments?post=10007"}],"version-history":[{"count":1,"href":"https:\/\/www.bio-des-alberes.fr\/en\/wp-json\/wp\/v2\/posts\/10007\/revisions"}],"predecessor-version":[{"id":10024,"href":"https:\/\/www.bio-des-alberes.fr\/en\/wp-json\/wp\/v2\/posts\/10007\/revisions\/10024"}],"wp:featuredmedia":[{"embeddable":true,"href":"https:\/\/www.bio-des-alberes.fr\/en\/wp-json\/wp\/v2\/media\/22"}],"wp:attachment":[{"href":"https:\/\/www.bio-des-alberes.fr\/en\/wp-json\/wp\/v2\/media?parent=10007"}],"wp:term":[{"taxonomy":"category","embeddable":true,"href":"https:\/\/www.bio-des-alberes.fr\/en\/wp-json\/wp\/v2\/categories?post=10007"},{"taxonomy":"post_tag","embeddable":true,"href":"https:\/\/www.bio-des-alberes.fr\/en\/wp-json\/wp\/v2\/tags?post=10007"}],"curies":[{"name":"wp","href":"https:\/\/api.w.org\/{rel}","templated":true}]}}