{"id":2039,"date":"2025-06-04T15:01:09","date_gmt":"2025-06-04T15:01:09","guid":{"rendered":"https:\/\/www.bio-des-alberes.fr\/epicerie-bio-pres-de-sainte-marie\/"},"modified":"2025-06-04T15:01:09","modified_gmt":"2025-06-04T15:01:09","slug":"epicerie-bio-pres-de-sainte-marie","status":"publish","type":"post","link":"https:\/\/www.bio-des-alberes.fr\/en\/epicerie-bio-pres-de-sainte-marie\/","title":{"rendered":"Bio des Alb\u00e8res: your organic grocery store near sainte-marie"},"content":{"rendered":"<h1 class=\"wp-block-heading\">Local, fresh and committed<\/h1>\n\n\n\n<p>Bienvenue chez Bio des Alb\u00e8res, votre \u00e9picerie bio de confiance pr\u00e8s de sainte-marie, sp\u00e9cialis\u00e9e dans les produits locaux, fruits et l\u00e9gumes de saison, et le pain au levain bio artisanal. Install\u00e9s au c\u0153ur des Pyr\u00e9n\u00e9es-Orientales, nous vous proposons une s\u00e9lection rigoureuse de produits issus de l\u2019agriculture biologique, du terroir et du respect des saisons.<\/p>\n\n\n\n<h2 class=\"wp-block-heading\">Pourquoi choisir une \u00e9picerie bio pr\u00e8s de sainte-marie ?<\/h2>\n\n\n\n<ul class=\"wp-block-list\">\n<li>Less transport, more freshness: short circuit guaranteed<\/li>\n\n\n\n<li>Support for local producers in 66<\/li>\n\n\n\n<li>Zero superfluous: only useful, good and natural products<\/li>\n\n\n\n<li>Less packaging, more ethics<\/li>\n<\/ul>\n\n\n\n<p>Chez Bio des Alb\u00e8res, nous croyons que chaque achat compte. C\u2019est pourquoi nos clients de sainte-marie et des alentours trouvent chez nous bien plus qu\u2019un simple commerce : une vraie communaut\u00e9 autour du bien manger.<\/p>\n\n\n\n<h2 class=\"wp-block-heading\">Fruits et l\u00e9gumes bio sainte-marie : le go\u00fbt des saisons<\/h2>\n\n\n\n<p>Notre rayon de fruits et l\u00e9gumes bio pr\u00e8s de sainte-marie est sans doute l\u2019un des plus appr\u00e9ci\u00e9s. Chaque semaine, nous s\u00e9lectionnons des produits r\u00e9colt\u00e9s \u00e0 maturit\u00e9, selon la saison, cultiv\u00e9s sans engrais chimiques ni pesticides.<\/p>\n\n\n\n<ul class=\"wp-block-list\">\n<li>In summer: heirloom tomatoes, zucchinis, melons, watermelons<\/li>\n\n\n\n<li>In autumn: apples, pumpkins, cauliflower<\/li>\n\n\n\n<li>In winter: organic oranges, carrots, beets<\/li>\n\n\n\n<li>Spring: field strawberries, asparagus, radishes<\/li>\n<\/ul>\n\n\n\n<p>Tous nos fruits et l\u00e9gumes sont issus de fermes locales, souvent \u00e0 moins de 50 km de notre boutique. Cela garantit une fra\u00eecheur incomparable et soutient l\u2019agriculture biologique de la r\u00e9gion sainte-marie.<\/p>\n\n\n\n<h2 class=\"wp-block-heading\">Organic sourdough bread: a must-have speciality<\/h2>\n\n\n\n<p>One of our proudest products is our organic sourdough bread, baked daily in our old-fashioned bakery.<\/p>\n\n\n\n<h3 class=\"wp-block-heading\">Why sourdough?<\/h3>\n\n\n\n<ul class=\"wp-block-list\">\n<li>Easier digestion<\/li>\n\n\n\n<li>Lower glycemic index<\/li>\n\n\n\n<li>Better preservation<\/li>\n\n\n\n<li>Authentic, rustic taste<\/li>\n<\/ul>\n\n\n\n<p>We offer several varieties:<\/p>\n\n\n\n<ul class=\"wp-block-list\">\n<li>Plain sourdough bread<\/li>\n\n\n\n<li>Organic wholemeal bread<\/li>\n\n\n\n<li>Seed bread<\/li>\n\n\n\n<li>Small spelt bread<\/li>\n<\/ul>\n\n\n\n<h2 class=\"wp-block-heading\">Produits bio et locaux pr\u00e8s de sainte-marie : ce que vous trouverez chez nous<\/h2>\n\n\n\n<p>Notre magasin bio pr\u00e8s de sainte-marie propose bien plus qu\u2019un rayon de l\u00e9gumes. C\u2019est un v\u00e9ritable espace de vie \u00e9coresponsable, avec des produits pour chaque besoin du quotidien :<\/p>\n\n\n\n<ul class=\"wp-block-list\">\n<li>Dry products: pulses, flours, cereals, seeds, oils<\/li>\n\n\n\n<li>Ecological cleaning products<\/li>\n\n\n\n<li>Natural cosmetics<\/li>\n\n\n\n<li>Organic bulk (rice, pasta, nuts, muesli...)<\/li>\n\n\n\n<li>Gluten-free and vegan products<\/li>\n\n\n\n<li>Artisanal beverages (juices, kombucha, natural wines)<\/li>\n\n\n\n<li>Farmhouse cheeses, organic eggs, local yoghurts<\/li>\n<\/ul>\n\n\n\n<h2 class=\"wp-block-heading\">Une \u00e9picerie bio engag\u00e9e aupr\u00e8s des habitants de sainte-marie<\/h2>\n\n\n\n<p>At Bio des Alb\u00e8res, we don't compromise on our values:<\/p>\n\n\n\n<ul class=\"wp-block-list\">\n<li>Certified organic farming<\/li>\n\n\n\n<li>Local priority, zero kilometers as soon as possible<\/li>\n\n\n\n<li>Family atmosphere and personal advice<\/li>\n\n\n\n<li>Zero waste commitment: bring your own jars, bags, etc.<\/li>\n\n\n\n<li>Sharing recipes, ideas and tips for better consumption<\/li>\n<\/ul>\n\n\n\n<h2 class=\"wp-block-heading\">Livraison et services pr\u00e8s de sainte-marie<\/h2>\n\n\n\n<p>Vous habitez sainte-marie ou un village voisin ? Bonne nouvelle : nous proposons la livraison de paniers bio personnalis\u00e9s chaque semaine.<\/p>\n\n\n\n<h3 class=\"wp-block-heading\">How does it work?<\/h3>\n\n\n\n<ol class=\"wp-block-list\">\n<li>Put together your basket (or opt for a surprise selection)<\/li>\n\n\n\n<li>We prepare your order with fresh products<\/li>\n\n\n\n<li>We deliver to your door or to a point-relais<\/li>\n<\/ol>\n\n\n\n<h2 class=\"wp-block-heading\">How to find us How to contact us<\/h2>\n\n\n\n<p>Nous sommes situ\u00e9s \u00e0 Saint-Genis-des-Fontaines, \u00e0 quelques minutes seulement de sainte-marie.<\/p>\n\n\n\n<p><strong>Opening hours :<\/strong><br>Monday to Saturday: 9 a.m. to 1 p.m. and 3 p.m. to 7 p.m.<br>Sunday: closed<\/p>\n\n\n\n<p>For questions, advice or orders, please contact us here:&nbsp;<a href=\"https:\/\/www.bio-des-alberes.fr\/en\/contact\/\">Contact<\/a><br>Or come and see us in store:&nbsp;<a href=\"https:\/\/www.bio-des-alberes.fr\/en\/\">Home<\/a><\/p>\n\n\n\n<h2 class=\"wp-block-heading\">T\u00e9moignages de nos clients pr\u00e8s de sainte-marie<\/h2>\n\n\n\n<blockquote class=\"wp-block-quote is-layout-flow wp-block-quote-is-layout-flow\">\n<p>\u201cDepuis que j\u2019ai d\u00e9couvert Bio des Alb\u00e8res, je ne vais plus ailleurs. Le pain est incroyable et les l\u00e9gumes ont du go\u00fbt.\u201d \u2014 Claire B., cliente fid\u00e8le de sainte-marie<\/p>\n<\/blockquote>\n\n\n\n<blockquote class=\"wp-block-quote is-layout-flow wp-block-quote-is-layout-flow\">\n<p>\u201cUne vraie alternative aux grandes surfaces, avec des produits vraiment locaux.\u201d \u2014 Marc G., agriculteur bio \u00e0 proximit\u00e9 de sainte-marie<\/p>\n<\/blockquote>\n\n\n\n<blockquote class=\"wp-block-quote is-layout-flow wp-block-quote-is-layout-flow\">\n<p>\u201cLe personnel est passionn\u00e9 et \u00e0 l\u2019\u00e9coute. Je recommande vivement \u00e0 tous les habitants de sainte-marie.\u201d \u2014 Sophie L., naturopathe install\u00e9e \u00e0 sainte-marie<\/p>\n<\/blockquote>\n\n\n\n<h2 class=\"wp-block-heading\">FAQ \u2013 \u00c9picerie bio sainte-marie<\/h2>\n\n\n\n<p><strong>What types of products can you find in your organic grocery store?<\/strong><br>We offer organic food products, natural cosmetics, cleaning products and, of course, seasonal organic fruit and vegetables.<\/p>\n\n\n\n<p><strong>Est-ce que vous livrez \u00e0 domicile \u00e0 sainte-marie ?<\/strong><br>Oui, nous livrons chaque semaine dans plusieurs communes du 66, dont sainte-marie.<\/p>\n\n\n\n<p><strong>How do you know if your products are really local?<\/strong><br>Each product displays its origin. We work transparently with certified organic producers in the department.<\/p>\n\n\n\n<p><strong>Can I order online?<\/strong><br>Orders can be placed by telephone or via our contact page. An online ordering service is currently under development.<\/p>\n\n\n\n<h2 class=\"wp-block-heading\">Conclusion : le bio local vous attend \u00e0 deux pas de sainte-marie<\/h2>\n\n\n\n<p>Si vous cherchez une \u00e9picerie bio pr\u00e8s de sainte-marie, ne cherchez plus. Chez Bio des Alb\u00e8res, vous trouverez :<\/p>\n\n\n\n<ul class=\"wp-block-list\">\n<li>Authentic organic products<\/li>\n\n\n\n<li>Real human contact<\/li>\n\n\n\n<li>A commitment to the 66 region<\/li>\n\n\n\n<li>Impeccable quality<\/li>\n<\/ul>\n\n\n\n<p>Join our community of responsible consumers.<br>Choose taste, health and the planet.<br>Come and discover the store or contact us today:<br><a href=\"https:\/\/www.bio-des-alberes.fr\/en\/\">Home page<\/a>&nbsp;\u2013&nbsp;<a href=\"https:\/\/www.bio-des-alberes.fr\/en\/contact\/\">Contact page<\/a><\/p>","protected":false},"excerpt":{"rendered":"<p>Des produits locaux, frais et engag\u00e9s Bienvenue chez Bio des Alb\u00e8res, votre \u00e9picerie bio de confiance pr\u00e8s de sainte-marie, sp\u00e9cialis\u00e9e dans les produits locaux, fruits et l\u00e9gumes de saison, et le pain au levain bio artisanal. Install\u00e9s au c\u0153ur des Pyr\u00e9n\u00e9es-Orientales, nous vous proposons une s\u00e9lection rigoureuse de produits issus de l\u2019agriculture biologique, du terroir [&hellip;]<\/p>\n","protected":false},"author":1,"featured_media":59,"comment_status":"closed","ping_status":"closed","sticky":false,"template":"","format":"standard","meta":{"_et_pb_use_builder":"","_et_pb_old_content":"","_et_gb_content_width":"","footnotes":""},"categories":[1],"tags":[],"class_list":["post-2039","post","type-post","status-publish","format-standard","has-post-thumbnail","hentry","category-au-bio-des-alberes"],"yoast_head":"<!-- This site is optimized with the Yoast SEO plugin v26.2 - https:\/\/yoast.com\/wordpress\/plugins\/seo\/ -->\n<title>\u00e9picerie bio pr\u00e8s de sainte-marie<\/title>\n<meta name=\"description\" content=\"D\u00e9couvrez Bio des Alb\u00e8res, votre \u00e9picerie bio pr\u00e8s de sainte-marie. Fruits et l\u00e9gumes, pain au levain. Le meilleur du bio pr\u00e8s de chez vous !\" \/>\n<meta name=\"robots\" content=\"index, follow, max-snippet:-1, max-image-preview:large, max-video-preview:-1\" \/>\n<link rel=\"canonical\" href=\"https:\/\/www.bio-des-alberes.fr\/en\/epicerie-bio-pres-de-sainte-marie\/\" \/>\n<meta property=\"og:locale\" content=\"en_US\" \/>\n<meta property=\"og:type\" content=\"article\" \/>\n<meta property=\"og:title\" content=\"\u00e9picerie bio pr\u00e8s de sainte-marie\" \/>\n<meta property=\"og:description\" content=\"D\u00e9couvrez Bio des Alb\u00e8res, votre \u00e9picerie bio pr\u00e8s de sainte-marie. Fruits et l\u00e9gumes, pain au levain. Le meilleur du bio pr\u00e8s de chez vous !\" \/>\n<meta property=\"og:url\" content=\"https:\/\/www.bio-des-alberes.fr\/en\/epicerie-bio-pres-de-sainte-marie\/\" \/>\n<meta property=\"og:site_name\" content=\"Bio des Alb\u00e8res\" \/>\n<meta property=\"article:publisher\" content=\"https:\/\/www.facebook.com\/p\/Le-bio-des-Albres-61568067446958\/\" \/>\n<meta property=\"article:published_time\" content=\"2025-06-04T15:01:09+00:00\" \/>\n<meta property=\"og:image\" content=\"https:\/\/www.bio-des-alberes.fr\/wp-content\/uploads\/2024\/12\/11200023-scaled.jpg\" \/>\n\t<meta property=\"og:image:width\" content=\"2560\" \/>\n\t<meta property=\"og:image:height\" content=\"1707\" \/>\n\t<meta property=\"og:image:type\" content=\"image\/jpeg\" \/>\n<meta name=\"author\" content=\"biodesalberes\" \/>\n<meta name=\"twitter:card\" content=\"summary_large_image\" \/>\n<meta name=\"twitter:label1\" content=\"Written by\" \/>\n\t<meta name=\"twitter:data1\" content=\"biodesalberes\" \/>\n\t<meta name=\"twitter:label2\" content=\"Est. reading time\" \/>\n\t<meta name=\"twitter:data2\" content=\"4 minutes\" \/>\n<script type=\"application\/ld+json\" class=\"yoast-schema-graph\">{\"@context\":\"https:\/\/schema.org\",\"@graph\":[{\"@type\":\"Article\",\"@id\":\"https:\/\/www.bio-des-alberes.fr\/epicerie-bio-pres-de-sainte-marie\/#article\",\"isPartOf\":{\"@id\":\"https:\/\/www.bio-des-alberes.fr\/epicerie-bio-pres-de-sainte-marie\/\"},\"author\":{\"name\":\"biodesalberes\",\"@id\":\"https:\/\/www.bio-des-alberes.fr\/#\/schema\/person\/b207a14ba23699a080c323ee040eca00\"},\"headline\":\"Bio des Alb\u00e8res : votre \u00e9picerie bio pr\u00e8s de sainte-marie\",\"datePublished\":\"2025-06-04T15:01:09+00:00\",\"mainEntityOfPage\":{\"@id\":\"https:\/\/www.bio-des-alberes.fr\/epicerie-bio-pres-de-sainte-marie\/\"},\"wordCount\":886,\"publisher\":{\"@id\":\"https:\/\/www.bio-des-alberes.fr\/#organization\"},\"image\":{\"@id\":\"https:\/\/www.bio-des-alberes.fr\/epicerie-bio-pres-de-sainte-marie\/#primaryimage\"},\"thumbnailUrl\":\"https:\/\/www.bio-des-alberes.fr\/wp-content\/uploads\/2024\/12\/11200023-scaled.jpg\",\"articleSection\":[\"Au Bio des Alb\u00e8res\"],\"inLanguage\":\"en-US\"},{\"@type\":\"WebPage\",\"@id\":\"https:\/\/www.bio-des-alberes.fr\/epicerie-bio-pres-de-sainte-marie\/\",\"url\":\"https:\/\/www.bio-des-alberes.fr\/epicerie-bio-pres-de-sainte-marie\/\",\"name\":\"\u00e9picerie bio pr\u00e8s de sainte-marie\",\"isPartOf\":{\"@id\":\"https:\/\/www.bio-des-alberes.fr\/#website\"},\"primaryImageOfPage\":{\"@id\":\"https:\/\/www.bio-des-alberes.fr\/epicerie-bio-pres-de-sainte-marie\/#primaryimage\"},\"image\":{\"@id\":\"https:\/\/www.bio-des-alberes.fr\/epicerie-bio-pres-de-sainte-marie\/#primaryimage\"},\"thumbnailUrl\":\"https:\/\/www.bio-des-alberes.fr\/wp-content\/uploads\/2024\/12\/11200023-scaled.jpg\",\"datePublished\":\"2025-06-04T15:01:09+00:00\",\"description\":\"D\u00e9couvrez Bio des Alb\u00e8res, votre \u00e9picerie bio pr\u00e8s de sainte-marie. Fruits et l\u00e9gumes, pain au levain. Le meilleur du bio pr\u00e8s de chez vous !\",\"breadcrumb\":{\"@id\":\"https:\/\/www.bio-des-alberes.fr\/epicerie-bio-pres-de-sainte-marie\/#breadcrumb\"},\"inLanguage\":\"en-US\",\"potentialAction\":[{\"@type\":\"ReadAction\",\"target\":[\"https:\/\/www.bio-des-alberes.fr\/epicerie-bio-pres-de-sainte-marie\/\"]}]},{\"@type\":\"ImageObject\",\"inLanguage\":\"en-US\",\"@id\":\"https:\/\/www.bio-des-alberes.fr\/epicerie-bio-pres-de-sainte-marie\/#primaryimage\",\"url\":\"https:\/\/www.bio-des-alberes.fr\/wp-content\/uploads\/2024\/12\/11200023-scaled.jpg\",\"contentUrl\":\"https:\/\/www.bio-des-alberes.fr\/wp-content\/uploads\/2024\/12\/11200023-scaled.jpg\",\"width\":2560,\"height\":1707,\"caption\":\"SAMSUNG CSC\"},{\"@type\":\"BreadcrumbList\",\"@id\":\"https:\/\/www.bio-des-alberes.fr\/epicerie-bio-pres-de-sainte-marie\/#breadcrumb\",\"itemListElement\":[{\"@type\":\"ListItem\",\"position\":1,\"name\":\"Accueil\",\"item\":\"https:\/\/www.bio-des-alberes.fr\/\"},{\"@type\":\"ListItem\",\"position\":2,\"name\":\"Bio des Alb\u00e8res : votre \u00e9picerie bio pr\u00e8s de sainte-marie\"}]},{\"@type\":\"WebSite\",\"@id\":\"https:\/\/www.bio-des-alberes.fr\/#website\",\"url\":\"https:\/\/www.bio-des-alberes.fr\/\",\"name\":\"Bio 66 - Magasin bio des Alberes\",\"description\":\"Fruits et l&eacute;gumes bio, produits locaux, &eacute;picerie fine\",\"publisher\":{\"@id\":\"https:\/\/www.bio-des-alberes.fr\/#organization\"},\"potentialAction\":[{\"@type\":\"SearchAction\",\"target\":{\"@type\":\"EntryPoint\",\"urlTemplate\":\"https:\/\/www.bio-des-alberes.fr\/?s={search_term_string}\"},\"query-input\":{\"@type\":\"PropertyValueSpecification\",\"valueRequired\":true,\"valueName\":\"search_term_string\"}}],\"inLanguage\":\"en-US\"},{\"@type\":\"Organization\",\"@id\":\"https:\/\/www.bio-des-alberes.fr\/#organization\",\"name\":\"Bio des Alb\u00e8res\",\"url\":\"https:\/\/www.bio-des-alberes.fr\/\",\"logo\":{\"@type\":\"ImageObject\",\"inLanguage\":\"en-US\",\"@id\":\"https:\/\/www.bio-des-alberes.fr\/#\/schema\/logo\/image\/\",\"url\":\"https:\/\/www.bio-des-alberes.fr\/wp-content\/uploads\/2024\/12\/bio-des-alberes-logo2.png\",\"contentUrl\":\"https:\/\/www.bio-des-alberes.fr\/wp-content\/uploads\/2024\/12\/bio-des-alberes-logo2.png\",\"width\":803,\"height\":466,\"caption\":\"Bio des Alb\u00e8res\"},\"image\":{\"@id\":\"https:\/\/www.bio-des-alberes.fr\/#\/schema\/logo\/image\/\"},\"sameAs\":[\"https:\/\/www.facebook.com\/p\/Le-bio-des-Albres-61568067446958\/\"]},{\"@type\":\"Person\",\"@id\":\"https:\/\/www.bio-des-alberes.fr\/#\/schema\/person\/b207a14ba23699a080c323ee040eca00\",\"name\":\"biodesalberes\",\"image\":{\"@type\":\"ImageObject\",\"inLanguage\":\"en-US\",\"@id\":\"https:\/\/www.bio-des-alberes.fr\/#\/schema\/person\/image\/\",\"url\":\"https:\/\/secure.gravatar.com\/avatar\/6039bbfc6c375e9adfea50b5dfc6bb7c8c601a03cbf0f44a5db56f0a0eead0b8?s=96&d=mm&r=g\",\"contentUrl\":\"https:\/\/secure.gravatar.com\/avatar\/6039bbfc6c375e9adfea50b5dfc6bb7c8c601a03cbf0f44a5db56f0a0eead0b8?s=96&d=mm&r=g\",\"caption\":\"biodesalberes\"},\"sameAs\":[\"https:\/\/www.bio-des-alberes.fr\"],\"url\":\"https:\/\/www.bio-des-alberes.fr\/en\/author\/biodesalberes\/\"}]}<\/script>\n<!-- \/ Yoast SEO plugin. -->","yoast_head_json":{"title":"\u00e9picerie bio pr\u00e8s de sainte-marie","description":"D\u00e9couvrez Bio des Alb\u00e8res, votre \u00e9picerie bio pr\u00e8s de sainte-marie. Fruits et l\u00e9gumes, pain au levain. Le meilleur du bio pr\u00e8s de chez vous !","robots":{"index":"index","follow":"follow","max-snippet":"max-snippet:-1","max-image-preview":"max-image-preview:large","max-video-preview":"max-video-preview:-1"},"canonical":"https:\/\/www.bio-des-alberes.fr\/en\/epicerie-bio-pres-de-sainte-marie\/","og_locale":"en_US","og_type":"article","og_title":"\u00e9picerie bio pr\u00e8s de sainte-marie","og_description":"D\u00e9couvrez Bio des Alb\u00e8res, votre \u00e9picerie bio pr\u00e8s de sainte-marie. Fruits et l\u00e9gumes, pain au levain. Le meilleur du bio pr\u00e8s de chez vous !","og_url":"https:\/\/www.bio-des-alberes.fr\/en\/epicerie-bio-pres-de-sainte-marie\/","og_site_name":"Bio des Alb\u00e8res","article_publisher":"https:\/\/www.facebook.com\/p\/Le-bio-des-Albres-61568067446958\/","article_published_time":"2025-06-04T15:01:09+00:00","og_image":[{"width":2560,"height":1707,"url":"https:\/\/www.bio-des-alberes.fr\/wp-content\/uploads\/2024\/12\/11200023-scaled.jpg","type":"image\/jpeg"}],"author":"biodesalberes","twitter_card":"summary_large_image","twitter_misc":{"Written by":"biodesalberes","Est. reading time":"4 minutes"},"schema":{"@context":"https:\/\/schema.org","@graph":[{"@type":"Article","@id":"https:\/\/www.bio-des-alberes.fr\/epicerie-bio-pres-de-sainte-marie\/#article","isPartOf":{"@id":"https:\/\/www.bio-des-alberes.fr\/epicerie-bio-pres-de-sainte-marie\/"},"author":{"name":"biodesalberes","@id":"https:\/\/www.bio-des-alberes.fr\/#\/schema\/person\/b207a14ba23699a080c323ee040eca00"},"headline":"Bio des Alb\u00e8res : votre \u00e9picerie bio pr\u00e8s de sainte-marie","datePublished":"2025-06-04T15:01:09+00:00","mainEntityOfPage":{"@id":"https:\/\/www.bio-des-alberes.fr\/epicerie-bio-pres-de-sainte-marie\/"},"wordCount":886,"publisher":{"@id":"https:\/\/www.bio-des-alberes.fr\/#organization"},"image":{"@id":"https:\/\/www.bio-des-alberes.fr\/epicerie-bio-pres-de-sainte-marie\/#primaryimage"},"thumbnailUrl":"https:\/\/www.bio-des-alberes.fr\/wp-content\/uploads\/2024\/12\/11200023-scaled.jpg","articleSection":["Au Bio des Alb\u00e8res"],"inLanguage":"en-US"},{"@type":"WebPage","@id":"https:\/\/www.bio-des-alberes.fr\/epicerie-bio-pres-de-sainte-marie\/","url":"https:\/\/www.bio-des-alberes.fr\/epicerie-bio-pres-de-sainte-marie\/","name":"\u00e9picerie bio pr\u00e8s de sainte-marie","isPartOf":{"@id":"https:\/\/www.bio-des-alberes.fr\/#website"},"primaryImageOfPage":{"@id":"https:\/\/www.bio-des-alberes.fr\/epicerie-bio-pres-de-sainte-marie\/#primaryimage"},"image":{"@id":"https:\/\/www.bio-des-alberes.fr\/epicerie-bio-pres-de-sainte-marie\/#primaryimage"},"thumbnailUrl":"https:\/\/www.bio-des-alberes.fr\/wp-content\/uploads\/2024\/12\/11200023-scaled.jpg","datePublished":"2025-06-04T15:01:09+00:00","description":"D\u00e9couvrez Bio des Alb\u00e8res, votre \u00e9picerie bio pr\u00e8s de sainte-marie. Fruits et l\u00e9gumes, pain au levain. Le meilleur du bio pr\u00e8s de chez vous !","breadcrumb":{"@id":"https:\/\/www.bio-des-alberes.fr\/epicerie-bio-pres-de-sainte-marie\/#breadcrumb"},"inLanguage":"en-US","potentialAction":[{"@type":"ReadAction","target":["https:\/\/www.bio-des-alberes.fr\/epicerie-bio-pres-de-sainte-marie\/"]}]},{"@type":"ImageObject","inLanguage":"en-US","@id":"https:\/\/www.bio-des-alberes.fr\/epicerie-bio-pres-de-sainte-marie\/#primaryimage","url":"https:\/\/www.bio-des-alberes.fr\/wp-content\/uploads\/2024\/12\/11200023-scaled.jpg","contentUrl":"https:\/\/www.bio-des-alberes.fr\/wp-content\/uploads\/2024\/12\/11200023-scaled.jpg","width":2560,"height":1707,"caption":"SAMSUNG CSC"},{"@type":"BreadcrumbList","@id":"https:\/\/www.bio-des-alberes.fr\/epicerie-bio-pres-de-sainte-marie\/#breadcrumb","itemListElement":[{"@type":"ListItem","position":1,"name":"Accueil","item":"https:\/\/www.bio-des-alberes.fr\/"},{"@type":"ListItem","position":2,"name":"Bio des Alb\u00e8res : votre \u00e9picerie bio pr\u00e8s de sainte-marie"}]},{"@type":"WebSite","@id":"https:\/\/www.bio-des-alberes.fr\/#website","url":"https:\/\/www.bio-des-alberes.fr\/","name":"Bio 66 - Magasin bio des Alberes","description":"Fruits et l&eacute;gumes bio, produits locaux, &eacute;picerie fine","publisher":{"@id":"https:\/\/www.bio-des-alberes.fr\/#organization"},"potentialAction":[{"@type":"SearchAction","target":{"@type":"EntryPoint","urlTemplate":"https:\/\/www.bio-des-alberes.fr\/?s={search_term_string}"},"query-input":{"@type":"PropertyValueSpecification","valueRequired":true,"valueName":"search_term_string"}}],"inLanguage":"en-US"},{"@type":"Organization","@id":"https:\/\/www.bio-des-alberes.fr\/#organization","name":"Bio des Alb\u00e8res","url":"https:\/\/www.bio-des-alberes.fr\/","logo":{"@type":"ImageObject","inLanguage":"en-US","@id":"https:\/\/www.bio-des-alberes.fr\/#\/schema\/logo\/image\/","url":"https:\/\/www.bio-des-alberes.fr\/wp-content\/uploads\/2024\/12\/bio-des-alberes-logo2.png","contentUrl":"https:\/\/www.bio-des-alberes.fr\/wp-content\/uploads\/2024\/12\/bio-des-alberes-logo2.png","width":803,"height":466,"caption":"Bio des Alb\u00e8res"},"image":{"@id":"https:\/\/www.bio-des-alberes.fr\/#\/schema\/logo\/image\/"},"sameAs":["https:\/\/www.facebook.com\/p\/Le-bio-des-Albres-61568067446958\/"]},{"@type":"Person","@id":"https:\/\/www.bio-des-alberes.fr\/#\/schema\/person\/b207a14ba23699a080c323ee040eca00","name":"biodesalberes","image":{"@type":"ImageObject","inLanguage":"en-US","@id":"https:\/\/www.bio-des-alberes.fr\/#\/schema\/person\/image\/","url":"https:\/\/secure.gravatar.com\/avatar\/6039bbfc6c375e9adfea50b5dfc6bb7c8c601a03cbf0f44a5db56f0a0eead0b8?s=96&d=mm&r=g","contentUrl":"https:\/\/secure.gravatar.com\/avatar\/6039bbfc6c375e9adfea50b5dfc6bb7c8c601a03cbf0f44a5db56f0a0eead0b8?s=96&d=mm&r=g","caption":"biodesalberes"},"sameAs":["https:\/\/www.bio-des-alberes.fr"],"url":"https:\/\/www.bio-des-alberes.fr\/en\/author\/biodesalberes\/"}]}},"_links":{"self":[{"href":"https:\/\/www.bio-des-alberes.fr\/en\/wp-json\/wp\/v2\/posts\/2039","targetHints":{"allow":["GET"]}}],"collection":[{"href":"https:\/\/www.bio-des-alberes.fr\/en\/wp-json\/wp\/v2\/posts"}],"about":[{"href":"https:\/\/www.bio-des-alberes.fr\/en\/wp-json\/wp\/v2\/types\/post"}],"author":[{"embeddable":true,"href":"https:\/\/www.bio-des-alberes.fr\/en\/wp-json\/wp\/v2\/users\/1"}],"replies":[{"embeddable":true,"href":"https:\/\/www.bio-des-alberes.fr\/en\/wp-json\/wp\/v2\/comments?post=2039"}],"version-history":[{"count":0,"href":"https:\/\/www.bio-des-alberes.fr\/en\/wp-json\/wp\/v2\/posts\/2039\/revisions"}],"wp:featuredmedia":[{"embeddable":true,"href":"https:\/\/www.bio-des-alberes.fr\/en\/wp-json\/wp\/v2\/media\/59"}],"wp:attachment":[{"href":"https:\/\/www.bio-des-alberes.fr\/en\/wp-json\/wp\/v2\/media?parent=2039"}],"wp:term":[{"taxonomy":"category","embeddable":true,"href":"https:\/\/www.bio-des-alberes.fr\/en\/wp-json\/wp\/v2\/categories?post=2039"},{"taxonomy":"post_tag","embeddable":true,"href":"https:\/\/www.bio-des-alberes.fr\/en\/wp-json\/wp\/v2\/tags?post=2039"}],"curies":[{"name":"wp","href":"https:\/\/api.w.org\/{rel}","templated":true}]}}