{"id":982,"date":"2024-12-20T15:30:50","date_gmt":"2024-12-20T15:30:50","guid":{"rendered":"https:\/\/www.bio-des-alberes.fr\/achetez-vos-aliments-sans-gluten-bio-a-port-vendres-66660-avec-bio-des-alberes\/"},"modified":"2024-12-20T15:30:50","modified_gmt":"2024-12-20T15:30:50","slug":"achetez-vos-aliments-sans-gluten-bio-a-port-vendres-66660-avec-bio-des-alberes","status":"publish","type":"post","link":"https:\/\/www.bio-des-alberes.fr\/en\/achetez-vos-aliments-sans-gluten-bio-a-port-vendres-66660-avec-bio-des-alberes\/","title":{"rendered":"Buy your organic gluten-free food in port vendres 66660 with Bio des Alb\u00e8res"},"content":{"rendered":"<p>You are looking for <strong>High quality gluten-free food in port vendres 66660<\/strong> ? Bio des Alb\u00e8res is here to meet all your expectations. Located in the heart of the Pyr\u00e9n\u00e9es-Orientales region, our online store offers a wide range of organic and local products, carefully selected to guarantee freshness, taste and respect for the environment.<\/p>\n<h3><strong>Organic gluten-free foods for a healthy lifestyle in port vendres 66660<\/strong><\/h3>\n<p>At Bio des Alb\u00e8res, we firmly believe in the power of organic products to improve health and preserve the planet. Whether you live in port vendres 66660 or in the surrounding area, we offer you a varied selection of <strong>Gluten-free foods<\/strong> for all your needs:<\/p>\n<ul>\n<li>From <strong>organic fruit and vegetables<\/strong> freshly harvested.<\/li>\n<li>A <strong>organic grocery<\/strong> well-stocked with basic products.<\/li>\n<li>From <strong>local products<\/strong> from the best producers in the port vendres 66660 region.<\/li>\n<\/ul>\n<h3><strong>Why choose Bio des Alb\u00e8res for your gluten-free food in port vendres 66660?<\/strong><\/h3>\n<p>We are committed to offering :<\/p>\n<ol>\n<li><strong>Certified organic products<\/strong> Every product on offer is rigorously selected.<\/li>\n<li><strong>Fair prices<\/strong> : We work directly with local producers to guarantee competitive prices.<\/li>\n<li><strong>A flawless customer experience<\/strong> : Our teams are available to answer all your questions about <strong>Gluten-free foods<\/strong> we offer in port vendres 66660.<\/li>\n<\/ol>\n<h3><strong>Our bestsellers available in port vendres 66660 :<\/strong><\/h3>\n<p>The inhabitants of <strong>port vendres 66660<\/strong> love our :<\/p>\n<ul>\n<li><strong>Organic baskets<\/strong> Our products: seasonal produce.<\/li>\n<li><strong>Natural cosmetics<\/strong> for gentle pampering.<\/li>\n<li><strong>Gluten-free and vegan products<\/strong> perfect for all diets.<\/li>\n<\/ul>\n<h3><strong>Consume better, live better in port vendres 66660<\/strong><\/h3>\n<p>By opting for our <strong>Gluten-free foods<\/strong>, By purchasing our products, you support sustainable, local agriculture that respects biodiversity. Every purchase is a step towards a healthier future, for you and for the planet. In Port Vendres 66660, our organic products are the best alternative for those seeking quality, flavor and respect for the environment.<\/p>\n<h3><strong>Order your organic gluten-free food from port vendres 66660 today!<\/strong><\/h3>\n<p>With Bio des Alb\u00e8res, you have easy access to a wide range of <strong>Gluten-free foods<\/strong> Organic wherever you are in port vendres 66660. Browse our online store and discover products that respect your values and requirements.<\/p>\n<h3><strong>Conclusion: your organic partner in port vendres 66660<\/strong><\/h3>\n<p>Don't wait any longer to adopt a healthy diet and lifestyle thanks to Bio des Alb\u00e8res. Whether you're in Port Vendres 66660 or a neighboring town, our online store is here to help you. <a href=\"https:\/\/www.bio-des-alberes.fr\/en\/contact\/\"><strong>Contact us today<\/strong><\/a> for any questions or orders.<\/p>","protected":false},"excerpt":{"rendered":"<p>Vous recherchez des Aliments sans gluten de qualit\u00e9 sup\u00e9rieure \u00e0 port vendres 66660 ? Bio des Alb\u00e8res est l\u00e0 pour r\u00e9pondre \u00e0 toutes vos attentes. Situ\u00e9e au c\u0153ur des Pyr\u00e9n\u00e9es-Orientales, notre boutique en ligne propose une large gamme de produits bio et locaux, s\u00e9lectionn\u00e9s avec soin pour garantir fra\u00eecheur, go\u00fbt et respect de l\u2019environnement. Des [&hellip;]<\/p>\n","protected":false},"author":1,"featured_media":42,"comment_status":"closed","ping_status":"closed","sticky":false,"template":"","format":"standard","meta":{"_et_pb_use_builder":"","_et_pb_old_content":"","_et_gb_content_width":"","footnotes":""},"categories":[1],"tags":[],"class_list":["post-982","post","type-post","status-publish","format-standard","has-post-thumbnail","hentry","category-au-bio-des-alberes"],"yoast_head":"<!-- This site is optimized with the Yoast SEO plugin v26.2 - https:\/\/yoast.com\/wordpress\/plugins\/seo\/ -->\n<title>Aliments sans gluten bio \u00e0 port vendres 66660<\/title>\n<meta name=\"description\" content=\"D\u00e9couvrez une large gamme de Aliments sans gluten bio \u00e0 port vendres 66660 avec Bio des Alb\u00e8res. Produits locaux, qualit\u00e9 sup\u00e9rieure et livraison rapide.\" \/>\n<meta name=\"robots\" content=\"index, follow, max-snippet:-1, max-image-preview:large, max-video-preview:-1\" \/>\n<link rel=\"canonical\" href=\"https:\/\/www.bio-des-alberes.fr\/en\/achetez-vos-aliments-sans-gluten-bio-a-port-vendres-66660-avec-bio-des-alberes\/\" \/>\n<meta property=\"og:locale\" content=\"en_US\" \/>\n<meta property=\"og:type\" content=\"article\" \/>\n<meta property=\"og:title\" content=\"Aliments sans gluten bio \u00e0 port vendres 66660\" \/>\n<meta property=\"og:description\" content=\"D\u00e9couvrez une large gamme de Aliments sans gluten bio \u00e0 port vendres 66660 avec Bio des Alb\u00e8res. Produits locaux, qualit\u00e9 sup\u00e9rieure et livraison rapide.\" \/>\n<meta property=\"og:url\" content=\"https:\/\/www.bio-des-alberes.fr\/en\/achetez-vos-aliments-sans-gluten-bio-a-port-vendres-66660-avec-bio-des-alberes\/\" \/>\n<meta property=\"og:site_name\" content=\"Bio des Alb\u00e8res\" \/>\n<meta property=\"article:publisher\" content=\"https:\/\/www.facebook.com\/p\/Le-bio-des-Albres-61568067446958\/\" \/>\n<meta property=\"article:published_time\" content=\"2024-12-20T15:30:50+00:00\" \/>\n<meta property=\"og:image\" content=\"https:\/\/www.bio-des-alberes.fr\/wp-content\/uploads\/2024\/12\/11200009-scaled.jpg\" \/>\n\t<meta property=\"og:image:width\" content=\"2560\" \/>\n\t<meta property=\"og:image:height\" content=\"1707\" \/>\n\t<meta property=\"og:image:type\" content=\"image\/jpeg\" \/>\n<meta name=\"author\" content=\"biodesalberes\" \/>\n<meta name=\"twitter:card\" content=\"summary_large_image\" \/>\n<meta name=\"twitter:label1\" content=\"Written by\" \/>\n\t<meta name=\"twitter:data1\" content=\"biodesalberes\" \/>\n\t<meta name=\"twitter:label2\" content=\"Est. reading time\" \/>\n\t<meta name=\"twitter:data2\" content=\"2 minutes\" \/>\n<script type=\"application\/ld+json\" class=\"yoast-schema-graph\">{\"@context\":\"https:\/\/schema.org\",\"@graph\":[{\"@type\":\"Article\",\"@id\":\"https:\/\/www.bio-des-alberes.fr\/achetez-vos-aliments-sans-gluten-bio-a-port-vendres-66660-avec-bio-des-alberes\/#article\",\"isPartOf\":{\"@id\":\"https:\/\/www.bio-des-alberes.fr\/achetez-vos-aliments-sans-gluten-bio-a-port-vendres-66660-avec-bio-des-alberes\/\"},\"author\":{\"name\":\"biodesalberes\",\"@id\":\"https:\/\/www.bio-des-alberes.fr\/#\/schema\/person\/b207a14ba23699a080c323ee040eca00\"},\"headline\":\"Achetez vos Aliments sans gluten bio \u00e0 port vendres 66660 avec Bio des Alb\u00e8res\",\"datePublished\":\"2024-12-20T15:30:50+00:00\",\"mainEntityOfPage\":{\"@id\":\"https:\/\/www.bio-des-alberes.fr\/achetez-vos-aliments-sans-gluten-bio-a-port-vendres-66660-avec-bio-des-alberes\/\"},\"wordCount\":460,\"publisher\":{\"@id\":\"https:\/\/www.bio-des-alberes.fr\/#organization\"},\"image\":{\"@id\":\"https:\/\/www.bio-des-alberes.fr\/achetez-vos-aliments-sans-gluten-bio-a-port-vendres-66660-avec-bio-des-alberes\/#primaryimage\"},\"thumbnailUrl\":\"https:\/\/www.bio-des-alberes.fr\/wp-content\/uploads\/2024\/12\/11200009-scaled.jpg\",\"articleSection\":[\"Au Bio des Alb\u00e8res\"],\"inLanguage\":\"en-US\"},{\"@type\":\"WebPage\",\"@id\":\"https:\/\/www.bio-des-alberes.fr\/achetez-vos-aliments-sans-gluten-bio-a-port-vendres-66660-avec-bio-des-alberes\/\",\"url\":\"https:\/\/www.bio-des-alberes.fr\/achetez-vos-aliments-sans-gluten-bio-a-port-vendres-66660-avec-bio-des-alberes\/\",\"name\":\"Aliments sans gluten bio \u00e0 port vendres 66660\",\"isPartOf\":{\"@id\":\"https:\/\/www.bio-des-alberes.fr\/#website\"},\"primaryImageOfPage\":{\"@id\":\"https:\/\/www.bio-des-alberes.fr\/achetez-vos-aliments-sans-gluten-bio-a-port-vendres-66660-avec-bio-des-alberes\/#primaryimage\"},\"image\":{\"@id\":\"https:\/\/www.bio-des-alberes.fr\/achetez-vos-aliments-sans-gluten-bio-a-port-vendres-66660-avec-bio-des-alberes\/#primaryimage\"},\"thumbnailUrl\":\"https:\/\/www.bio-des-alberes.fr\/wp-content\/uploads\/2024\/12\/11200009-scaled.jpg\",\"datePublished\":\"2024-12-20T15:30:50+00:00\",\"description\":\"D\u00e9couvrez une large gamme de Aliments sans gluten bio \u00e0 port vendres 66660 avec Bio des Alb\u00e8res. Produits locaux, qualit\u00e9 sup\u00e9rieure et livraison rapide.\",\"breadcrumb\":{\"@id\":\"https:\/\/www.bio-des-alberes.fr\/achetez-vos-aliments-sans-gluten-bio-a-port-vendres-66660-avec-bio-des-alberes\/#breadcrumb\"},\"inLanguage\":\"en-US\",\"potentialAction\":[{\"@type\":\"ReadAction\",\"target\":[\"https:\/\/www.bio-des-alberes.fr\/achetez-vos-aliments-sans-gluten-bio-a-port-vendres-66660-avec-bio-des-alberes\/\"]}]},{\"@type\":\"ImageObject\",\"inLanguage\":\"en-US\",\"@id\":\"https:\/\/www.bio-des-alberes.fr\/achetez-vos-aliments-sans-gluten-bio-a-port-vendres-66660-avec-bio-des-alberes\/#primaryimage\",\"url\":\"https:\/\/www.bio-des-alberes.fr\/wp-content\/uploads\/2024\/12\/11200009-scaled.jpg\",\"contentUrl\":\"https:\/\/www.bio-des-alberes.fr\/wp-content\/uploads\/2024\/12\/11200009-scaled.jpg\",\"width\":2560,\"height\":1707,\"caption\":\"SAMSUNG CSC\"},{\"@type\":\"BreadcrumbList\",\"@id\":\"https:\/\/www.bio-des-alberes.fr\/achetez-vos-aliments-sans-gluten-bio-a-port-vendres-66660-avec-bio-des-alberes\/#breadcrumb\",\"itemListElement\":[{\"@type\":\"ListItem\",\"position\":1,\"name\":\"Accueil\",\"item\":\"https:\/\/www.bio-des-alberes.fr\/\"},{\"@type\":\"ListItem\",\"position\":2,\"name\":\"Achetez vos Aliments sans gluten bio \u00e0 port vendres 66660 avec Bio des Alb\u00e8res\"}]},{\"@type\":\"WebSite\",\"@id\":\"https:\/\/www.bio-des-alberes.fr\/#website\",\"url\":\"https:\/\/www.bio-des-alberes.fr\/\",\"name\":\"Bio 66 - Magasin bio des Alberes\",\"description\":\"Fruits et l&eacute;gumes bio, produits locaux, &eacute;picerie fine\",\"publisher\":{\"@id\":\"https:\/\/www.bio-des-alberes.fr\/#organization\"},\"potentialAction\":[{\"@type\":\"SearchAction\",\"target\":{\"@type\":\"EntryPoint\",\"urlTemplate\":\"https:\/\/www.bio-des-alberes.fr\/?s={search_term_string}\"},\"query-input\":{\"@type\":\"PropertyValueSpecification\",\"valueRequired\":true,\"valueName\":\"search_term_string\"}}],\"inLanguage\":\"en-US\"},{\"@type\":\"Organization\",\"@id\":\"https:\/\/www.bio-des-alberes.fr\/#organization\",\"name\":\"Bio des Alb\u00e8res\",\"url\":\"https:\/\/www.bio-des-alberes.fr\/\",\"logo\":{\"@type\":\"ImageObject\",\"inLanguage\":\"en-US\",\"@id\":\"https:\/\/www.bio-des-alberes.fr\/#\/schema\/logo\/image\/\",\"url\":\"https:\/\/www.bio-des-alberes.fr\/wp-content\/uploads\/2024\/12\/bio-des-alberes-logo2.png\",\"contentUrl\":\"https:\/\/www.bio-des-alberes.fr\/wp-content\/uploads\/2024\/12\/bio-des-alberes-logo2.png\",\"width\":803,\"height\":466,\"caption\":\"Bio des Alb\u00e8res\"},\"image\":{\"@id\":\"https:\/\/www.bio-des-alberes.fr\/#\/schema\/logo\/image\/\"},\"sameAs\":[\"https:\/\/www.facebook.com\/p\/Le-bio-des-Albres-61568067446958\/\"]},{\"@type\":\"Person\",\"@id\":\"https:\/\/www.bio-des-alberes.fr\/#\/schema\/person\/b207a14ba23699a080c323ee040eca00\",\"name\":\"biodesalberes\",\"image\":{\"@type\":\"ImageObject\",\"inLanguage\":\"en-US\",\"@id\":\"https:\/\/www.bio-des-alberes.fr\/#\/schema\/person\/image\/\",\"url\":\"https:\/\/secure.gravatar.com\/avatar\/6039bbfc6c375e9adfea50b5dfc6bb7c8c601a03cbf0f44a5db56f0a0eead0b8?s=96&d=mm&r=g\",\"contentUrl\":\"https:\/\/secure.gravatar.com\/avatar\/6039bbfc6c375e9adfea50b5dfc6bb7c8c601a03cbf0f44a5db56f0a0eead0b8?s=96&d=mm&r=g\",\"caption\":\"biodesalberes\"},\"sameAs\":[\"https:\/\/www.bio-des-alberes.fr\"],\"url\":\"https:\/\/www.bio-des-alberes.fr\/en\/author\/biodesalberes\/\"}]}<\/script>\n<!-- \/ Yoast SEO plugin. -->","yoast_head_json":{"title":"Aliments sans gluten bio \u00e0 port vendres 66660","description":"D\u00e9couvrez une large gamme de Aliments sans gluten bio \u00e0 port vendres 66660 avec Bio des Alb\u00e8res. Produits locaux, qualit\u00e9 sup\u00e9rieure et livraison rapide.","robots":{"index":"index","follow":"follow","max-snippet":"max-snippet:-1","max-image-preview":"max-image-preview:large","max-video-preview":"max-video-preview:-1"},"canonical":"https:\/\/www.bio-des-alberes.fr\/en\/achetez-vos-aliments-sans-gluten-bio-a-port-vendres-66660-avec-bio-des-alberes\/","og_locale":"en_US","og_type":"article","og_title":"Aliments sans gluten bio \u00e0 port vendres 66660","og_description":"D\u00e9couvrez une large gamme de Aliments sans gluten bio \u00e0 port vendres 66660 avec Bio des Alb\u00e8res. Produits locaux, qualit\u00e9 sup\u00e9rieure et livraison rapide.","og_url":"https:\/\/www.bio-des-alberes.fr\/en\/achetez-vos-aliments-sans-gluten-bio-a-port-vendres-66660-avec-bio-des-alberes\/","og_site_name":"Bio des Alb\u00e8res","article_publisher":"https:\/\/www.facebook.com\/p\/Le-bio-des-Albres-61568067446958\/","article_published_time":"2024-12-20T15:30:50+00:00","og_image":[{"width":2560,"height":1707,"url":"https:\/\/www.bio-des-alberes.fr\/wp-content\/uploads\/2024\/12\/11200009-scaled.jpg","type":"image\/jpeg"}],"author":"biodesalberes","twitter_card":"summary_large_image","twitter_misc":{"Written by":"biodesalberes","Est. reading time":"2 minutes"},"schema":{"@context":"https:\/\/schema.org","@graph":[{"@type":"Article","@id":"https:\/\/www.bio-des-alberes.fr\/achetez-vos-aliments-sans-gluten-bio-a-port-vendres-66660-avec-bio-des-alberes\/#article","isPartOf":{"@id":"https:\/\/www.bio-des-alberes.fr\/achetez-vos-aliments-sans-gluten-bio-a-port-vendres-66660-avec-bio-des-alberes\/"},"author":{"name":"biodesalberes","@id":"https:\/\/www.bio-des-alberes.fr\/#\/schema\/person\/b207a14ba23699a080c323ee040eca00"},"headline":"Achetez vos Aliments sans gluten bio \u00e0 port vendres 66660 avec Bio des Alb\u00e8res","datePublished":"2024-12-20T15:30:50+00:00","mainEntityOfPage":{"@id":"https:\/\/www.bio-des-alberes.fr\/achetez-vos-aliments-sans-gluten-bio-a-port-vendres-66660-avec-bio-des-alberes\/"},"wordCount":460,"publisher":{"@id":"https:\/\/www.bio-des-alberes.fr\/#organization"},"image":{"@id":"https:\/\/www.bio-des-alberes.fr\/achetez-vos-aliments-sans-gluten-bio-a-port-vendres-66660-avec-bio-des-alberes\/#primaryimage"},"thumbnailUrl":"https:\/\/www.bio-des-alberes.fr\/wp-content\/uploads\/2024\/12\/11200009-scaled.jpg","articleSection":["Au Bio des Alb\u00e8res"],"inLanguage":"en-US"},{"@type":"WebPage","@id":"https:\/\/www.bio-des-alberes.fr\/achetez-vos-aliments-sans-gluten-bio-a-port-vendres-66660-avec-bio-des-alberes\/","url":"https:\/\/www.bio-des-alberes.fr\/achetez-vos-aliments-sans-gluten-bio-a-port-vendres-66660-avec-bio-des-alberes\/","name":"Aliments sans gluten bio \u00e0 port vendres 66660","isPartOf":{"@id":"https:\/\/www.bio-des-alberes.fr\/#website"},"primaryImageOfPage":{"@id":"https:\/\/www.bio-des-alberes.fr\/achetez-vos-aliments-sans-gluten-bio-a-port-vendres-66660-avec-bio-des-alberes\/#primaryimage"},"image":{"@id":"https:\/\/www.bio-des-alberes.fr\/achetez-vos-aliments-sans-gluten-bio-a-port-vendres-66660-avec-bio-des-alberes\/#primaryimage"},"thumbnailUrl":"https:\/\/www.bio-des-alberes.fr\/wp-content\/uploads\/2024\/12\/11200009-scaled.jpg","datePublished":"2024-12-20T15:30:50+00:00","description":"D\u00e9couvrez une large gamme de Aliments sans gluten bio \u00e0 port vendres 66660 avec Bio des Alb\u00e8res. Produits locaux, qualit\u00e9 sup\u00e9rieure et livraison rapide.","breadcrumb":{"@id":"https:\/\/www.bio-des-alberes.fr\/achetez-vos-aliments-sans-gluten-bio-a-port-vendres-66660-avec-bio-des-alberes\/#breadcrumb"},"inLanguage":"en-US","potentialAction":[{"@type":"ReadAction","target":["https:\/\/www.bio-des-alberes.fr\/achetez-vos-aliments-sans-gluten-bio-a-port-vendres-66660-avec-bio-des-alberes\/"]}]},{"@type":"ImageObject","inLanguage":"en-US","@id":"https:\/\/www.bio-des-alberes.fr\/achetez-vos-aliments-sans-gluten-bio-a-port-vendres-66660-avec-bio-des-alberes\/#primaryimage","url":"https:\/\/www.bio-des-alberes.fr\/wp-content\/uploads\/2024\/12\/11200009-scaled.jpg","contentUrl":"https:\/\/www.bio-des-alberes.fr\/wp-content\/uploads\/2024\/12\/11200009-scaled.jpg","width":2560,"height":1707,"caption":"SAMSUNG CSC"},{"@type":"BreadcrumbList","@id":"https:\/\/www.bio-des-alberes.fr\/achetez-vos-aliments-sans-gluten-bio-a-port-vendres-66660-avec-bio-des-alberes\/#breadcrumb","itemListElement":[{"@type":"ListItem","position":1,"name":"Accueil","item":"https:\/\/www.bio-des-alberes.fr\/"},{"@type":"ListItem","position":2,"name":"Achetez vos Aliments sans gluten bio \u00e0 port vendres 66660 avec Bio des Alb\u00e8res"}]},{"@type":"WebSite","@id":"https:\/\/www.bio-des-alberes.fr\/#website","url":"https:\/\/www.bio-des-alberes.fr\/","name":"Bio 66 - Magasin bio des Alberes","description":"Fruits et l&eacute;gumes bio, produits locaux, &eacute;picerie fine","publisher":{"@id":"https:\/\/www.bio-des-alberes.fr\/#organization"},"potentialAction":[{"@type":"SearchAction","target":{"@type":"EntryPoint","urlTemplate":"https:\/\/www.bio-des-alberes.fr\/?s={search_term_string}"},"query-input":{"@type":"PropertyValueSpecification","valueRequired":true,"valueName":"search_term_string"}}],"inLanguage":"en-US"},{"@type":"Organization","@id":"https:\/\/www.bio-des-alberes.fr\/#organization","name":"Bio des Alb\u00e8res","url":"https:\/\/www.bio-des-alberes.fr\/","logo":{"@type":"ImageObject","inLanguage":"en-US","@id":"https:\/\/www.bio-des-alberes.fr\/#\/schema\/logo\/image\/","url":"https:\/\/www.bio-des-alberes.fr\/wp-content\/uploads\/2024\/12\/bio-des-alberes-logo2.png","contentUrl":"https:\/\/www.bio-des-alberes.fr\/wp-content\/uploads\/2024\/12\/bio-des-alberes-logo2.png","width":803,"height":466,"caption":"Bio des Alb\u00e8res"},"image":{"@id":"https:\/\/www.bio-des-alberes.fr\/#\/schema\/logo\/image\/"},"sameAs":["https:\/\/www.facebook.com\/p\/Le-bio-des-Albres-61568067446958\/"]},{"@type":"Person","@id":"https:\/\/www.bio-des-alberes.fr\/#\/schema\/person\/b207a14ba23699a080c323ee040eca00","name":"biodesalberes","image":{"@type":"ImageObject","inLanguage":"en-US","@id":"https:\/\/www.bio-des-alberes.fr\/#\/schema\/person\/image\/","url":"https:\/\/secure.gravatar.com\/avatar\/6039bbfc6c375e9adfea50b5dfc6bb7c8c601a03cbf0f44a5db56f0a0eead0b8?s=96&d=mm&r=g","contentUrl":"https:\/\/secure.gravatar.com\/avatar\/6039bbfc6c375e9adfea50b5dfc6bb7c8c601a03cbf0f44a5db56f0a0eead0b8?s=96&d=mm&r=g","caption":"biodesalberes"},"sameAs":["https:\/\/www.bio-des-alberes.fr"],"url":"https:\/\/www.bio-des-alberes.fr\/en\/author\/biodesalberes\/"}]}},"_links":{"self":[{"href":"https:\/\/www.bio-des-alberes.fr\/en\/wp-json\/wp\/v2\/posts\/982","targetHints":{"allow":["GET"]}}],"collection":[{"href":"https:\/\/www.bio-des-alberes.fr\/en\/wp-json\/wp\/v2\/posts"}],"about":[{"href":"https:\/\/www.bio-des-alberes.fr\/en\/wp-json\/wp\/v2\/types\/post"}],"author":[{"embeddable":true,"href":"https:\/\/www.bio-des-alberes.fr\/en\/wp-json\/wp\/v2\/users\/1"}],"replies":[{"embeddable":true,"href":"https:\/\/www.bio-des-alberes.fr\/en\/wp-json\/wp\/v2\/comments?post=982"}],"version-history":[{"count":0,"href":"https:\/\/www.bio-des-alberes.fr\/en\/wp-json\/wp\/v2\/posts\/982\/revisions"}],"wp:featuredmedia":[{"embeddable":true,"href":"https:\/\/www.bio-des-alberes.fr\/en\/wp-json\/wp\/v2\/media\/42"}],"wp:attachment":[{"href":"https:\/\/www.bio-des-alberes.fr\/en\/wp-json\/wp\/v2\/media?parent=982"}],"wp:term":[{"taxonomy":"category","embeddable":true,"href":"https:\/\/www.bio-des-alberes.fr\/en\/wp-json\/wp\/v2\/categories?post=982"},{"taxonomy":"post_tag","embeddable":true,"href":"https:\/\/www.bio-des-alberes.fr\/en\/wp-json\/wp\/v2\/tags?post=982"}],"curies":[{"name":"wp","href":"https:\/\/api.w.org\/{rel}","templated":true}]}}