{"id":10007,"date":"2025-09-11T16:43:09","date_gmt":"2025-09-11T16:43:09","guid":{"rendered":"https:\/\/www.bio-des-alberes.fr\/?p=10002"},"modified":"2025-09-19T00:22:54","modified_gmt":"2025-09-19T00:22:54","slug":"biocoop-argeles-alternative-bio-alberes-2","status":"publish","type":"post","link":"https:\/\/www.bio-des-alberes.fr\/es\/biocoop-argeles-alternative-bio-alberes-2\/","title":{"rendered":"Biocoop Argel\u00e8s: descubra una alternativa local con Bio des Alb\u00e8res"},"content":{"rendered":"<p data-start=\"348\" data-end=\"824\">Est\u00e1 buscando <strong data-start=\"362\" data-end=\"381\">Biocoop Argel\u00e8s<\/strong> para sus compras ecol\u00f3gicas? Antes de parar en una gran cadena nacional, t\u00f3mese su tiempo para descubrir <strong data-start=\"492\" data-end=\"511\">Bio des Alb\u00e8res<\/strong>, su alternativa local en Laroque des Alb\u00e8res, a menos de 15 minutos de Argel\u00e8s-sur-Mer. No existen productos ecol\u00f3gicos desconectados del territorio: trabajamos en estrecha colaboraci\u00f3n con nuestros socios locales. <strong data-start=\"682\" data-end=\"701\">cortocircuitos<\/strong>, Pagamos justamente a nuestros productores y ofrecemos una selecci\u00f3n coherente de productos ecol\u00f3gicos, de temporada y artesanales.<\/p>\n<hr data-start=\"826\" data-end=\"829\" \/>\n<h2 data-start=\"831\" data-end=\"888\">\u00bfPor qu\u00e9 comparar Biocoop Argel\u00e8s y Bio des Alb\u00e8res?<\/h2>\n<p data-start=\"889\" data-end=\"1190\">Muchos consumidores teclean \u201c<strong data-start=\"923\" data-end=\"942\">Biocoop Argel\u00e8s<\/strong>\u201dY es l\u00f3gico: una marca nacional tiene un perfil alto. Y es l\u00f3gico: una marca nacional tiene un perfil alto. Pero detr\u00e1s de este escaparate se esconde una organizaci\u00f3n centralizada que no siempre refleja los valores locales.<\/p>\n<p data-start=\"1192\" data-end=\"1476\">En <strong data-start=\"1197\" data-end=\"1216\">Bio des Alb\u00e8res<\/strong>, Trabajamos de forma diferente. No utilizamos una gigantesca central de compras: trabajamos directamente con los productores locales. Esto garantiza <strong data-start=\"1367\" data-end=\"1389\">trazabilidad clara<\/strong>, una mayor rentabilidad para los agricultores y un <strong data-start=\"1447\" data-end=\"1473\">frescura incomparable<\/strong>.<\/p>\n<hr data-start=\"1478\" data-end=\"1481\" \/>\n<h2 data-start=\"1483\" data-end=\"1535\">Bio des Alb\u00e8res: cortocircuitos y autenticidad<\/h2>\n<h3 data-start=\"1536\" data-end=\"1560\">Una relaci\u00f3n directa<\/h3>\n<p data-start=\"1561\" data-end=\"1753\">Nuestra filosof\u00eda se basa en la interacci\u00f3n humana real. Nuestros proveedores no son meros n\u00fameros en una hoja de c\u00e1lculo: son agricultores, panaderos y apicultores a los que conocemos.<\/p>\n<h3 data-start=\"1755\" data-end=\"1791\">Reducir la huella de carbono<\/h3>\n<p data-start=\"1792\" data-end=\"1998\">D\u00f3nde <strong data-start=\"1798\" data-end=\"1817\">Biocoop Argel\u00e8s<\/strong> se basa en la log\u00edstica nacional, reducimos el n\u00famero de intermediarios y la distancia recorrida por sus alimentos. El resultado: una huella de carbono limitada y un sabor preservado.<\/p>\n<hr data-start=\"2000\" data-end=\"2003\" \/>\n<h2 data-start=\"2005\" data-end=\"2035\">Productores mejor pagados<\/h2>\n<p data-start=\"2036\" data-end=\"2278\">En Bio des Alb\u00e8res creemos que un precio justo es la clave para mantener viva la agricultura. Las grandes redes intentan equilibrar sus m\u00e1rgenes a escala nacional, lo que a menudo merma los ingresos de los productores.<\/p>\n<p data-start=\"2280\" data-end=\"2438\">Nosotros hacemos lo contrario. Cada euro que gasta con nosotros se destina a <strong data-start=\"2357\" data-end=\"2435\">mantener una granja local, un taller artesanal o una panader\u00eda comprometida<\/strong>.<\/p>\n<hr data-start=\"2440\" data-end=\"2443\" \/>\n<h2 data-start=\"2445\" data-end=\"2475\">Una selecci\u00f3n ecol\u00f3gica coherente<\/h2>\n<h3 data-start=\"2476\" data-end=\"2503\">Sin alimentos ultraprocesados<\/h3>\n<p data-start=\"2504\" data-end=\"2574\">Nos negamos a aceptar productos disfrazados de \u201cecol\u00f3gicos\u201d pero que est\u00e1n ultraprocesados.<\/p>\n<h3 data-start=\"2576\" data-end=\"2609\">Productos sencillos y aut\u00e9nticos<\/h3>\n<ul data-start=\"2610\" data-end=\"2963\">\n<li data-start=\"2610\" data-end=\"2699\">\n<p data-start=\"2612\" data-end=\"2699\"><strong data-start=\"2612\" data-end=\"2643\">Frutas y hortalizas de temporada<\/strong> cosechada en las llanuras del Alb\u00e8res y del Rosell\u00f3n.<\/p>\n<\/li>\n<li data-start=\"2700\" data-end=\"2774\">\n<p data-start=\"2702\" data-end=\"2774\"><strong data-start=\"2702\" data-end=\"2720\">Pan de masa madre<\/strong> artesanal, fermentaci\u00f3n lenta, harinas org\u00e1nicas locales.<\/p>\n<\/li>\n<li data-start=\"2775\" data-end=\"2843\">\n<p data-start=\"2777\" data-end=\"2843\"><strong data-start=\"2777\" data-end=\"2793\">Alimentaci\u00f3n ecol\u00f3gica<\/strong> Legumbres, harinas, aceites, productos desecados.<\/p>\n<\/li>\n<li data-start=\"2844\" data-end=\"2906\">\n<p data-start=\"2846\" data-end=\"2906\"><strong data-start=\"2846\" data-end=\"2873\">Productos frescos de granja<\/strong> Quesos, yogures, productos l\u00e1cteos.<\/p>\n<\/li>\n<li data-start=\"2907\" data-end=\"2963\">\n<p data-start=\"2909\" data-end=\"2963\"><strong data-start=\"2909\" data-end=\"2932\">Mieles y mermeladas<\/strong> de peque\u00f1os productores.<\/p>\n<\/li>\n<\/ul>\n<hr data-start=\"2965\" data-end=\"2968\" \/>\n<h2 data-start=\"2970\" data-end=\"3021\">Ventajas concretas sobre Biocoop Argel\u00e8s<\/h2>\n<ul data-start=\"3022\" data-end=\"3385\">\n<li data-start=\"3022\" data-end=\"3101\">\n<p data-start=\"3024\" data-end=\"3101\"><strong data-start=\"3024\" data-end=\"3037\">Proximidad<\/strong> A 10-15 minutos de Argel\u00e8s, f\u00e1cil acceso y aparcamiento gratuito.<\/p>\n<\/li>\n<li data-start=\"3102\" data-end=\"3166\">\n<p data-start=\"3104\" data-end=\"3166\"><strong data-start=\"3104\" data-end=\"3120\">Friendly<\/strong> Acogida personal y ambiente familiar.<\/p>\n<\/li>\n<li data-start=\"3167\" data-end=\"3243\">\n<p data-start=\"3169\" data-end=\"3243\"><strong data-start=\"3169\" data-end=\"3185\">Transparencia<\/strong> El origen de los productos expuestos y los productores que aparecen.<\/p>\n<\/li>\n<li data-start=\"3244\" data-end=\"3312\">\n<p data-start=\"3246\" data-end=\"3312\"><strong data-start=\"3246\" data-end=\"3257\">\u00c9tica<\/strong> canales de distribuci\u00f3n cortos, estacionalidad, envasado reducido.<\/p>\n<\/li>\n<li data-start=\"3313\" data-end=\"3385\">\n<p data-start=\"3315\" data-end=\"3385\"><strong data-start=\"3315\" data-end=\"3330\">Precios justos<\/strong> competitiva gracias a la reducci\u00f3n de intermediarios.<\/p>\n<\/li>\n<\/ul>\n<hr data-start=\"3387\" data-end=\"3390\" \/>\n<h2 data-start=\"3392\" data-end=\"3420\">Itinerario desde Argel\u00e8s<\/h2>\n<p data-start=\"3421\" data-end=\"3684\">Desde el centro de Argel\u00e8s-sur-Mer, tome la D914 en direcci\u00f3n a Saint-Genis-des-Fontaines. En menos de 15 minutos, llegar\u00e1 frente a Bio des Alb\u00e8res. Cre\u00eda que iba a <strong data-start=\"3603\" data-end=\"3622\">Biocoop Argel\u00e8s<\/strong> ? Divi\u00e9rtete y prueba una alternativa m\u00e1s humana.<\/p>\n<hr data-start=\"3686\" data-end=\"3689\" \/>\n<h2 data-start=\"3691\" data-end=\"3713\">Comparaci\u00f3n detallada<\/h2>\n<div class=\"_tableContainer_1rjym_1\">\n<div class=\"group w-fit _tableWrapper_1rjym_13 flex flex-col-reverse\" tabindex=\"-1\">\n<table class=\"w-fit min-w-(--thread-content-width)\" data-start=\"3714\" data-end=\"4133\">\n<thead data-start=\"3714\" data-end=\"3761\">\n<tr data-start=\"3714\" data-end=\"3761\">\n<th data-start=\"3714\" data-end=\"3724\" data-col-size=\"sm\">Criterios<\/th>\n<th data-start=\"3724\" data-end=\"3742\" data-col-size=\"sm\">Biocoop Argel\u00e8s<\/th>\n<th data-start=\"3742\" data-end=\"3761\" data-col-size=\"sm\">Bio des Alb\u00e8res<\/th>\n<\/tr>\n<\/thead>\n<tbody data-start=\"3810\" data-end=\"4133\">\n<tr data-start=\"3810\" data-end=\"3863\">\n<td data-start=\"3810\" data-end=\"3821\" data-col-size=\"sm\">Circuitos<\/td>\n<td data-start=\"3821\" data-end=\"3844\" data-col-size=\"sm\">Log\u00edstica nacional<\/td>\n<td data-start=\"3844\" data-end=\"3863\" data-col-size=\"sm\">Cortocircuitos<\/td>\n<\/tr>\n<tr data-start=\"3864\" data-end=\"3927\">\n<td data-start=\"3864\" data-end=\"3878\" data-col-size=\"sm\">Productores<\/td>\n<td data-start=\"3878\" data-end=\"3905\" data-col-size=\"sm\">Remuneraci\u00f3n centralizada<\/td>\n<td data-start=\"3905\" data-end=\"3927\" data-col-size=\"sm\">Precio justo garantizado<\/td>\n<\/tr>\n<tr data-start=\"3928\" data-end=\"4008\">\n<td data-start=\"3928\" data-end=\"3940\" data-col-size=\"sm\">Selecci\u00f3n<\/td>\n<td data-start=\"3940\" data-end=\"3978\" data-col-size=\"sm\">Cat\u00e1logo amplio y a veces incoherente<\/td>\n<td data-start=\"3978\" data-end=\"4008\" data-col-size=\"sm\">Una elecci\u00f3n peque\u00f1a pero coherente<\/td>\n<\/tr>\n<tr data-start=\"4009\" data-end=\"4059\">\n<td data-start=\"4009\" data-end=\"4027\" data-col-size=\"sm\">Relaciones con los clientes<\/td>\n<td data-start=\"4027\" data-end=\"4042\" data-col-size=\"sm\">Normalizado<\/td>\n<td data-start=\"4042\" data-end=\"4059\" data-col-size=\"sm\">Personalizado<\/td>\n<\/tr>\n<tr data-start=\"4060\" data-end=\"4133\">\n<td data-start=\"4060\" data-end=\"4075\" data-col-size=\"sm\">Impacto local<\/td>\n<td data-start=\"4075\" data-end=\"4096\" data-col-size=\"sm\">Diluci\u00f3n nacional<\/td>\n<td data-start=\"4096\" data-end=\"4133\" data-col-size=\"sm\">Apoyo directo a las explotaciones locales<\/td>\n<\/tr>\n<\/tbody>\n<\/table>\n<\/div>\n<\/div>\n<hr data-start=\"4135\" data-end=\"4138\" \/>\n<h2 data-start=\"4140\" data-end=\"4185\">Consejos para un consumo ecol\u00f3gico inteligente<\/h2>\n<ol data-start=\"4186\" data-end=\"4525\">\n<li data-start=\"4186\" data-end=\"4252\">\n<p data-start=\"4189\" data-end=\"4252\"><strong data-start=\"4189\" data-end=\"4214\">Centrarse en la temporada<\/strong> mejor calidad, mejor precio.<\/p>\n<\/li>\n<li data-start=\"4253\" data-end=\"4336\">\n<p data-start=\"4256\" data-end=\"4336\"><strong data-start=\"4256\" data-end=\"4279\">Lea las etiquetas<\/strong> Ecol\u00f3gico no significa sano si est\u00e1 ultraprocesado.<\/p>\n<\/li>\n<li data-start=\"4337\" data-end=\"4397\">\n<p data-start=\"4340\" data-end=\"4397\"><strong data-start=\"4340\" data-end=\"4362\">Favorecer los productos locales<\/strong> Reducci\u00f3n del impacto medioambiental.<\/p>\n<\/li>\n<li data-start=\"4398\" data-end=\"4453\">\n<p data-start=\"4401\" data-end=\"4453\"><strong data-start=\"4401\" data-end=\"4426\">Planificar sus compras<\/strong> Limitar los residuos.<\/p>\n<\/li>\n<li data-start=\"4454\" data-end=\"4525\">\n<p data-start=\"4457\" data-end=\"4525\"><strong data-start=\"4457\" data-end=\"4491\">Descubra nuevos productos<\/strong> diversifica tu dieta.<\/p>\n<\/li>\n<\/ol>\n<hr data-start=\"4527\" data-end=\"4530\" \/>\n<h2 data-start=\"4532\" data-end=\"4562\">Errores comunes que hay que evitar<\/h2>\n<ul data-start=\"4563\" data-end=\"4749\">\n<li data-start=\"4563\" data-end=\"4613\">\n<p data-start=\"4565\" data-end=\"4613\">Pensar que todas las marcas ecol\u00f3gicas son iguales.<\/p>\n<\/li>\n<li data-start=\"4614\" data-end=\"4638\">\n<p data-start=\"4616\" data-end=\"4638\">Comprar fuera de temporada.<\/p>\n<\/li>\n<li data-start=\"4639\" data-end=\"4694\">\n<p data-start=\"4641\" data-end=\"4694\">Creer que \u201cm\u00e1s barato\u201d es necesariamente m\u00e1s sostenible.<\/p>\n<\/li>\n<li data-start=\"4695\" data-end=\"4749\">\n<p data-start=\"4697\" data-end=\"4749\">Olvidarse de comprobar el origen real de los productos.<\/p>\n<\/li>\n<\/ul>\n<hr data-start=\"4751\" data-end=\"4754\" \/>\n<h2 data-start=\"4756\" data-end=\"4775\">Buenas pr\u00e1cticas<\/h2>\n<ul data-start=\"4776\" data-end=\"4981\">\n<li data-start=\"4776\" data-end=\"4831\">\n<p data-start=\"4778\" data-end=\"4831\">Presente un nuevo producto local cada semana.<\/p>\n<\/li>\n<li data-start=\"4832\" data-end=\"4872\">\n<p data-start=\"4834\" data-end=\"4872\">Var\u00ede sus cereales y legumbres.<\/p>\n<\/li>\n<li data-start=\"4873\" data-end=\"4911\">\n<p data-start=\"4875\" data-end=\"4911\">Reaprender a cocinar de forma sencilla.<\/p>\n<\/li>\n<li data-start=\"4912\" data-end=\"4981\">\n<p data-start=\"4914\" data-end=\"4981\">Reintroducir la fermentaci\u00f3n (masa madre, lactofermentaci\u00f3n).<\/p>\n<\/li>\n<\/ul>\n<hr data-start=\"4983\" data-end=\"4986\" \/>\n<h2 data-start=\"4988\" data-end=\"4994\">PREGUNTAS FRECUENTES<\/h2>\n<h3 data-start=\"4995\" data-end=\"5054\">\u00bfEs Bio des Alb\u00e8res m\u00e1s barato que Biocoop Argel\u00e8s?<\/h3>\n<p data-start=\"5055\" data-end=\"5163\">No siempre, pero garantizamos los precios <strong data-start=\"5101\" data-end=\"5111\">s\u00f3lo<\/strong> y a menudo competitivos gracias a canales de distribuci\u00f3n cortos.<\/p>\n<h3 data-start=\"5165\" data-end=\"5215\">\u00bfS\u00f3lo ofrecen productos locales?<\/h3>\n<p data-start=\"5216\" data-end=\"5362\">Nuestra prioridad es lo local. Para los productos que no pueden producirse aqu\u00ed (caf\u00e9, t\u00e9, c\u00edtricos), trabajamos con proveedores ecol\u00f3gicos comprometidos.<\/p>\n<h3 data-start=\"5364\" data-end=\"5389\">\u00bfD\u00f3nde se encuentra?<\/h3>\n<p data-start=\"5390\" data-end=\"5451\">\u00c0 <strong data-start=\"5392\" data-end=\"5421\">Saint-Genis-des-Fontaines<\/strong>, A 10-15 minutos de Argel\u00e8s.<\/p>\n<h3 data-start=\"5453\" data-end=\"5478\">\u00bfHaces grandes cantidades?<\/h3>\n<p data-start=\"5479\" data-end=\"5558\">S\u00ed, cuando tiene sentido para evitar el sobreenvasado y garantizar la calidad.<\/p>\n<hr data-start=\"5560\" data-end=\"5563\" \/>\n<h2 data-start=\"5565\" data-end=\"5578\">Conclusi\u00f3n<\/h2>\n<p data-start=\"5579\" data-end=\"5833\">Si busca <strong data-start=\"5596\" data-end=\"5615\">Biocoop Argel\u00e8s<\/strong>, hay una alternativa: <strong data-start=\"5652\" data-end=\"5671\">Bio des Alb\u00e8res<\/strong>. M\u00e1s cerca, m\u00e1s transparente y m\u00e1s \u00e9tica. Venga a descubrir una tienda ecol\u00f3gica independiente que defiende valores aut\u00e9nticos y da sentido a sus compras.<\/p>\n<p data-start=\"6249\" data-end=\"6290\">","protected":false},"excerpt":{"rendered":"<p>Vous cherchez Biocoop Argel\u00e8s pour vos courses bio ? Avant de vous arr\u00eater dans une grande enseigne nationale, prenez le temps de d\u00e9couvrir Bio des Alb\u00e8res, votre alternative locale situ\u00e9e \u00e0 Laroque des Alb\u00e8res, \u00e0 moins de 15 minutes d\u2019Argel\u00e8s-sur-Mer. Ici, pas de bio d\u00e9connect\u00e9 de son territoire : nous travaillons en circuits courts, r\u00e9mun\u00e9rons [&hellip;]<\/p>\n","protected":false},"author":1,"featured_media":22,"comment_status":"closed","ping_status":"closed","sticky":false,"template":"","format":"standard","meta":{"_et_pb_use_builder":"","_et_pb_old_content":"","_et_gb_content_width":"1080","footnotes":""},"categories":[10,9],"tags":[11,12,13],"class_list":["post-10007","post","type-post","status-publish","format-standard","has-post-thumbnail","hentry","category-argeles-sur-mer","category-magasin-bio","tag-biocoop-argeles","tag-circuits-courts","tag-producteurs-locaux"],"yoast_head":"<!-- This site is optimized with the Yoast SEO plugin v26.2 - https:\/\/yoast.com\/wordpress\/plugins\/seo\/ -->\n<title>Biocoop Argel\u00e8s : d\u00e9couvrez une alternative locale<\/title>\n<meta name=\"description\" content=\"Vous cherchez Biocoop Argel\u00e8s ? D\u00e9couvrez Bio des Alb\u00e8res : circuits courts, producteurs locaux mieux r\u00e9mun\u00e9r\u00e9s, produits bio authentiques\" \/>\n<meta name=\"robots\" content=\"index, follow, max-snippet:-1, max-image-preview:large, max-video-preview:-1\" \/>\n<link rel=\"canonical\" href=\"https:\/\/www.bio-des-alberes.fr\/es\/biocoop-argeles-alternative-bio-alberes\/\" \/>\n<meta property=\"og:locale\" content=\"es_ES\" \/>\n<meta property=\"og:type\" content=\"article\" \/>\n<meta property=\"og:title\" content=\"Biocoop Argel\u00e8s : d\u00e9couvrez une alternative locale\" \/>\n<meta property=\"og:description\" content=\"Vous cherchez Biocoop Argel\u00e8s ? D\u00e9couvrez Bio des Alb\u00e8res : circuits courts, producteurs locaux mieux r\u00e9mun\u00e9r\u00e9s, produits bio authentiques\" \/>\n<meta property=\"og:url\" content=\"https:\/\/www.bio-des-alberes.fr\/es\/biocoop-argeles-alternative-bio-alberes\/\" \/>\n<meta property=\"og:site_name\" content=\"Bio des Alb\u00e8res\" \/>\n<meta property=\"article:publisher\" content=\"https:\/\/www.facebook.com\/p\/Le-bio-des-Albres-61568067446958\/\" \/>\n<meta property=\"article:published_time\" content=\"2025-09-11T16:43:09+00:00\" \/>\n<meta property=\"article:modified_time\" content=\"2025-09-19T00:22:54+00:00\" \/>\n<meta property=\"og:image\" content=\"https:\/\/www.bio-des-alberes.fr\/wp-content\/uploads\/2024\/12\/food-coop-3.jpg\" \/>\n\t<meta property=\"og:image:width\" content=\"1280\" \/>\n\t<meta property=\"og:image:height\" content=\"550\" \/>\n\t<meta property=\"og:image:type\" content=\"image\/jpeg\" \/>\n<meta name=\"author\" content=\"biodesalberes\" \/>\n<meta name=\"twitter:card\" content=\"summary_large_image\" \/>\n<meta name=\"twitter:label1\" content=\"Escrito por\" \/>\n\t<meta name=\"twitter:data1\" content=\"biodesalberes\" \/>\n\t<meta name=\"twitter:label2\" content=\"Tiempo de lectura\" \/>\n\t<meta name=\"twitter:data2\" content=\"4 minutos\" \/>\n<script type=\"application\/ld+json\" class=\"yoast-schema-graph\">{\"@context\":\"https:\/\/schema.org\",\"@graph\":[{\"@type\":\"Article\",\"@id\":\"https:\/\/www.bio-des-alberes.fr\/biocoop-argeles-alternative-bio-alberes\/#article\",\"isPartOf\":{\"@id\":\"https:\/\/www.bio-des-alberes.fr\/biocoop-argeles-alternative-bio-alberes-2\/\"},\"author\":{\"name\":\"biodesalberes\",\"@id\":\"https:\/\/www.bio-des-alberes.fr\/#\/schema\/person\/b207a14ba23699a080c323ee040eca00\"},\"headline\":\"Biocoop Argel\u00e8s : d\u00e9couvrez une alternative locale avec Bio des Alb\u00e8res\",\"datePublished\":\"2025-09-11T16:43:09+00:00\",\"dateModified\":\"2025-09-19T00:22:54+00:00\",\"mainEntityOfPage\":{\"@id\":\"https:\/\/www.bio-des-alberes.fr\/biocoop-argeles-alternative-bio-alberes-2\/\"},\"wordCount\":811,\"publisher\":{\"@id\":\"https:\/\/www.bio-des-alberes.fr\/#organization\"},\"image\":{\"@id\":\"https:\/\/www.bio-des-alberes.fr\/biocoop-argeles-alternative-bio-alberes\/#primaryimage\"},\"thumbnailUrl\":\"https:\/\/www.bio-des-alberes.fr\/wp-content\/uploads\/2024\/12\/food-coop-3.jpg\",\"keywords\":[\"Biocoop Argel\u00e8s\",\"Circuits courts\",\"Producteurs locaux\"],\"articleSection\":[\"Argel\u00e8s-sur-Mer\",\"Magasin bio\"],\"inLanguage\":\"es\"},{\"@type\":\"WebPage\",\"@id\":\"https:\/\/www.bio-des-alberes.fr\/biocoop-argeles-alternative-bio-alberes-2\/\",\"url\":\"https:\/\/www.bio-des-alberes.fr\/biocoop-argeles-alternative-bio-alberes\/\",\"name\":\"Biocoop Argel\u00e8s : d\u00e9couvrez une alternative locale\",\"isPartOf\":{\"@id\":\"https:\/\/www.bio-des-alberes.fr\/#website\"},\"primaryImageOfPage\":{\"@id\":\"https:\/\/www.bio-des-alberes.fr\/biocoop-argeles-alternative-bio-alberes\/#primaryimage\"},\"image\":{\"@id\":\"https:\/\/www.bio-des-alberes.fr\/biocoop-argeles-alternative-bio-alberes\/#primaryimage\"},\"thumbnailUrl\":\"https:\/\/www.bio-des-alberes.fr\/wp-content\/uploads\/2024\/12\/food-coop-3.jpg\",\"datePublished\":\"2025-09-11T16:43:09+00:00\",\"dateModified\":\"2025-09-19T00:22:54+00:00\",\"description\":\"Vous cherchez Biocoop Argel\u00e8s ? D\u00e9couvrez Bio des Alb\u00e8res : circuits courts, producteurs locaux mieux r\u00e9mun\u00e9r\u00e9s, produits bio authentiques\",\"breadcrumb\":{\"@id\":\"https:\/\/www.bio-des-alberes.fr\/biocoop-argeles-alternative-bio-alberes\/#breadcrumb\"},\"inLanguage\":\"es\",\"potentialAction\":[{\"@type\":\"ReadAction\",\"target\":[\"https:\/\/www.bio-des-alberes.fr\/biocoop-argeles-alternative-bio-alberes\/\"]}]},{\"@type\":\"ImageObject\",\"inLanguage\":\"es\",\"@id\":\"https:\/\/www.bio-des-alberes.fr\/biocoop-argeles-alternative-bio-alberes\/#primaryimage\",\"url\":\"https:\/\/www.bio-des-alberes.fr\/wp-content\/uploads\/2024\/12\/food-coop-3.jpg\",\"contentUrl\":\"https:\/\/www.bio-des-alberes.fr\/wp-content\/uploads\/2024\/12\/food-coop-3.jpg\",\"width\":1280,\"height\":550},{\"@type\":\"BreadcrumbList\",\"@id\":\"https:\/\/www.bio-des-alberes.fr\/biocoop-argeles-alternative-bio-alberes\/#breadcrumb\",\"itemListElement\":[{\"@type\":\"ListItem\",\"position\":1,\"name\":\"Accueil\",\"item\":\"https:\/\/www.bio-des-alberes.fr\/\"},{\"@type\":\"ListItem\",\"position\":2,\"name\":\"Biocoop Argel\u00e8s : d\u00e9couvrez une alternative locale avec Bio des Alb\u00e8res\"}]},{\"@type\":\"WebSite\",\"@id\":\"https:\/\/www.bio-des-alberes.fr\/#website\",\"url\":\"https:\/\/www.bio-des-alberes.fr\/\",\"name\":\"Bio 66 - Magasin bio des Alberes\",\"description\":\"Fruits et l&eacute;gumes bio, produits locaux, &eacute;picerie fine\",\"publisher\":{\"@id\":\"https:\/\/www.bio-des-alberes.fr\/#organization\"},\"potentialAction\":[{\"@type\":\"SearchAction\",\"target\":{\"@type\":\"EntryPoint\",\"urlTemplate\":\"https:\/\/www.bio-des-alberes.fr\/?s={search_term_string}\"},\"query-input\":{\"@type\":\"PropertyValueSpecification\",\"valueRequired\":true,\"valueName\":\"search_term_string\"}}],\"inLanguage\":\"es\"},{\"@type\":\"Organization\",\"@id\":\"https:\/\/www.bio-des-alberes.fr\/#organization\",\"name\":\"Bio des Alb\u00e8res\",\"url\":\"https:\/\/www.bio-des-alberes.fr\/\",\"logo\":{\"@type\":\"ImageObject\",\"inLanguage\":\"es\",\"@id\":\"https:\/\/www.bio-des-alberes.fr\/#\/schema\/logo\/image\/\",\"url\":\"https:\/\/www.bio-des-alberes.fr\/wp-content\/uploads\/2024\/12\/bio-des-alberes-logo2.png\",\"contentUrl\":\"https:\/\/www.bio-des-alberes.fr\/wp-content\/uploads\/2024\/12\/bio-des-alberes-logo2.png\",\"width\":803,\"height\":466,\"caption\":\"Bio des Alb\u00e8res\"},\"image\":{\"@id\":\"https:\/\/www.bio-des-alberes.fr\/#\/schema\/logo\/image\/\"},\"sameAs\":[\"https:\/\/www.facebook.com\/p\/Le-bio-des-Albres-61568067446958\/\"]},{\"@type\":\"Person\",\"@id\":\"https:\/\/www.bio-des-alberes.fr\/#\/schema\/person\/b207a14ba23699a080c323ee040eca00\",\"name\":\"biodesalberes\",\"image\":{\"@type\":\"ImageObject\",\"inLanguage\":\"es\",\"@id\":\"https:\/\/www.bio-des-alberes.fr\/#\/schema\/person\/image\/\",\"url\":\"https:\/\/secure.gravatar.com\/avatar\/6039bbfc6c375e9adfea50b5dfc6bb7c8c601a03cbf0f44a5db56f0a0eead0b8?s=96&d=mm&r=g\",\"contentUrl\":\"https:\/\/secure.gravatar.com\/avatar\/6039bbfc6c375e9adfea50b5dfc6bb7c8c601a03cbf0f44a5db56f0a0eead0b8?s=96&d=mm&r=g\",\"caption\":\"biodesalberes\"},\"sameAs\":[\"https:\/\/www.bio-des-alberes.fr\"],\"url\":\"https:\/\/www.bio-des-alberes.fr\/es\/author\/biodesalberes\/\"}]}<\/script>\n<!-- \/ Yoast SEO plugin. -->","yoast_head_json":{"title":"Biocoop Argel\u00e8s : d\u00e9couvrez une alternative locale","description":"Vous cherchez Biocoop Argel\u00e8s ? D\u00e9couvrez Bio des Alb\u00e8res : circuits courts, producteurs locaux mieux r\u00e9mun\u00e9r\u00e9s, produits bio authentiques","robots":{"index":"index","follow":"follow","max-snippet":"max-snippet:-1","max-image-preview":"max-image-preview:large","max-video-preview":"max-video-preview:-1"},"canonical":"https:\/\/www.bio-des-alberes.fr\/es\/biocoop-argeles-alternative-bio-alberes\/","og_locale":"es_ES","og_type":"article","og_title":"Biocoop Argel\u00e8s : d\u00e9couvrez une alternative locale","og_description":"Vous cherchez Biocoop Argel\u00e8s ? D\u00e9couvrez Bio des Alb\u00e8res : circuits courts, producteurs locaux mieux r\u00e9mun\u00e9r\u00e9s, produits bio authentiques","og_url":"https:\/\/www.bio-des-alberes.fr\/es\/biocoop-argeles-alternative-bio-alberes\/","og_site_name":"Bio des Alb\u00e8res","article_publisher":"https:\/\/www.facebook.com\/p\/Le-bio-des-Albres-61568067446958\/","article_published_time":"2025-09-11T16:43:09+00:00","article_modified_time":"2025-09-19T00:22:54+00:00","og_image":[{"width":1280,"height":550,"url":"https:\/\/www.bio-des-alberes.fr\/wp-content\/uploads\/2024\/12\/food-coop-3.jpg","type":"image\/jpeg"}],"author":"biodesalberes","twitter_card":"summary_large_image","twitter_misc":{"Escrito por":"biodesalberes","Tiempo de lectura":"4 minutos"},"schema":{"@context":"https:\/\/schema.org","@graph":[{"@type":"Article","@id":"https:\/\/www.bio-des-alberes.fr\/biocoop-argeles-alternative-bio-alberes\/#article","isPartOf":{"@id":"https:\/\/www.bio-des-alberes.fr\/biocoop-argeles-alternative-bio-alberes-2\/"},"author":{"name":"biodesalberes","@id":"https:\/\/www.bio-des-alberes.fr\/#\/schema\/person\/b207a14ba23699a080c323ee040eca00"},"headline":"Biocoop Argel\u00e8s : d\u00e9couvrez une alternative locale avec Bio des Alb\u00e8res","datePublished":"2025-09-11T16:43:09+00:00","dateModified":"2025-09-19T00:22:54+00:00","mainEntityOfPage":{"@id":"https:\/\/www.bio-des-alberes.fr\/biocoop-argeles-alternative-bio-alberes-2\/"},"wordCount":811,"publisher":{"@id":"https:\/\/www.bio-des-alberes.fr\/#organization"},"image":{"@id":"https:\/\/www.bio-des-alberes.fr\/biocoop-argeles-alternative-bio-alberes\/#primaryimage"},"thumbnailUrl":"https:\/\/www.bio-des-alberes.fr\/wp-content\/uploads\/2024\/12\/food-coop-3.jpg","keywords":["Biocoop Argel\u00e8s","Circuits courts","Producteurs locaux"],"articleSection":["Argel\u00e8s-sur-Mer","Magasin bio"],"inLanguage":"es"},{"@type":"WebPage","@id":"https:\/\/www.bio-des-alberes.fr\/biocoop-argeles-alternative-bio-alberes-2\/","url":"https:\/\/www.bio-des-alberes.fr\/biocoop-argeles-alternative-bio-alberes\/","name":"Biocoop Argel\u00e8s : d\u00e9couvrez une alternative locale","isPartOf":{"@id":"https:\/\/www.bio-des-alberes.fr\/#website"},"primaryImageOfPage":{"@id":"https:\/\/www.bio-des-alberes.fr\/biocoop-argeles-alternative-bio-alberes\/#primaryimage"},"image":{"@id":"https:\/\/www.bio-des-alberes.fr\/biocoop-argeles-alternative-bio-alberes\/#primaryimage"},"thumbnailUrl":"https:\/\/www.bio-des-alberes.fr\/wp-content\/uploads\/2024\/12\/food-coop-3.jpg","datePublished":"2025-09-11T16:43:09+00:00","dateModified":"2025-09-19T00:22:54+00:00","description":"Vous cherchez Biocoop Argel\u00e8s ? D\u00e9couvrez Bio des Alb\u00e8res : circuits courts, producteurs locaux mieux r\u00e9mun\u00e9r\u00e9s, produits bio authentiques","breadcrumb":{"@id":"https:\/\/www.bio-des-alberes.fr\/biocoop-argeles-alternative-bio-alberes\/#breadcrumb"},"inLanguage":"es","potentialAction":[{"@type":"ReadAction","target":["https:\/\/www.bio-des-alberes.fr\/biocoop-argeles-alternative-bio-alberes\/"]}]},{"@type":"ImageObject","inLanguage":"es","@id":"https:\/\/www.bio-des-alberes.fr\/biocoop-argeles-alternative-bio-alberes\/#primaryimage","url":"https:\/\/www.bio-des-alberes.fr\/wp-content\/uploads\/2024\/12\/food-coop-3.jpg","contentUrl":"https:\/\/www.bio-des-alberes.fr\/wp-content\/uploads\/2024\/12\/food-coop-3.jpg","width":1280,"height":550},{"@type":"BreadcrumbList","@id":"https:\/\/www.bio-des-alberes.fr\/biocoop-argeles-alternative-bio-alberes\/#breadcrumb","itemListElement":[{"@type":"ListItem","position":1,"name":"Accueil","item":"https:\/\/www.bio-des-alberes.fr\/"},{"@type":"ListItem","position":2,"name":"Biocoop Argel\u00e8s : d\u00e9couvrez une alternative locale avec Bio des Alb\u00e8res"}]},{"@type":"WebSite","@id":"https:\/\/www.bio-des-alberes.fr\/#website","url":"https:\/\/www.bio-des-alberes.fr\/","name":"Bio 66 - Magasin bio des Alberes","description":"Fruits et l&eacute;gumes bio, produits locaux, &eacute;picerie fine","publisher":{"@id":"https:\/\/www.bio-des-alberes.fr\/#organization"},"potentialAction":[{"@type":"SearchAction","target":{"@type":"EntryPoint","urlTemplate":"https:\/\/www.bio-des-alberes.fr\/?s={search_term_string}"},"query-input":{"@type":"PropertyValueSpecification","valueRequired":true,"valueName":"search_term_string"}}],"inLanguage":"es"},{"@type":"Organization","@id":"https:\/\/www.bio-des-alberes.fr\/#organization","name":"Bio des Alb\u00e8res","url":"https:\/\/www.bio-des-alberes.fr\/","logo":{"@type":"ImageObject","inLanguage":"es","@id":"https:\/\/www.bio-des-alberes.fr\/#\/schema\/logo\/image\/","url":"https:\/\/www.bio-des-alberes.fr\/wp-content\/uploads\/2024\/12\/bio-des-alberes-logo2.png","contentUrl":"https:\/\/www.bio-des-alberes.fr\/wp-content\/uploads\/2024\/12\/bio-des-alberes-logo2.png","width":803,"height":466,"caption":"Bio des Alb\u00e8res"},"image":{"@id":"https:\/\/www.bio-des-alberes.fr\/#\/schema\/logo\/image\/"},"sameAs":["https:\/\/www.facebook.com\/p\/Le-bio-des-Albres-61568067446958\/"]},{"@type":"Person","@id":"https:\/\/www.bio-des-alberes.fr\/#\/schema\/person\/b207a14ba23699a080c323ee040eca00","name":"biodesalberes","image":{"@type":"ImageObject","inLanguage":"es","@id":"https:\/\/www.bio-des-alberes.fr\/#\/schema\/person\/image\/","url":"https:\/\/secure.gravatar.com\/avatar\/6039bbfc6c375e9adfea50b5dfc6bb7c8c601a03cbf0f44a5db56f0a0eead0b8?s=96&d=mm&r=g","contentUrl":"https:\/\/secure.gravatar.com\/avatar\/6039bbfc6c375e9adfea50b5dfc6bb7c8c601a03cbf0f44a5db56f0a0eead0b8?s=96&d=mm&r=g","caption":"biodesalberes"},"sameAs":["https:\/\/www.bio-des-alberes.fr"],"url":"https:\/\/www.bio-des-alberes.fr\/es\/author\/biodesalberes\/"}]}},"_links":{"self":[{"href":"https:\/\/www.bio-des-alberes.fr\/es\/wp-json\/wp\/v2\/posts\/10007","targetHints":{"allow":["GET"]}}],"collection":[{"href":"https:\/\/www.bio-des-alberes.fr\/es\/wp-json\/wp\/v2\/posts"}],"about":[{"href":"https:\/\/www.bio-des-alberes.fr\/es\/wp-json\/wp\/v2\/types\/post"}],"author":[{"embeddable":true,"href":"https:\/\/www.bio-des-alberes.fr\/es\/wp-json\/wp\/v2\/users\/1"}],"replies":[{"embeddable":true,"href":"https:\/\/www.bio-des-alberes.fr\/es\/wp-json\/wp\/v2\/comments?post=10007"}],"version-history":[{"count":1,"href":"https:\/\/www.bio-des-alberes.fr\/es\/wp-json\/wp\/v2\/posts\/10007\/revisions"}],"predecessor-version":[{"id":10024,"href":"https:\/\/www.bio-des-alberes.fr\/es\/wp-json\/wp\/v2\/posts\/10007\/revisions\/10024"}],"wp:featuredmedia":[{"embeddable":true,"href":"https:\/\/www.bio-des-alberes.fr\/es\/wp-json\/wp\/v2\/media\/22"}],"wp:attachment":[{"href":"https:\/\/www.bio-des-alberes.fr\/es\/wp-json\/wp\/v2\/media?parent=10007"}],"wp:term":[{"taxonomy":"category","embeddable":true,"href":"https:\/\/www.bio-des-alberes.fr\/es\/wp-json\/wp\/v2\/categories?post=10007"},{"taxonomy":"post_tag","embeddable":true,"href":"https:\/\/www.bio-des-alberes.fr\/es\/wp-json\/wp\/v2\/tags?post=10007"}],"curies":[{"name":"wp","href":"https:\/\/api.w.org\/{rel}","templated":true}]}}