{"id":1241,"date":"2025-01-28T12:55:55","date_gmt":"2025-01-28T12:55:55","guid":{"rendered":"https:\/\/www.bio-des-alberes.fr\/fruits-bio-a-argeles-avec-bio-des-alberes\/"},"modified":"2025-01-28T12:55:55","modified_gmt":"2025-01-28T12:55:55","slug":"fruits-bio-a-argeles-avec-bio-des-alberes","status":"publish","type":"post","link":"https:\/\/www.bio-des-alberes.fr\/es\/fruits-bio-a-argeles-avec-bio-des-alberes\/","title":{"rendered":"Fruits bio \u00e0 argel\u00e8s avec Bio des Alb\u00e8res"},"content":{"rendered":"<p>\u00bfEst\u00e1 buscando <strong>Fruits bio de qualit\u00e9 sup\u00e9rieure \u00e0 argel\u00e8s<\/strong> ? Bio des Alb\u00e8res est\u00e1 aqu\u00ed para responder a todas sus expectativas. Situada en el coraz\u00f3n de los Pirineos Orientales, nuestra tienda en l\u00ednea ofrece una amplia gama de productos ecol\u00f3gicos y locales, cuidadosamente seleccionados para garantizar la frescura, el sabor y el respeto por el medio ambiente.<\/p>\n<h3><strong>Fruits bio pour un mode de vie sain \u00e0 argel\u00e8s<\/strong><\/h3>\n<p>En Bio des Alb\u00e8res, creemos firmemente en el poder de los productos ecol\u00f3gicos para mejorar la salud y proteger el planeta. Tanto si vive en Argel\u00e8s como en los alrededores, tenemos una amplia selecci\u00f3n de productos ecol\u00f3gicos para usted. <strong>productos ecol\u00f3gicos<\/strong>\u00a0para todas sus necesidades:<\/p>\n<ul>\n<li>En <strong>frutas y hortalizas ecol\u00f3gicas<\/strong> reci\u00e9n cosechado.<\/li>\n<li>A <strong>alimentaci\u00f3n ecol\u00f3gica<\/strong> bien surtida de productos b\u00e1sicos.<\/li>\n<li>En <strong>productos locales<\/strong> de los mejores productores de la regi\u00f3n de Argel\u00e8s.<\/li>\n<\/ul>\n<h3><strong>Pourquoi choisir Bio des Alb\u00e8res pour vos Fruits bio \u00e0 argel\u00e8s ?<\/strong><\/h3>\n<p>Nos comprometemos a ofrecer :<\/p>\n<ol>\n<li><strong>Productos ecol\u00f3gicos certificados<\/strong> : Cada uno de los productos propuestos es objeto de una rigurosa selecci\u00f3n.<\/li>\n<li><strong>Precios justos<\/strong> : Trabajamos directamente con los productores locales para garantizar precios competitivos.<\/li>\n<li><strong>Una experiencia de cliente impecable<\/strong> Nuestros equipos est\u00e1n a su disposici\u00f3n para responder a todas sus preguntas sobre <strong>Fruits bio<\/strong> que ofrecemos argel\u00e8s.<\/li>\n<\/ol>\n<h3><strong>Nuestros best-sellers disponibles en argel\u00e8s :<\/strong><\/h3>\n<p>Los residentes de <strong>argel\u00e8s<\/strong> ama a nuestros :<\/p>\n<ul>\n<li><strong>Cestas ecol\u00f3gicas<\/strong> Nuestros platos se elaboran con productos de temporada.<\/li>\n<li><strong>Cosm\u00e9tica natural<\/strong> para mimos suaves.<\/li>\n<li><strong>Productos sin gluten y veganos<\/strong> perfecto para todas las dietas.<\/li>\n<\/ul>\n<h3><strong>Comer mejor, vivir mejor en Argel\u00e8s<\/strong><\/h3>\n<p>Al elegir nuestro <strong>Fruits bio<\/strong>, Al comprar nuestros productos, est\u00e1 apoyando una agricultura sostenible, local y respetuosa con la biodiversidad. Cada compra es un paso hacia un futuro m\u00e1s saludable, para ti y para el planeta. En Argel\u00e8s, nuestros productos ecol\u00f3gicos son la mejor alternativa para quienes buscan calidad, sabor y respeto por el medio ambiente.<\/p>\n<h3><strong>Commandez d\u00e8s aujourd&rsquo;hui vos Fruits bio bio \u00e0 argel\u00e8s !<\/strong><\/h3>\n<p>Con Bio des Alb\u00e8res, tendr\u00e1 f\u00e1cil acceso a una amplia gama de <strong>Fruits bio<\/strong>\u00a0est\u00e9s donde est\u00e9s en argel\u00e8s. Navega por nuestra tienda online y descubre los productos que responden a tus valores y exigencias.<\/p>\n<h3><strong>Conclusi\u00f3n : su socio ecol\u00f3gico en argel\u00e8s<\/strong><\/h3>\n<p>No espere m\u00e1s para adoptar una alimentaci\u00f3n y un estilo de vida sanos gracias a Bio des Alb\u00e8res. Tanto si se encuentra en Argel\u00e8s como en una ciudad vecina, nuestra tienda online est\u00e1 aqu\u00ed para ayudarle. <a href=\"https:\/\/www.bio-des-alberes.fr\/es\/contact\/\"><strong>P\u00f3ngase en contacto con nosotros<\/strong><\/a> para cualquier pregunta o pedido.<\/p>","protected":false},"excerpt":{"rendered":"<p>Vous recherchez des Fruits bio de qualit\u00e9 sup\u00e9rieure \u00e0 argel\u00e8s ? Bio des Alb\u00e8res est l\u00e0 pour r\u00e9pondre \u00e0 toutes vos attentes. Situ\u00e9e au c\u0153ur des Pyr\u00e9n\u00e9es-Orientales, notre boutique en ligne propose une large gamme de produits bios et locaux, s\u00e9lectionn\u00e9s avec soin pour garantir fra\u00eecheur, go\u00fbt et respect de l\u2019environnement. Fruits bio pour un [&hellip;]<\/p>\n","protected":false},"author":1,"featured_media":57,"comment_status":"closed","ping_status":"closed","sticky":false,"template":"","format":"standard","meta":{"_et_pb_use_builder":"","_et_pb_old_content":"","_et_gb_content_width":"","footnotes":""},"categories":[1],"tags":[],"class_list":["post-1241","post","type-post","status-publish","format-standard","has-post-thumbnail","hentry","category-au-bio-des-alberes"],"yoast_head":"<!-- This site is optimized with the Yoast SEO plugin v26.2 - https:\/\/yoast.com\/wordpress\/plugins\/seo\/ -->\n<title>Fruits bio bio \u00e0 argeles<\/title>\n<meta name=\"description\" content=\"D\u00e9couvrez une large gamme de Fruits bio bio \u00e0 argeles avec Bio des Alb\u00e8res. Produits locaux, qualit\u00e9 sup\u00e9rieure et livraison rapide.\" \/>\n<meta name=\"robots\" content=\"index, follow, max-snippet:-1, max-image-preview:large, max-video-preview:-1\" \/>\n<link rel=\"canonical\" href=\"https:\/\/www.bio-des-alberes.fr\/es\/fruits-bio-a-argeles-avec-bio-des-alberes\/\" \/>\n<meta property=\"og:locale\" content=\"es_ES\" \/>\n<meta property=\"og:type\" content=\"article\" \/>\n<meta property=\"og:title\" content=\"Fruits bio bio \u00e0 argeles\" \/>\n<meta property=\"og:description\" content=\"D\u00e9couvrez une large gamme de Fruits bio bio \u00e0 argeles avec Bio des Alb\u00e8res. Produits locaux, qualit\u00e9 sup\u00e9rieure et livraison rapide.\" \/>\n<meta property=\"og:url\" content=\"https:\/\/www.bio-des-alberes.fr\/es\/fruits-bio-a-argeles-avec-bio-des-alberes\/\" \/>\n<meta property=\"og:site_name\" content=\"Bio des Alb\u00e8res\" \/>\n<meta property=\"article:publisher\" content=\"https:\/\/www.facebook.com\/p\/Le-bio-des-Albres-61568067446958\/\" \/>\n<meta property=\"article:published_time\" content=\"2025-01-28T12:55:55+00:00\" \/>\n<meta property=\"og:image\" content=\"https:\/\/www.bio-des-alberes.fr\/wp-content\/uploads\/2024\/12\/11200001-scaled.jpg\" \/>\n\t<meta property=\"og:image:width\" content=\"2560\" \/>\n\t<meta property=\"og:image:height\" content=\"1707\" \/>\n\t<meta property=\"og:image:type\" content=\"image\/jpeg\" \/>\n<meta name=\"author\" content=\"biodesalberes\" \/>\n<meta name=\"twitter:card\" content=\"summary_large_image\" \/>\n<meta name=\"twitter:label1\" content=\"Escrito por\" \/>\n\t<meta name=\"twitter:data1\" content=\"biodesalberes\" \/>\n\t<meta name=\"twitter:label2\" content=\"Tiempo de lectura\" \/>\n\t<meta name=\"twitter:data2\" content=\"2 minutos\" \/>\n<script type=\"application\/ld+json\" class=\"yoast-schema-graph\">{\"@context\":\"https:\/\/schema.org\",\"@graph\":[{\"@type\":\"Article\",\"@id\":\"https:\/\/www.bio-des-alberes.fr\/fruits-bio-a-argeles-avec-bio-des-alberes\/#article\",\"isPartOf\":{\"@id\":\"https:\/\/www.bio-des-alberes.fr\/fruits-bio-a-argeles-avec-bio-des-alberes\/\"},\"author\":{\"name\":\"biodesalberes\",\"@id\":\"https:\/\/www.bio-des-alberes.fr\/#\/schema\/person\/b207a14ba23699a080c323ee040eca00\"},\"headline\":\"Fruits bio \u00e0 argel\u00e8s avec Bio des Alb\u00e8res\",\"datePublished\":\"2025-01-28T12:55:55+00:00\",\"mainEntityOfPage\":{\"@id\":\"https:\/\/www.bio-des-alberes.fr\/fruits-bio-a-argeles-avec-bio-des-alberes\/\"},\"wordCount\":445,\"publisher\":{\"@id\":\"https:\/\/www.bio-des-alberes.fr\/#organization\"},\"image\":{\"@id\":\"https:\/\/www.bio-des-alberes.fr\/fruits-bio-a-argeles-avec-bio-des-alberes\/#primaryimage\"},\"thumbnailUrl\":\"https:\/\/www.bio-des-alberes.fr\/wp-content\/uploads\/2024\/12\/11200021-scaled.jpg\",\"articleSection\":[\"Au Bio des Alb\u00e8res\"],\"inLanguage\":\"es\"},{\"@type\":\"WebPage\",\"@id\":\"https:\/\/www.bio-des-alberes.fr\/fruits-bio-a-argeles-avec-bio-des-alberes\/\",\"url\":\"https:\/\/www.bio-des-alberes.fr\/fruits-bio-a-argeles-avec-bio-des-alberes\/\",\"name\":\"Fruits bio bio \u00e0 argeles\",\"isPartOf\":{\"@id\":\"https:\/\/www.bio-des-alberes.fr\/#website\"},\"primaryImageOfPage\":{\"@id\":\"https:\/\/www.bio-des-alberes.fr\/fruits-bio-a-argeles-avec-bio-des-alberes\/#primaryimage\"},\"image\":{\"@id\":\"https:\/\/www.bio-des-alberes.fr\/fruits-bio-a-argeles-avec-bio-des-alberes\/#primaryimage\"},\"thumbnailUrl\":\"https:\/\/www.bio-des-alberes.fr\/wp-content\/uploads\/2024\/12\/11200021-scaled.jpg\",\"datePublished\":\"2025-01-28T12:55:55+00:00\",\"description\":\"D\u00e9couvrez une large gamme de Fruits bio bio \u00e0 argeles avec Bio des Alb\u00e8res. Produits locaux, qualit\u00e9 sup\u00e9rieure et livraison rapide.\",\"breadcrumb\":{\"@id\":\"https:\/\/www.bio-des-alberes.fr\/fruits-bio-a-argeles-avec-bio-des-alberes\/#breadcrumb\"},\"inLanguage\":\"es\",\"potentialAction\":[{\"@type\":\"ReadAction\",\"target\":[\"https:\/\/www.bio-des-alberes.fr\/fruits-bio-a-argeles-avec-bio-des-alberes\/\"]}]},{\"@type\":\"ImageObject\",\"inLanguage\":\"es\",\"@id\":\"https:\/\/www.bio-des-alberes.fr\/fruits-bio-a-argeles-avec-bio-des-alberes\/#primaryimage\",\"url\":\"https:\/\/www.bio-des-alberes.fr\/wp-content\/uploads\/2024\/12\/11200021-scaled.jpg\",\"contentUrl\":\"https:\/\/www.bio-des-alberes.fr\/wp-content\/uploads\/2024\/12\/11200021-scaled.jpg\",\"width\":1707,\"height\":2560,\"caption\":\"SAMSUNG CSC\"},{\"@type\":\"BreadcrumbList\",\"@id\":\"https:\/\/www.bio-des-alberes.fr\/fruits-bio-a-argeles-avec-bio-des-alberes\/#breadcrumb\",\"itemListElement\":[{\"@type\":\"ListItem\",\"position\":1,\"name\":\"Accueil\",\"item\":\"https:\/\/www.bio-des-alberes.fr\/\"},{\"@type\":\"ListItem\",\"position\":2,\"name\":\"Fruits bio \u00e0 argel\u00e8s avec Bio des Alb\u00e8res\"}]},{\"@type\":\"WebSite\",\"@id\":\"https:\/\/www.bio-des-alberes.fr\/#website\",\"url\":\"https:\/\/www.bio-des-alberes.fr\/\",\"name\":\"Bio 66 - Magasin bio des Alberes\",\"description\":\"Fruits et l&eacute;gumes bio, produits locaux, &eacute;picerie fine\",\"publisher\":{\"@id\":\"https:\/\/www.bio-des-alberes.fr\/#organization\"},\"potentialAction\":[{\"@type\":\"SearchAction\",\"target\":{\"@type\":\"EntryPoint\",\"urlTemplate\":\"https:\/\/www.bio-des-alberes.fr\/?s={search_term_string}\"},\"query-input\":{\"@type\":\"PropertyValueSpecification\",\"valueRequired\":true,\"valueName\":\"search_term_string\"}}],\"inLanguage\":\"es\"},{\"@type\":\"Organization\",\"@id\":\"https:\/\/www.bio-des-alberes.fr\/#organization\",\"name\":\"Bio des Alb\u00e8res\",\"url\":\"https:\/\/www.bio-des-alberes.fr\/\",\"logo\":{\"@type\":\"ImageObject\",\"inLanguage\":\"es\",\"@id\":\"https:\/\/www.bio-des-alberes.fr\/#\/schema\/logo\/image\/\",\"url\":\"https:\/\/www.bio-des-alberes.fr\/wp-content\/uploads\/2024\/12\/bio-des-alberes-logo2.png\",\"contentUrl\":\"https:\/\/www.bio-des-alberes.fr\/wp-content\/uploads\/2024\/12\/bio-des-alberes-logo2.png\",\"width\":803,\"height\":466,\"caption\":\"Bio des Alb\u00e8res\"},\"image\":{\"@id\":\"https:\/\/www.bio-des-alberes.fr\/#\/schema\/logo\/image\/\"},\"sameAs\":[\"https:\/\/www.facebook.com\/p\/Le-bio-des-Albres-61568067446958\/\"]},{\"@type\":\"Person\",\"@id\":\"https:\/\/www.bio-des-alberes.fr\/#\/schema\/person\/b207a14ba23699a080c323ee040eca00\",\"name\":\"biodesalberes\",\"image\":{\"@type\":\"ImageObject\",\"inLanguage\":\"es\",\"@id\":\"https:\/\/www.bio-des-alberes.fr\/#\/schema\/person\/image\/\",\"url\":\"https:\/\/secure.gravatar.com\/avatar\/6039bbfc6c375e9adfea50b5dfc6bb7c8c601a03cbf0f44a5db56f0a0eead0b8?s=96&d=mm&r=g\",\"contentUrl\":\"https:\/\/secure.gravatar.com\/avatar\/6039bbfc6c375e9adfea50b5dfc6bb7c8c601a03cbf0f44a5db56f0a0eead0b8?s=96&d=mm&r=g\",\"caption\":\"biodesalberes\"},\"sameAs\":[\"https:\/\/www.bio-des-alberes.fr\"],\"url\":\"https:\/\/www.bio-des-alberes.fr\/es\/author\/biodesalberes\/\"}]}<\/script>\n<!-- \/ Yoast SEO plugin. -->","yoast_head_json":{"title":"Fruits bio bio \u00e0 argeles","description":"D\u00e9couvrez une large gamme de Fruits bio bio \u00e0 argeles avec Bio des Alb\u00e8res. Produits locaux, qualit\u00e9 sup\u00e9rieure et livraison rapide.","robots":{"index":"index","follow":"follow","max-snippet":"max-snippet:-1","max-image-preview":"max-image-preview:large","max-video-preview":"max-video-preview:-1"},"canonical":"https:\/\/www.bio-des-alberes.fr\/es\/fruits-bio-a-argeles-avec-bio-des-alberes\/","og_locale":"es_ES","og_type":"article","og_title":"Fruits bio bio \u00e0 argeles","og_description":"D\u00e9couvrez une large gamme de Fruits bio bio \u00e0 argeles avec Bio des Alb\u00e8res. Produits locaux, qualit\u00e9 sup\u00e9rieure et livraison rapide.","og_url":"https:\/\/www.bio-des-alberes.fr\/es\/fruits-bio-a-argeles-avec-bio-des-alberes\/","og_site_name":"Bio des Alb\u00e8res","article_publisher":"https:\/\/www.facebook.com\/p\/Le-bio-des-Albres-61568067446958\/","article_published_time":"2025-01-28T12:55:55+00:00","og_image":[{"width":2560,"height":1707,"url":"https:\/\/www.bio-des-alberes.fr\/wp-content\/uploads\/2024\/12\/11200001-scaled.jpg","type":"image\/jpeg"}],"author":"biodesalberes","twitter_card":"summary_large_image","twitter_misc":{"Escrito por":"biodesalberes","Tiempo de lectura":"2 minutos"},"schema":{"@context":"https:\/\/schema.org","@graph":[{"@type":"Article","@id":"https:\/\/www.bio-des-alberes.fr\/fruits-bio-a-argeles-avec-bio-des-alberes\/#article","isPartOf":{"@id":"https:\/\/www.bio-des-alberes.fr\/fruits-bio-a-argeles-avec-bio-des-alberes\/"},"author":{"name":"biodesalberes","@id":"https:\/\/www.bio-des-alberes.fr\/#\/schema\/person\/b207a14ba23699a080c323ee040eca00"},"headline":"Fruits bio \u00e0 argel\u00e8s avec Bio des Alb\u00e8res","datePublished":"2025-01-28T12:55:55+00:00","mainEntityOfPage":{"@id":"https:\/\/www.bio-des-alberes.fr\/fruits-bio-a-argeles-avec-bio-des-alberes\/"},"wordCount":445,"publisher":{"@id":"https:\/\/www.bio-des-alberes.fr\/#organization"},"image":{"@id":"https:\/\/www.bio-des-alberes.fr\/fruits-bio-a-argeles-avec-bio-des-alberes\/#primaryimage"},"thumbnailUrl":"https:\/\/www.bio-des-alberes.fr\/wp-content\/uploads\/2024\/12\/11200021-scaled.jpg","articleSection":["Au Bio des Alb\u00e8res"],"inLanguage":"es"},{"@type":"WebPage","@id":"https:\/\/www.bio-des-alberes.fr\/fruits-bio-a-argeles-avec-bio-des-alberes\/","url":"https:\/\/www.bio-des-alberes.fr\/fruits-bio-a-argeles-avec-bio-des-alberes\/","name":"Fruits bio bio \u00e0 argeles","isPartOf":{"@id":"https:\/\/www.bio-des-alberes.fr\/#website"},"primaryImageOfPage":{"@id":"https:\/\/www.bio-des-alberes.fr\/fruits-bio-a-argeles-avec-bio-des-alberes\/#primaryimage"},"image":{"@id":"https:\/\/www.bio-des-alberes.fr\/fruits-bio-a-argeles-avec-bio-des-alberes\/#primaryimage"},"thumbnailUrl":"https:\/\/www.bio-des-alberes.fr\/wp-content\/uploads\/2024\/12\/11200021-scaled.jpg","datePublished":"2025-01-28T12:55:55+00:00","description":"D\u00e9couvrez une large gamme de Fruits bio bio \u00e0 argeles avec Bio des Alb\u00e8res. Produits locaux, qualit\u00e9 sup\u00e9rieure et livraison rapide.","breadcrumb":{"@id":"https:\/\/www.bio-des-alberes.fr\/fruits-bio-a-argeles-avec-bio-des-alberes\/#breadcrumb"},"inLanguage":"es","potentialAction":[{"@type":"ReadAction","target":["https:\/\/www.bio-des-alberes.fr\/fruits-bio-a-argeles-avec-bio-des-alberes\/"]}]},{"@type":"ImageObject","inLanguage":"es","@id":"https:\/\/www.bio-des-alberes.fr\/fruits-bio-a-argeles-avec-bio-des-alberes\/#primaryimage","url":"https:\/\/www.bio-des-alberes.fr\/wp-content\/uploads\/2024\/12\/11200021-scaled.jpg","contentUrl":"https:\/\/www.bio-des-alberes.fr\/wp-content\/uploads\/2024\/12\/11200021-scaled.jpg","width":1707,"height":2560,"caption":"SAMSUNG CSC"},{"@type":"BreadcrumbList","@id":"https:\/\/www.bio-des-alberes.fr\/fruits-bio-a-argeles-avec-bio-des-alberes\/#breadcrumb","itemListElement":[{"@type":"ListItem","position":1,"name":"Accueil","item":"https:\/\/www.bio-des-alberes.fr\/"},{"@type":"ListItem","position":2,"name":"Fruits bio \u00e0 argel\u00e8s avec Bio des Alb\u00e8res"}]},{"@type":"WebSite","@id":"https:\/\/www.bio-des-alberes.fr\/#website","url":"https:\/\/www.bio-des-alberes.fr\/","name":"Bio 66 - Magasin bio des Alberes","description":"Fruits et l&eacute;gumes bio, produits locaux, &eacute;picerie fine","publisher":{"@id":"https:\/\/www.bio-des-alberes.fr\/#organization"},"potentialAction":[{"@type":"SearchAction","target":{"@type":"EntryPoint","urlTemplate":"https:\/\/www.bio-des-alberes.fr\/?s={search_term_string}"},"query-input":{"@type":"PropertyValueSpecification","valueRequired":true,"valueName":"search_term_string"}}],"inLanguage":"es"},{"@type":"Organization","@id":"https:\/\/www.bio-des-alberes.fr\/#organization","name":"Bio des Alb\u00e8res","url":"https:\/\/www.bio-des-alberes.fr\/","logo":{"@type":"ImageObject","inLanguage":"es","@id":"https:\/\/www.bio-des-alberes.fr\/#\/schema\/logo\/image\/","url":"https:\/\/www.bio-des-alberes.fr\/wp-content\/uploads\/2024\/12\/bio-des-alberes-logo2.png","contentUrl":"https:\/\/www.bio-des-alberes.fr\/wp-content\/uploads\/2024\/12\/bio-des-alberes-logo2.png","width":803,"height":466,"caption":"Bio des Alb\u00e8res"},"image":{"@id":"https:\/\/www.bio-des-alberes.fr\/#\/schema\/logo\/image\/"},"sameAs":["https:\/\/www.facebook.com\/p\/Le-bio-des-Albres-61568067446958\/"]},{"@type":"Person","@id":"https:\/\/www.bio-des-alberes.fr\/#\/schema\/person\/b207a14ba23699a080c323ee040eca00","name":"biodesalberes","image":{"@type":"ImageObject","inLanguage":"es","@id":"https:\/\/www.bio-des-alberes.fr\/#\/schema\/person\/image\/","url":"https:\/\/secure.gravatar.com\/avatar\/6039bbfc6c375e9adfea50b5dfc6bb7c8c601a03cbf0f44a5db56f0a0eead0b8?s=96&d=mm&r=g","contentUrl":"https:\/\/secure.gravatar.com\/avatar\/6039bbfc6c375e9adfea50b5dfc6bb7c8c601a03cbf0f44a5db56f0a0eead0b8?s=96&d=mm&r=g","caption":"biodesalberes"},"sameAs":["https:\/\/www.bio-des-alberes.fr"],"url":"https:\/\/www.bio-des-alberes.fr\/es\/author\/biodesalberes\/"}]}},"_links":{"self":[{"href":"https:\/\/www.bio-des-alberes.fr\/es\/wp-json\/wp\/v2\/posts\/1241","targetHints":{"allow":["GET"]}}],"collection":[{"href":"https:\/\/www.bio-des-alberes.fr\/es\/wp-json\/wp\/v2\/posts"}],"about":[{"href":"https:\/\/www.bio-des-alberes.fr\/es\/wp-json\/wp\/v2\/types\/post"}],"author":[{"embeddable":true,"href":"https:\/\/www.bio-des-alberes.fr\/es\/wp-json\/wp\/v2\/users\/1"}],"replies":[{"embeddable":true,"href":"https:\/\/www.bio-des-alberes.fr\/es\/wp-json\/wp\/v2\/comments?post=1241"}],"version-history":[{"count":0,"href":"https:\/\/www.bio-des-alberes.fr\/es\/wp-json\/wp\/v2\/posts\/1241\/revisions"}],"wp:featuredmedia":[{"embeddable":true,"href":"https:\/\/www.bio-des-alberes.fr\/es\/wp-json\/wp\/v2\/media\/57"}],"wp:attachment":[{"href":"https:\/\/www.bio-des-alberes.fr\/es\/wp-json\/wp\/v2\/media?parent=1241"}],"wp:term":[{"taxonomy":"category","embeddable":true,"href":"https:\/\/www.bio-des-alberes.fr\/es\/wp-json\/wp\/v2\/categories?post=1241"},{"taxonomy":"post_tag","embeddable":true,"href":"https:\/\/www.bio-des-alberes.fr\/es\/wp-json\/wp\/v2\/tags?post=1241"}],"curies":[{"name":"wp","href":"https:\/\/api.w.org\/{rel}","templated":true}]}}