{"id":1770,"date":"2025-02-25T19:42:19","date_gmt":"2025-02-25T19:42:19","guid":{"rendered":"https:\/\/www.bio-des-alberes.fr\/fraise-bio-a-pia\/"},"modified":"2025-02-25T19:42:19","modified_gmt":"2025-02-25T19:42:19","slug":"fraise-bio-a-pia","status":"publish","type":"post","link":"https:\/\/www.bio-des-alberes.fr\/es\/fraise-bio-a-pia\/","title":{"rendered":"fraise bio \u00e0 pia: su fuente de fruta y verdura ecol\u00f3gica local"},"content":{"rendered":"<p>Bienvenue sur notre site. D\u00e9couvrez notre gamme de fraise bio \u00e0 pia en mati\u00e8re de fruits et l\u00e9gumes bio locaux, directement du producteur \u00e0 votre table. Notre objectif est de vous offrir des produits frais, sains et durables, tout en soutenant les agriculteurs locaux.<\/p>\n<div id=\"attachment_827\" style=\"width: 813px\" class=\"wp-caption aligncenter\"><img loading=\"lazy\" decoding=\"async\" aria-describedby=\"caption-attachment-827\" class=\"wp-image-827 size-full\" src=\"https:\/\/www.bio-des-alberes.fr\/wp-content\/uploads\/2024\/12\/bio-des-alberes-logo2.png\" alt=\"fraise bio \u00e0 pia. Logo Bio des Alberes\" width=\"803\" height=\"466\" srcset=\"https:\/\/www.bio-des-alberes.fr\/wp-content\/uploads\/2024\/12\/bio-des-alberes-logo2.png 803w, https:\/\/www.bio-des-alberes.fr\/wp-content\/uploads\/2024\/12\/bio-des-alberes-logo2-480x279.png 480w\" sizes=\"(min-width: 0px) and (max-width: 480px) 480px, (min-width: 481px) 803px, 100vw\" \/><p id=\"caption-attachment-827\" class=\"wp-caption-text\">fraise bio \u00e0 pia<\/p><\/div>\n<h3>fresas ecol\u00f3gicas: variedad de frutas y hortalizas ecol\u00f3gicas locales<\/h3>\n<p>Chez pia, nous proposons une large s\u00e9lection de fraise bio pour satisfaire vos besoins en alimentation saine. Voici quelques-uns de nos produits phares :<\/p>\n<ul>\n<li>Manzanas ecol\u00f3gicas<\/li>\n<li>Zanahorias ecol\u00f3gicas<\/li>\n<li>Tomates locales<\/li>\n<li>Lechuga fresca<\/li>\n<li>Pepinos crujientes<\/li>\n<li>Calabacines de temporada<\/li>\n<li>Boniatos ecol\u00f3gicos<\/li>\n<li>Br\u00f3coli verde<\/li>\n<li>Coliflor<\/li>\n<\/ul>\n<h3>La importancia de los productos locales y ecol\u00f3gicos<\/h3>\n<p>Lorsque vous choisissez nos fraise bio dans les pia, vous soutenez non seulement l&rsquo;\u00e9conomie locale, mais vous prenez \u00e9galement soin de votre sant\u00e9 et de l&rsquo;environnement. Les produits bio sont cultiv\u00e9s sans pesticides ni produits chimiques, ce qui en fait un choix s\u00fbr pour vous et votre famille. De plus, en achetant local, vous r\u00e9duisez l&#8217;empreinte carbone li\u00e9e au transport des aliments sur de longues distances.<\/p>\n<p>Apoyamos los productos ecol\u00f3gicos y locales <strong>fresa ecol\u00f3gica<\/strong> en <strong>pia<\/strong>, La agricultura ecol\u00f3gica tambi\u00e9n contribuye a preservar la biodiversidad y a mantener las tradiciones agr\u00edcolas locales. Las explotaciones ecol\u00f3gicas tienden a favorecer pr\u00e1cticas agr\u00edcolas diversificadas y respetuosas con el ecosistema, contribuyendo as\u00ed a proteger el suelo, el agua y la fauna. Adem\u00e1s, al invertir en los productores locales, contribuye a mantener pr\u00e1cticas agr\u00edcolas que a menudo se transmiten de generaci\u00f3n en generaci\u00f3n, lo que garantiza la conservaci\u00f3n de los conocimientos t\u00e9cnicos regionales.<\/p>\n<h3>Nos agriculteurs locaux : fraise bio \u00e0 pia<\/h3>\n<p>Les fraise bio que nous proposons dans les pia sont le fruit du travail acharn\u00e9 de nos agriculteurs locaux. Ils mettent tout leur savoir-faire et leur passion dans la culture de fruits et l\u00e9gumes bio de haute qualit\u00e9.<\/p>\n<h3>P\u00f3ngase en contacto con<\/h3>\n<p>N\u2019attendez plus pour adopter une alimentation saine et un mode de vie durable gr\u00e2ce \u00e0 Bio des Alb\u00e8res. Que vous soyez \u00e0 pia ou dans une ville voisine, notre boutique en ligne est l\u00e0 pour vous accompagner dans votre d\u00e9marche.<a href=\"https:\/\/www.bio-des-alberes.fr\/es\/contact\/\"> P\u00f3ngase en contacto con nosotros<\/a> si tiene alguna pregunta.<\/p>\n<p>En choisissant nos fraise bio dans les pia, vous faites un geste pour votre sant\u00e9, l&rsquo;environnement et l&rsquo;\u00e9conomie locale. Merci de nous soutenir et de faire confiance \u00e0 nos agriculteurs passionn\u00e9s pour vous offrir le meilleur des fruits et l\u00e9gumes bio.<\/p>","protected":false},"excerpt":{"rendered":"<p>Bienvenue sur notre site. D\u00e9couvrez notre gamme de fraise bio \u00e0 pia en mati\u00e8re de fruits et l\u00e9gumes bio locaux, directement du producteur \u00e0 votre table. Notre objectif est de vous offrir des produits frais, sains et durables, tout en soutenant les agriculteurs locaux. fraise bio : Une vari\u00e9t\u00e9 de fruits et l\u00e9gumes bio locaux [&hellip;]<\/p>\n","protected":false},"author":1,"featured_media":88,"comment_status":"closed","ping_status":"closed","sticky":false,"template":"","format":"standard","meta":{"_et_pb_use_builder":"","_et_pb_old_content":"","_et_gb_content_width":"","footnotes":""},"categories":[1],"tags":[],"class_list":["post-1770","post","type-post","status-publish","format-standard","has-post-thumbnail","hentry","category-au-bio-des-alberes"],"yoast_head":"<!-- This site is optimized with the Yoast SEO plugin v26.2 - https:\/\/yoast.com\/wordpress\/plugins\/seo\/ -->\n<title>fraise bio \u00e0 pia<\/title>\n<meta name=\"description\" content=\"D\u00e9couvrez une large gamme de fraise bio \u00e0 pia avec Bio des Alb\u00e8res. Produits locaux, qualit\u00e9 sup\u00e9rieure\" \/>\n<meta name=\"robots\" content=\"index, follow, max-snippet:-1, max-image-preview:large, max-video-preview:-1\" \/>\n<link rel=\"canonical\" href=\"https:\/\/www.bio-des-alberes.fr\/es\/fraise-bio-a-pia\/\" \/>\n<meta property=\"og:locale\" content=\"es_ES\" \/>\n<meta property=\"og:type\" content=\"article\" \/>\n<meta property=\"og:title\" content=\"fraise bio \u00e0 pia\" \/>\n<meta property=\"og:description\" content=\"D\u00e9couvrez une large gamme de fraise bio \u00e0 pia avec Bio des Alb\u00e8res. Produits locaux, qualit\u00e9 sup\u00e9rieure\" \/>\n<meta property=\"og:url\" content=\"https:\/\/www.bio-des-alberes.fr\/es\/fraise-bio-a-pia\/\" \/>\n<meta property=\"og:site_name\" content=\"Bio des Alb\u00e8res\" \/>\n<meta property=\"article:publisher\" content=\"https:\/\/www.facebook.com\/p\/Le-bio-des-Albres-61568067446958\/\" \/>\n<meta property=\"article:published_time\" content=\"2025-02-25T19:42:19+00:00\" \/>\n<meta property=\"og:image\" content=\"https:\/\/www.bio-des-alberes.fr\/wp-content\/uploads\/2024\/12\/fruits-bio-des-alberes-au-meilleur-prix-scaled.jpg\" \/>\n\t<meta property=\"og:image:width\" content=\"2560\" \/>\n\t<meta property=\"og:image:height\" content=\"1707\" \/>\n\t<meta property=\"og:image:type\" content=\"image\/jpeg\" \/>\n<meta name=\"author\" content=\"biodesalberes\" \/>\n<meta name=\"twitter:card\" content=\"summary_large_image\" \/>\n<meta name=\"twitter:label1\" content=\"Escrito por\" \/>\n\t<meta name=\"twitter:data1\" content=\"biodesalberes\" \/>\n\t<meta name=\"twitter:label2\" content=\"Tiempo de lectura\" \/>\n\t<meta name=\"twitter:data2\" content=\"3 minutos\" \/>\n<script type=\"application\/ld+json\" class=\"yoast-schema-graph\">{\"@context\":\"https:\/\/schema.org\",\"@graph\":[{\"@type\":\"Article\",\"@id\":\"https:\/\/www.bio-des-alberes.fr\/fraise-bio-a-pia\/#article\",\"isPartOf\":{\"@id\":\"https:\/\/www.bio-des-alberes.fr\/fraise-bio-a-pia\/\"},\"author\":{\"name\":\"biodesalberes\",\"@id\":\"https:\/\/www.bio-des-alberes.fr\/#\/schema\/person\/799c5098edb8346eed3ad621e8bdae24\"},\"headline\":\"fraise bio \u00e0 pia : votre source de fruits et l\u00e9gumes bio locaux\",\"datePublished\":\"2025-02-25T19:42:19+00:00\",\"mainEntityOfPage\":{\"@id\":\"https:\/\/www.bio-des-alberes.fr\/fraise-bio-a-pia\/\"},\"wordCount\":438,\"publisher\":{\"@id\":\"https:\/\/www.bio-des-alberes.fr\/#organization\"},\"image\":{\"@id\":\"https:\/\/www.bio-des-alberes.fr\/fraise-bio-a-pia\/#primaryimage\"},\"thumbnailUrl\":\"https:\/\/www.bio-des-alberes.fr\/wp-content\/uploads\/2024\/12\/fruits-bio-des-alberes-au-meilleur-prix-scaled.jpg\",\"articleSection\":[\"Au Bio des Alb\u00e8res\"],\"inLanguage\":\"es\"},{\"@type\":\"WebPage\",\"@id\":\"https:\/\/www.bio-des-alberes.fr\/fraise-bio-a-pia\/\",\"url\":\"https:\/\/www.bio-des-alberes.fr\/fraise-bio-a-pia\/\",\"name\":\"fraise bio \u00e0 pia\",\"isPartOf\":{\"@id\":\"https:\/\/www.bio-des-alberes.fr\/#website\"},\"primaryImageOfPage\":{\"@id\":\"https:\/\/www.bio-des-alberes.fr\/fraise-bio-a-pia\/#primaryimage\"},\"image\":{\"@id\":\"https:\/\/www.bio-des-alberes.fr\/fraise-bio-a-pia\/#primaryimage\"},\"thumbnailUrl\":\"https:\/\/www.bio-des-alberes.fr\/wp-content\/uploads\/2024\/12\/fruits-bio-des-alberes-au-meilleur-prix-scaled.jpg\",\"datePublished\":\"2025-02-25T19:42:19+00:00\",\"description\":\"D\u00e9couvrez une large gamme de fraise bio \u00e0 pia avec Bio des Alb\u00e8res. Produits locaux, qualit\u00e9 sup\u00e9rieure\",\"breadcrumb\":{\"@id\":\"https:\/\/www.bio-des-alberes.fr\/fraise-bio-a-pia\/#breadcrumb\"},\"inLanguage\":\"es\",\"potentialAction\":[{\"@type\":\"ReadAction\",\"target\":[\"https:\/\/www.bio-des-alberes.fr\/fraise-bio-a-pia\/\"]}]},{\"@type\":\"ImageObject\",\"inLanguage\":\"es\",\"@id\":\"https:\/\/www.bio-des-alberes.fr\/fraise-bio-a-pia\/#primaryimage\",\"url\":\"https:\/\/www.bio-des-alberes.fr\/wp-content\/uploads\/2024\/12\/fruits-bio-des-alberes-au-meilleur-prix-scaled.jpg\",\"contentUrl\":\"https:\/\/www.bio-des-alberes.fr\/wp-content\/uploads\/2024\/12\/fruits-bio-des-alberes-au-meilleur-prix-scaled.jpg\",\"width\":2560,\"height\":1707,\"caption\":\"SAMSUNG CSC\"},{\"@type\":\"BreadcrumbList\",\"@id\":\"https:\/\/www.bio-des-alberes.fr\/fraise-bio-a-pia\/#breadcrumb\",\"itemListElement\":[{\"@type\":\"ListItem\",\"position\":1,\"name\":\"Accueil\",\"item\":\"https:\/\/www.bio-des-alberes.fr\/\"},{\"@type\":\"ListItem\",\"position\":2,\"name\":\"fraise bio \u00e0 pia : votre source de fruits et l\u00e9gumes bio locaux\"}]},{\"@type\":\"WebSite\",\"@id\":\"https:\/\/www.bio-des-alberes.fr\/#website\",\"url\":\"https:\/\/www.bio-des-alberes.fr\/\",\"name\":\"Bio 66 - Magasin bio des Alberes\",\"description\":\"Fruits et l&eacute;gumes bio, produits locaux, &eacute;picerie fine\",\"publisher\":{\"@id\":\"https:\/\/www.bio-des-alberes.fr\/#organization\"},\"potentialAction\":[{\"@type\":\"SearchAction\",\"target\":{\"@type\":\"EntryPoint\",\"urlTemplate\":\"https:\/\/www.bio-des-alberes.fr\/?s={search_term_string}\"},\"query-input\":{\"@type\":\"PropertyValueSpecification\",\"valueRequired\":true,\"valueName\":\"search_term_string\"}}],\"inLanguage\":\"es\"},{\"@type\":\"Organization\",\"@id\":\"https:\/\/www.bio-des-alberes.fr\/#organization\",\"name\":\"Bio des Alb\u00e8res\",\"url\":\"https:\/\/www.bio-des-alberes.fr\/\",\"logo\":{\"@type\":\"ImageObject\",\"inLanguage\":\"es\",\"@id\":\"https:\/\/www.bio-des-alberes.fr\/#\/schema\/logo\/image\/\",\"url\":\"https:\/\/www.bio-des-alberes.fr\/wp-content\/uploads\/2024\/12\/bio-des-alberes-logo2.png\",\"contentUrl\":\"https:\/\/www.bio-des-alberes.fr\/wp-content\/uploads\/2024\/12\/bio-des-alberes-logo2.png\",\"width\":803,\"height\":466,\"caption\":\"Bio des Alb\u00e8res\"},\"image\":{\"@id\":\"https:\/\/www.bio-des-alberes.fr\/#\/schema\/logo\/image\/\"},\"sameAs\":[\"https:\/\/www.facebook.com\/p\/Le-bio-des-Albres-61568067446958\/\"]},{\"@type\":\"Person\",\"@id\":\"https:\/\/www.bio-des-alberes.fr\/#\/schema\/person\/799c5098edb8346eed3ad621e8bdae24\",\"name\":\"biodesalberes\",\"image\":{\"@type\":\"ImageObject\",\"inLanguage\":\"es\",\"@id\":\"https:\/\/www.bio-des-alberes.fr\/#\/schema\/person\/image\/\",\"url\":\"https:\/\/secure.gravatar.com\/avatar\/6039bbfc6c375e9adfea50b5dfc6bb7c8c601a03cbf0f44a5db56f0a0eead0b8?s=96&d=mm&r=g\",\"contentUrl\":\"https:\/\/secure.gravatar.com\/avatar\/6039bbfc6c375e9adfea50b5dfc6bb7c8c601a03cbf0f44a5db56f0a0eead0b8?s=96&d=mm&r=g\",\"caption\":\"biodesalberes\"},\"sameAs\":[\"https:\/\/www.bio-des-alberes.fr\"],\"url\":\"https:\/\/www.bio-des-alberes.fr\/es\/author\/biodesalberes\/\"}]}<\/script>\n<!-- \/ Yoast SEO plugin. -->","yoast_head_json":{"title":"fraise bio \u00e0 pia","description":"D\u00e9couvrez une large gamme de fraise bio \u00e0 pia avec Bio des Alb\u00e8res. Produits locaux, qualit\u00e9 sup\u00e9rieure","robots":{"index":"index","follow":"follow","max-snippet":"max-snippet:-1","max-image-preview":"max-image-preview:large","max-video-preview":"max-video-preview:-1"},"canonical":"https:\/\/www.bio-des-alberes.fr\/es\/fraise-bio-a-pia\/","og_locale":"es_ES","og_type":"article","og_title":"fraise bio \u00e0 pia","og_description":"D\u00e9couvrez une large gamme de fraise bio \u00e0 pia avec Bio des Alb\u00e8res. Produits locaux, qualit\u00e9 sup\u00e9rieure","og_url":"https:\/\/www.bio-des-alberes.fr\/es\/fraise-bio-a-pia\/","og_site_name":"Bio des Alb\u00e8res","article_publisher":"https:\/\/www.facebook.com\/p\/Le-bio-des-Albres-61568067446958\/","article_published_time":"2025-02-25T19:42:19+00:00","og_image":[{"width":2560,"height":1707,"url":"https:\/\/www.bio-des-alberes.fr\/wp-content\/uploads\/2024\/12\/fruits-bio-des-alberes-au-meilleur-prix-scaled.jpg","type":"image\/jpeg"}],"author":"biodesalberes","twitter_card":"summary_large_image","twitter_misc":{"Escrito por":"biodesalberes","Tiempo de lectura":"3 minutos"},"schema":{"@context":"https:\/\/schema.org","@graph":[{"@type":"Article","@id":"https:\/\/www.bio-des-alberes.fr\/fraise-bio-a-pia\/#article","isPartOf":{"@id":"https:\/\/www.bio-des-alberes.fr\/fraise-bio-a-pia\/"},"author":{"name":"biodesalberes","@id":"https:\/\/www.bio-des-alberes.fr\/#\/schema\/person\/799c5098edb8346eed3ad621e8bdae24"},"headline":"fraise bio \u00e0 pia : votre source de fruits et l\u00e9gumes bio locaux","datePublished":"2025-02-25T19:42:19+00:00","mainEntityOfPage":{"@id":"https:\/\/www.bio-des-alberes.fr\/fraise-bio-a-pia\/"},"wordCount":438,"publisher":{"@id":"https:\/\/www.bio-des-alberes.fr\/#organization"},"image":{"@id":"https:\/\/www.bio-des-alberes.fr\/fraise-bio-a-pia\/#primaryimage"},"thumbnailUrl":"https:\/\/www.bio-des-alberes.fr\/wp-content\/uploads\/2024\/12\/fruits-bio-des-alberes-au-meilleur-prix-scaled.jpg","articleSection":["Au Bio des Alb\u00e8res"],"inLanguage":"es"},{"@type":"WebPage","@id":"https:\/\/www.bio-des-alberes.fr\/fraise-bio-a-pia\/","url":"https:\/\/www.bio-des-alberes.fr\/fraise-bio-a-pia\/","name":"fraise bio \u00e0 pia","isPartOf":{"@id":"https:\/\/www.bio-des-alberes.fr\/#website"},"primaryImageOfPage":{"@id":"https:\/\/www.bio-des-alberes.fr\/fraise-bio-a-pia\/#primaryimage"},"image":{"@id":"https:\/\/www.bio-des-alberes.fr\/fraise-bio-a-pia\/#primaryimage"},"thumbnailUrl":"https:\/\/www.bio-des-alberes.fr\/wp-content\/uploads\/2024\/12\/fruits-bio-des-alberes-au-meilleur-prix-scaled.jpg","datePublished":"2025-02-25T19:42:19+00:00","description":"D\u00e9couvrez une large gamme de fraise bio \u00e0 pia avec Bio des Alb\u00e8res. Produits locaux, qualit\u00e9 sup\u00e9rieure","breadcrumb":{"@id":"https:\/\/www.bio-des-alberes.fr\/fraise-bio-a-pia\/#breadcrumb"},"inLanguage":"es","potentialAction":[{"@type":"ReadAction","target":["https:\/\/www.bio-des-alberes.fr\/fraise-bio-a-pia\/"]}]},{"@type":"ImageObject","inLanguage":"es","@id":"https:\/\/www.bio-des-alberes.fr\/fraise-bio-a-pia\/#primaryimage","url":"https:\/\/www.bio-des-alberes.fr\/wp-content\/uploads\/2024\/12\/fruits-bio-des-alberes-au-meilleur-prix-scaled.jpg","contentUrl":"https:\/\/www.bio-des-alberes.fr\/wp-content\/uploads\/2024\/12\/fruits-bio-des-alberes-au-meilleur-prix-scaled.jpg","width":2560,"height":1707,"caption":"SAMSUNG CSC"},{"@type":"BreadcrumbList","@id":"https:\/\/www.bio-des-alberes.fr\/fraise-bio-a-pia\/#breadcrumb","itemListElement":[{"@type":"ListItem","position":1,"name":"Accueil","item":"https:\/\/www.bio-des-alberes.fr\/"},{"@type":"ListItem","position":2,"name":"fraise bio \u00e0 pia : votre source de fruits et l\u00e9gumes bio locaux"}]},{"@type":"WebSite","@id":"https:\/\/www.bio-des-alberes.fr\/#website","url":"https:\/\/www.bio-des-alberes.fr\/","name":"Bio 66 - Magasin bio des Alberes","description":"Fruits et l&eacute;gumes bio, produits locaux, &eacute;picerie fine","publisher":{"@id":"https:\/\/www.bio-des-alberes.fr\/#organization"},"potentialAction":[{"@type":"SearchAction","target":{"@type":"EntryPoint","urlTemplate":"https:\/\/www.bio-des-alberes.fr\/?s={search_term_string}"},"query-input":{"@type":"PropertyValueSpecification","valueRequired":true,"valueName":"search_term_string"}}],"inLanguage":"es"},{"@type":"Organization","@id":"https:\/\/www.bio-des-alberes.fr\/#organization","name":"Bio des Alb\u00e8res","url":"https:\/\/www.bio-des-alberes.fr\/","logo":{"@type":"ImageObject","inLanguage":"es","@id":"https:\/\/www.bio-des-alberes.fr\/#\/schema\/logo\/image\/","url":"https:\/\/www.bio-des-alberes.fr\/wp-content\/uploads\/2024\/12\/bio-des-alberes-logo2.png","contentUrl":"https:\/\/www.bio-des-alberes.fr\/wp-content\/uploads\/2024\/12\/bio-des-alberes-logo2.png","width":803,"height":466,"caption":"Bio des Alb\u00e8res"},"image":{"@id":"https:\/\/www.bio-des-alberes.fr\/#\/schema\/logo\/image\/"},"sameAs":["https:\/\/www.facebook.com\/p\/Le-bio-des-Albres-61568067446958\/"]},{"@type":"Person","@id":"https:\/\/www.bio-des-alberes.fr\/#\/schema\/person\/799c5098edb8346eed3ad621e8bdae24","name":"biodesalberes","image":{"@type":"ImageObject","inLanguage":"es","@id":"https:\/\/www.bio-des-alberes.fr\/#\/schema\/person\/image\/","url":"https:\/\/secure.gravatar.com\/avatar\/6039bbfc6c375e9adfea50b5dfc6bb7c8c601a03cbf0f44a5db56f0a0eead0b8?s=96&d=mm&r=g","contentUrl":"https:\/\/secure.gravatar.com\/avatar\/6039bbfc6c375e9adfea50b5dfc6bb7c8c601a03cbf0f44a5db56f0a0eead0b8?s=96&d=mm&r=g","caption":"biodesalberes"},"sameAs":["https:\/\/www.bio-des-alberes.fr"],"url":"https:\/\/www.bio-des-alberes.fr\/es\/author\/biodesalberes\/"}]}},"_links":{"self":[{"href":"https:\/\/www.bio-des-alberes.fr\/es\/wp-json\/wp\/v2\/posts\/1770","targetHints":{"allow":["GET"]}}],"collection":[{"href":"https:\/\/www.bio-des-alberes.fr\/es\/wp-json\/wp\/v2\/posts"}],"about":[{"href":"https:\/\/www.bio-des-alberes.fr\/es\/wp-json\/wp\/v2\/types\/post"}],"author":[{"embeddable":true,"href":"https:\/\/www.bio-des-alberes.fr\/es\/wp-json\/wp\/v2\/users\/1"}],"replies":[{"embeddable":true,"href":"https:\/\/www.bio-des-alberes.fr\/es\/wp-json\/wp\/v2\/comments?post=1770"}],"version-history":[{"count":0,"href":"https:\/\/www.bio-des-alberes.fr\/es\/wp-json\/wp\/v2\/posts\/1770\/revisions"}],"wp:featuredmedia":[{"embeddable":true,"href":"https:\/\/www.bio-des-alberes.fr\/es\/wp-json\/wp\/v2\/media\/88"}],"wp:attachment":[{"href":"https:\/\/www.bio-des-alberes.fr\/es\/wp-json\/wp\/v2\/media?parent=1770"}],"wp:term":[{"taxonomy":"category","embeddable":true,"href":"https:\/\/www.bio-des-alberes.fr\/es\/wp-json\/wp\/v2\/categories?post=1770"},{"taxonomy":"post_tag","embeddable":true,"href":"https:\/\/www.bio-des-alberes.fr\/es\/wp-json\/wp\/v2\/tags?post=1770"}],"curies":[{"name":"wp","href":"https:\/\/api.w.org\/{rel}","templated":true}]}}