{"id":1922,"date":"2025-02-25T19:43:34","date_gmt":"2025-02-25T19:43:34","guid":{"rendered":"https:\/\/www.bio-des-alberes.fr\/poivron-bio-a-ceret\/"},"modified":"2025-02-25T19:43:34","modified_gmt":"2025-02-25T19:43:34","slug":"poivron-bio-a-ceret","status":"publish","type":"post","link":"https:\/\/www.bio-des-alberes.fr\/es\/poivron-bio-a-ceret\/","title":{"rendered":"pimientos ecol\u00f3gicos en ceret: su fuente de fruta y verdura ecol\u00f3gica local"},"content":{"rendered":"<p>Bienvenue sur notre site. D\u00e9couvrez notre gamme de poivron bio \u00e0 ceret en mati\u00e8re de fruits et l\u00e9gumes bio locaux, directement du producteur \u00e0 votre table. Notre objectif est de vous offrir des produits frais, sains et durables, tout en soutenant les agriculteurs locaux.<\/p>\n<div id=\"attachment_827\" style=\"width: 813px\" class=\"wp-caption aligncenter\"><img loading=\"lazy\" decoding=\"async\" aria-describedby=\"caption-attachment-827\" class=\"wp-image-827 size-full\" src=\"https:\/\/www.bio-des-alberes.fr\/wp-content\/uploads\/2024\/12\/bio-des-alberes-logo2.png\" alt=\"poivron bio \u00e0 ceret. Logo Bio des Alberes\" width=\"803\" height=\"466\" srcset=\"https:\/\/www.bio-des-alberes.fr\/wp-content\/uploads\/2024\/12\/bio-des-alberes-logo2.png 803w, https:\/\/www.bio-des-alberes.fr\/wp-content\/uploads\/2024\/12\/bio-des-alberes-logo2-480x279.png 480w\" sizes=\"(min-width: 0px) and (max-width: 480px) 480px, (min-width: 481px) 803px, 100vw\" \/><p id=\"caption-attachment-827\" class=\"wp-caption-text\">poivron bio \u00e0 ceret<\/p><\/div>\n<h3>pimientos ecol\u00f3gicos: variedad de frutas y verduras ecol\u00f3gicas locales<\/h3>\n<p>Chez ceret, nous proposons une large s\u00e9lection de poivron bio pour satisfaire vos besoins en alimentation saine. Voici quelques-uns de nos produits phares :<\/p>\n<ul>\n<li>Manzanas ecol\u00f3gicas<\/li>\n<li>Zanahorias ecol\u00f3gicas<\/li>\n<li>Tomates locales<\/li>\n<li>Lechuga fresca<\/li>\n<li>Pepinos crujientes<\/li>\n<li>Calabacines de temporada<\/li>\n<li>Boniatos ecol\u00f3gicos<\/li>\n<li>Br\u00f3coli verde<\/li>\n<li>Coliflor<\/li>\n<\/ul>\n<h3>La importancia de los productos locales y ecol\u00f3gicos<\/h3>\n<p>Lorsque vous choisissez nos poivron bio dans les ceret, vous soutenez non seulement l&rsquo;\u00e9conomie locale, mais vous prenez \u00e9galement soin de votre sant\u00e9 et de l&rsquo;environnement. Les produits bio sont cultiv\u00e9s sans pesticides ni produits chimiques, ce qui en fait un choix s\u00fbr pour vous et votre famille. De plus, en achetant local, vous r\u00e9duisez l&#8217;empreinte carbone li\u00e9e au transport des aliments sur de longues distances.<\/p>\n<p>Apoyamos los productos ecol\u00f3gicos y locales <strong>pimienta ecol\u00f3gica<\/strong> en <strong>ceret<\/strong>, La agricultura ecol\u00f3gica tambi\u00e9n contribuye a preservar la biodiversidad y a mantener las tradiciones agr\u00edcolas locales. Las explotaciones ecol\u00f3gicas tienden a favorecer pr\u00e1cticas agr\u00edcolas diversificadas y respetuosas con el ecosistema, contribuyendo as\u00ed a proteger el suelo, el agua y la fauna. Adem\u00e1s, al invertir en los productores locales, contribuye a mantener pr\u00e1cticas agr\u00edcolas que a menudo se transmiten de generaci\u00f3n en generaci\u00f3n, lo que garantiza la conservaci\u00f3n de los conocimientos t\u00e9cnicos regionales.<\/p>\n<h3>Nos agriculteurs locaux : poivron bio \u00e0 ceret<\/h3>\n<p>Les poivron bio que nous proposons dans les ceret sont le fruit du travail acharn\u00e9 de nos agriculteurs locaux. Ils mettent tout leur savoir-faire et leur passion dans la culture de fruits et l\u00e9gumes bio de haute qualit\u00e9.<\/p>\n<h3>P\u00f3ngase en contacto con<\/h3>\n<p>No espere m\u00e1s para adoptar una alimentaci\u00f3n sana y un estilo de vida sostenible gracias a Bio des Alb\u00e8res. Tanto si vive en Ceret como en una ciudad vecina, nuestra tienda online est\u00e1 aqu\u00ed para ayudarle en su camino.<a href=\"https:\/\/www.bio-des-alberes.fr\/es\/contact\/\"> P\u00f3ngase en contacto con nosotros<\/a> si tiene alguna pregunta.<\/p>\n<p>En choisissant nos poivron bio dans les ceret, vous faites un geste pour votre sant\u00e9, l&rsquo;environnement et l&rsquo;\u00e9conomie locale. Merci de nous soutenir et de faire confiance \u00e0 nos agriculteurs passionn\u00e9s pour vous offrir le meilleur des fruits et l\u00e9gumes bio.<\/p>","protected":false},"excerpt":{"rendered":"<p>Bienvenue sur notre site. D\u00e9couvrez notre gamme de poivron bio \u00e0 ceret en mati\u00e8re de fruits et l\u00e9gumes bio locaux, directement du producteur \u00e0 votre table. Notre objectif est de vous offrir des produits frais, sains et durables, tout en soutenant les agriculteurs locaux. poivron bio : Une vari\u00e9t\u00e9 de fruits et l\u00e9gumes bio locaux [&hellip;]<\/p>\n","protected":false},"author":1,"featured_media":21,"comment_status":"closed","ping_status":"closed","sticky":false,"template":"","format":"standard","meta":{"_et_pb_use_builder":"","_et_pb_old_content":"","_et_gb_content_width":"","footnotes":""},"categories":[1],"tags":[],"class_list":["post-1922","post","type-post","status-publish","format-standard","has-post-thumbnail","hentry","category-au-bio-des-alberes"],"yoast_head":"<!-- This site is optimized with the Yoast SEO plugin v26.2 - https:\/\/yoast.com\/wordpress\/plugins\/seo\/ -->\n<title>poivron bio \u00e0 ceret<\/title>\n<meta name=\"description\" content=\"D\u00e9couvrez une large gamme de poivron bio \u00e0 ceret avec Bio des Alb\u00e8res. Produits locaux, qualit\u00e9 sup\u00e9rieure\" \/>\n<meta name=\"robots\" content=\"index, follow, max-snippet:-1, max-image-preview:large, max-video-preview:-1\" \/>\n<link rel=\"canonical\" href=\"https:\/\/www.bio-des-alberes.fr\/es\/poivron-bio-a-ceret\/\" \/>\n<meta property=\"og:locale\" content=\"es_ES\" \/>\n<meta property=\"og:type\" content=\"article\" \/>\n<meta property=\"og:title\" content=\"poivron bio \u00e0 ceret\" \/>\n<meta property=\"og:description\" content=\"D\u00e9couvrez une large gamme de poivron bio \u00e0 ceret avec Bio des Alb\u00e8res. Produits locaux, qualit\u00e9 sup\u00e9rieure\" \/>\n<meta property=\"og:url\" content=\"https:\/\/www.bio-des-alberes.fr\/es\/poivron-bio-a-ceret\/\" \/>\n<meta property=\"og:site_name\" content=\"Bio des Alb\u00e8res\" \/>\n<meta property=\"article:publisher\" content=\"https:\/\/www.facebook.com\/p\/Le-bio-des-Albres-61568067446958\/\" \/>\n<meta property=\"article:published_time\" content=\"2025-02-25T19:43:34+00:00\" \/>\n<meta property=\"og:image\" content=\"https:\/\/www.bio-des-alberes.fr\/wp-content\/uploads\/2024\/12\/food-co-op-illustration-09.png\" \/>\n\t<meta property=\"og:image:width\" content=\"1610\" \/>\n\t<meta property=\"og:image:height\" content=\"600\" \/>\n\t<meta property=\"og:image:type\" content=\"image\/png\" \/>\n<meta name=\"author\" content=\"biodesalberes\" \/>\n<meta name=\"twitter:card\" content=\"summary_large_image\" \/>\n<meta name=\"twitter:label1\" content=\"Escrito por\" \/>\n\t<meta name=\"twitter:data1\" content=\"biodesalberes\" \/>\n\t<meta name=\"twitter:label2\" content=\"Tiempo de lectura\" \/>\n\t<meta name=\"twitter:data2\" content=\"3 minutos\" \/>\n<script type=\"application\/ld+json\" class=\"yoast-schema-graph\">{\"@context\":\"https:\/\/schema.org\",\"@graph\":[{\"@type\":\"Article\",\"@id\":\"https:\/\/www.bio-des-alberes.fr\/poivron-bio-a-ceret\/#article\",\"isPartOf\":{\"@id\":\"https:\/\/www.bio-des-alberes.fr\/poivron-bio-a-ceret\/\"},\"author\":{\"name\":\"biodesalberes\",\"@id\":\"https:\/\/www.bio-des-alberes.fr\/#\/schema\/person\/b207a14ba23699a080c323ee040eca00\"},\"headline\":\"poivron bio \u00e0 ceret : votre source de fruits et l\u00e9gumes bio locaux\",\"datePublished\":\"2025-02-25T19:43:34+00:00\",\"mainEntityOfPage\":{\"@id\":\"https:\/\/www.bio-des-alberes.fr\/poivron-bio-a-ceret\/\"},\"wordCount\":438,\"publisher\":{\"@id\":\"https:\/\/www.bio-des-alberes.fr\/#organization\"},\"image\":{\"@id\":\"https:\/\/www.bio-des-alberes.fr\/poivron-bio-a-ceret\/#primaryimage\"},\"thumbnailUrl\":\"https:\/\/www.bio-des-alberes.fr\/wp-content\/uploads\/2024\/12\/food-co-op-illustration-09.png\",\"articleSection\":[\"Au Bio des Alb\u00e8res\"],\"inLanguage\":\"es\"},{\"@type\":\"WebPage\",\"@id\":\"https:\/\/www.bio-des-alberes.fr\/poivron-bio-a-ceret\/\",\"url\":\"https:\/\/www.bio-des-alberes.fr\/poivron-bio-a-ceret\/\",\"name\":\"poivron bio \u00e0 ceret\",\"isPartOf\":{\"@id\":\"https:\/\/www.bio-des-alberes.fr\/#website\"},\"primaryImageOfPage\":{\"@id\":\"https:\/\/www.bio-des-alberes.fr\/poivron-bio-a-ceret\/#primaryimage\"},\"image\":{\"@id\":\"https:\/\/www.bio-des-alberes.fr\/poivron-bio-a-ceret\/#primaryimage\"},\"thumbnailUrl\":\"https:\/\/www.bio-des-alberes.fr\/wp-content\/uploads\/2024\/12\/food-co-op-illustration-09.png\",\"datePublished\":\"2025-02-25T19:43:34+00:00\",\"description\":\"D\u00e9couvrez une large gamme de poivron bio \u00e0 ceret avec Bio des Alb\u00e8res. Produits locaux, qualit\u00e9 sup\u00e9rieure\",\"breadcrumb\":{\"@id\":\"https:\/\/www.bio-des-alberes.fr\/poivron-bio-a-ceret\/#breadcrumb\"},\"inLanguage\":\"es\",\"potentialAction\":[{\"@type\":\"ReadAction\",\"target\":[\"https:\/\/www.bio-des-alberes.fr\/poivron-bio-a-ceret\/\"]}]},{\"@type\":\"ImageObject\",\"inLanguage\":\"es\",\"@id\":\"https:\/\/www.bio-des-alberes.fr\/poivron-bio-a-ceret\/#primaryimage\",\"url\":\"https:\/\/www.bio-des-alberes.fr\/wp-content\/uploads\/2024\/12\/food-co-op-illustration-09.png\",\"contentUrl\":\"https:\/\/www.bio-des-alberes.fr\/wp-content\/uploads\/2024\/12\/food-co-op-illustration-09.png\",\"width\":1610,\"height\":600},{\"@type\":\"BreadcrumbList\",\"@id\":\"https:\/\/www.bio-des-alberes.fr\/poivron-bio-a-ceret\/#breadcrumb\",\"itemListElement\":[{\"@type\":\"ListItem\",\"position\":1,\"name\":\"Accueil\",\"item\":\"https:\/\/www.bio-des-alberes.fr\/\"},{\"@type\":\"ListItem\",\"position\":2,\"name\":\"poivron bio \u00e0 ceret : votre source de fruits et l\u00e9gumes bio locaux\"}]},{\"@type\":\"WebSite\",\"@id\":\"https:\/\/www.bio-des-alberes.fr\/#website\",\"url\":\"https:\/\/www.bio-des-alberes.fr\/\",\"name\":\"Bio 66 - Magasin bio des Alberes\",\"description\":\"Fruits et l&eacute;gumes bio, produits locaux, &eacute;picerie fine\",\"publisher\":{\"@id\":\"https:\/\/www.bio-des-alberes.fr\/#organization\"},\"potentialAction\":[{\"@type\":\"SearchAction\",\"target\":{\"@type\":\"EntryPoint\",\"urlTemplate\":\"https:\/\/www.bio-des-alberes.fr\/?s={search_term_string}\"},\"query-input\":{\"@type\":\"PropertyValueSpecification\",\"valueRequired\":true,\"valueName\":\"search_term_string\"}}],\"inLanguage\":\"es\"},{\"@type\":\"Organization\",\"@id\":\"https:\/\/www.bio-des-alberes.fr\/#organization\",\"name\":\"Bio des Alb\u00e8res\",\"url\":\"https:\/\/www.bio-des-alberes.fr\/\",\"logo\":{\"@type\":\"ImageObject\",\"inLanguage\":\"es\",\"@id\":\"https:\/\/www.bio-des-alberes.fr\/#\/schema\/logo\/image\/\",\"url\":\"https:\/\/www.bio-des-alberes.fr\/wp-content\/uploads\/2024\/12\/bio-des-alberes-logo2.png\",\"contentUrl\":\"https:\/\/www.bio-des-alberes.fr\/wp-content\/uploads\/2024\/12\/bio-des-alberes-logo2.png\",\"width\":803,\"height\":466,\"caption\":\"Bio des Alb\u00e8res\"},\"image\":{\"@id\":\"https:\/\/www.bio-des-alberes.fr\/#\/schema\/logo\/image\/\"},\"sameAs\":[\"https:\/\/www.facebook.com\/p\/Le-bio-des-Albres-61568067446958\/\"]},{\"@type\":\"Person\",\"@id\":\"https:\/\/www.bio-des-alberes.fr\/#\/schema\/person\/b207a14ba23699a080c323ee040eca00\",\"name\":\"biodesalberes\",\"image\":{\"@type\":\"ImageObject\",\"inLanguage\":\"es\",\"@id\":\"https:\/\/www.bio-des-alberes.fr\/#\/schema\/person\/image\/\",\"url\":\"https:\/\/secure.gravatar.com\/avatar\/6039bbfc6c375e9adfea50b5dfc6bb7c8c601a03cbf0f44a5db56f0a0eead0b8?s=96&d=mm&r=g\",\"contentUrl\":\"https:\/\/secure.gravatar.com\/avatar\/6039bbfc6c375e9adfea50b5dfc6bb7c8c601a03cbf0f44a5db56f0a0eead0b8?s=96&d=mm&r=g\",\"caption\":\"biodesalberes\"},\"sameAs\":[\"https:\/\/www.bio-des-alberes.fr\"],\"url\":\"https:\/\/www.bio-des-alberes.fr\/es\/author\/biodesalberes\/\"}]}<\/script>\n<!-- \/ Yoast SEO plugin. -->","yoast_head_json":{"title":"poivron bio \u00e0 ceret","description":"D\u00e9couvrez une large gamme de poivron bio \u00e0 ceret avec Bio des Alb\u00e8res. Produits locaux, qualit\u00e9 sup\u00e9rieure","robots":{"index":"index","follow":"follow","max-snippet":"max-snippet:-1","max-image-preview":"max-image-preview:large","max-video-preview":"max-video-preview:-1"},"canonical":"https:\/\/www.bio-des-alberes.fr\/es\/poivron-bio-a-ceret\/","og_locale":"es_ES","og_type":"article","og_title":"poivron bio \u00e0 ceret","og_description":"D\u00e9couvrez une large gamme de poivron bio \u00e0 ceret avec Bio des Alb\u00e8res. Produits locaux, qualit\u00e9 sup\u00e9rieure","og_url":"https:\/\/www.bio-des-alberes.fr\/es\/poivron-bio-a-ceret\/","og_site_name":"Bio des Alb\u00e8res","article_publisher":"https:\/\/www.facebook.com\/p\/Le-bio-des-Albres-61568067446958\/","article_published_time":"2025-02-25T19:43:34+00:00","og_image":[{"width":1610,"height":600,"url":"https:\/\/www.bio-des-alberes.fr\/wp-content\/uploads\/2024\/12\/food-co-op-illustration-09.png","type":"image\/png"}],"author":"biodesalberes","twitter_card":"summary_large_image","twitter_misc":{"Escrito por":"biodesalberes","Tiempo de lectura":"3 minutos"},"schema":{"@context":"https:\/\/schema.org","@graph":[{"@type":"Article","@id":"https:\/\/www.bio-des-alberes.fr\/poivron-bio-a-ceret\/#article","isPartOf":{"@id":"https:\/\/www.bio-des-alberes.fr\/poivron-bio-a-ceret\/"},"author":{"name":"biodesalberes","@id":"https:\/\/www.bio-des-alberes.fr\/#\/schema\/person\/b207a14ba23699a080c323ee040eca00"},"headline":"poivron bio \u00e0 ceret : votre source de fruits et l\u00e9gumes bio locaux","datePublished":"2025-02-25T19:43:34+00:00","mainEntityOfPage":{"@id":"https:\/\/www.bio-des-alberes.fr\/poivron-bio-a-ceret\/"},"wordCount":438,"publisher":{"@id":"https:\/\/www.bio-des-alberes.fr\/#organization"},"image":{"@id":"https:\/\/www.bio-des-alberes.fr\/poivron-bio-a-ceret\/#primaryimage"},"thumbnailUrl":"https:\/\/www.bio-des-alberes.fr\/wp-content\/uploads\/2024\/12\/food-co-op-illustration-09.png","articleSection":["Au Bio des Alb\u00e8res"],"inLanguage":"es"},{"@type":"WebPage","@id":"https:\/\/www.bio-des-alberes.fr\/poivron-bio-a-ceret\/","url":"https:\/\/www.bio-des-alberes.fr\/poivron-bio-a-ceret\/","name":"poivron bio \u00e0 ceret","isPartOf":{"@id":"https:\/\/www.bio-des-alberes.fr\/#website"},"primaryImageOfPage":{"@id":"https:\/\/www.bio-des-alberes.fr\/poivron-bio-a-ceret\/#primaryimage"},"image":{"@id":"https:\/\/www.bio-des-alberes.fr\/poivron-bio-a-ceret\/#primaryimage"},"thumbnailUrl":"https:\/\/www.bio-des-alberes.fr\/wp-content\/uploads\/2024\/12\/food-co-op-illustration-09.png","datePublished":"2025-02-25T19:43:34+00:00","description":"D\u00e9couvrez une large gamme de poivron bio \u00e0 ceret avec Bio des Alb\u00e8res. Produits locaux, qualit\u00e9 sup\u00e9rieure","breadcrumb":{"@id":"https:\/\/www.bio-des-alberes.fr\/poivron-bio-a-ceret\/#breadcrumb"},"inLanguage":"es","potentialAction":[{"@type":"ReadAction","target":["https:\/\/www.bio-des-alberes.fr\/poivron-bio-a-ceret\/"]}]},{"@type":"ImageObject","inLanguage":"es","@id":"https:\/\/www.bio-des-alberes.fr\/poivron-bio-a-ceret\/#primaryimage","url":"https:\/\/www.bio-des-alberes.fr\/wp-content\/uploads\/2024\/12\/food-co-op-illustration-09.png","contentUrl":"https:\/\/www.bio-des-alberes.fr\/wp-content\/uploads\/2024\/12\/food-co-op-illustration-09.png","width":1610,"height":600},{"@type":"BreadcrumbList","@id":"https:\/\/www.bio-des-alberes.fr\/poivron-bio-a-ceret\/#breadcrumb","itemListElement":[{"@type":"ListItem","position":1,"name":"Accueil","item":"https:\/\/www.bio-des-alberes.fr\/"},{"@type":"ListItem","position":2,"name":"poivron bio \u00e0 ceret : votre source de fruits et l\u00e9gumes bio locaux"}]},{"@type":"WebSite","@id":"https:\/\/www.bio-des-alberes.fr\/#website","url":"https:\/\/www.bio-des-alberes.fr\/","name":"Bio 66 - Magasin bio des Alberes","description":"Fruits et l&eacute;gumes bio, produits locaux, &eacute;picerie fine","publisher":{"@id":"https:\/\/www.bio-des-alberes.fr\/#organization"},"potentialAction":[{"@type":"SearchAction","target":{"@type":"EntryPoint","urlTemplate":"https:\/\/www.bio-des-alberes.fr\/?s={search_term_string}"},"query-input":{"@type":"PropertyValueSpecification","valueRequired":true,"valueName":"search_term_string"}}],"inLanguage":"es"},{"@type":"Organization","@id":"https:\/\/www.bio-des-alberes.fr\/#organization","name":"Bio des Alb\u00e8res","url":"https:\/\/www.bio-des-alberes.fr\/","logo":{"@type":"ImageObject","inLanguage":"es","@id":"https:\/\/www.bio-des-alberes.fr\/#\/schema\/logo\/image\/","url":"https:\/\/www.bio-des-alberes.fr\/wp-content\/uploads\/2024\/12\/bio-des-alberes-logo2.png","contentUrl":"https:\/\/www.bio-des-alberes.fr\/wp-content\/uploads\/2024\/12\/bio-des-alberes-logo2.png","width":803,"height":466,"caption":"Bio des Alb\u00e8res"},"image":{"@id":"https:\/\/www.bio-des-alberes.fr\/#\/schema\/logo\/image\/"},"sameAs":["https:\/\/www.facebook.com\/p\/Le-bio-des-Albres-61568067446958\/"]},{"@type":"Person","@id":"https:\/\/www.bio-des-alberes.fr\/#\/schema\/person\/b207a14ba23699a080c323ee040eca00","name":"biodesalberes","image":{"@type":"ImageObject","inLanguage":"es","@id":"https:\/\/www.bio-des-alberes.fr\/#\/schema\/person\/image\/","url":"https:\/\/secure.gravatar.com\/avatar\/6039bbfc6c375e9adfea50b5dfc6bb7c8c601a03cbf0f44a5db56f0a0eead0b8?s=96&d=mm&r=g","contentUrl":"https:\/\/secure.gravatar.com\/avatar\/6039bbfc6c375e9adfea50b5dfc6bb7c8c601a03cbf0f44a5db56f0a0eead0b8?s=96&d=mm&r=g","caption":"biodesalberes"},"sameAs":["https:\/\/www.bio-des-alberes.fr"],"url":"https:\/\/www.bio-des-alberes.fr\/es\/author\/biodesalberes\/"}]}},"_links":{"self":[{"href":"https:\/\/www.bio-des-alberes.fr\/es\/wp-json\/wp\/v2\/posts\/1922","targetHints":{"allow":["GET"]}}],"collection":[{"href":"https:\/\/www.bio-des-alberes.fr\/es\/wp-json\/wp\/v2\/posts"}],"about":[{"href":"https:\/\/www.bio-des-alberes.fr\/es\/wp-json\/wp\/v2\/types\/post"}],"author":[{"embeddable":true,"href":"https:\/\/www.bio-des-alberes.fr\/es\/wp-json\/wp\/v2\/users\/1"}],"replies":[{"embeddable":true,"href":"https:\/\/www.bio-des-alberes.fr\/es\/wp-json\/wp\/v2\/comments?post=1922"}],"version-history":[{"count":0,"href":"https:\/\/www.bio-des-alberes.fr\/es\/wp-json\/wp\/v2\/posts\/1922\/revisions"}],"wp:featuredmedia":[{"embeddable":true,"href":"https:\/\/www.bio-des-alberes.fr\/es\/wp-json\/wp\/v2\/media\/21"}],"wp:attachment":[{"href":"https:\/\/www.bio-des-alberes.fr\/es\/wp-json\/wp\/v2\/media?parent=1922"}],"wp:term":[{"taxonomy":"category","embeddable":true,"href":"https:\/\/www.bio-des-alberes.fr\/es\/wp-json\/wp\/v2\/categories?post=1922"},{"taxonomy":"post_tag","embeddable":true,"href":"https:\/\/www.bio-des-alberes.fr\/es\/wp-json\/wp\/v2\/tags?post=1922"}],"curies":[{"name":"wp","href":"https:\/\/api.w.org\/{rel}","templated":true}]}}