{"id":1933,"date":"2025-02-25T19:43:39","date_gmt":"2025-02-25T19:43:39","guid":{"rendered":"https:\/\/www.bio-des-alberes.fr\/poivron-bio-a-saint-jean-pla-de-corts\/"},"modified":"2025-02-25T19:43:39","modified_gmt":"2025-02-25T19:43:39","slug":"poivron-bio-a-saint-jean-pla-de-corts","status":"publish","type":"post","link":"https:\/\/www.bio-des-alberes.fr\/es\/poivron-bio-a-saint-jean-pla-de-corts\/","title":{"rendered":"pimientos ecol\u00f3gicos en saint-jean-pla-de-corts: su fuente de fruta y verdura ecol\u00f3gica local"},"content":{"rendered":"<p>Bienvenido a nuestra p\u00e1gina web. Descubra nuestra gama de pimientos ecol\u00f3gicos en saint-jean-pla-de-corts cuando se trata de frutas y verduras ecol\u00f3gicas locales, directamente del productor a su mesa. Nuestro objetivo es ofrecerle productos frescos, sanos y sostenibles, apoyando al mismo tiempo a los agricultores locales.<\/p>\n<div id=\"attachment_827\" style=\"width: 813px\" class=\"wp-caption aligncenter\"><img loading=\"lazy\" decoding=\"async\" aria-describedby=\"caption-attachment-827\" class=\"wp-image-827 size-full\" src=\"https:\/\/www.bio-des-alberes.fr\/wp-content\/uploads\/2024\/12\/bio-des-alberes-logo2.png\" alt=\"poivron bio \u00e0 saint-jean-pla-de-corts. Logo Bio des Alberes\" width=\"803\" height=\"466\" srcset=\"https:\/\/www.bio-des-alberes.fr\/wp-content\/uploads\/2024\/12\/bio-des-alberes-logo2.png 803w, https:\/\/www.bio-des-alberes.fr\/wp-content\/uploads\/2024\/12\/bio-des-alberes-logo2-480x279.png 480w\" sizes=\"(min-width: 0px) and (max-width: 480px) 480px, (min-width: 481px) 803px, 100vw\" \/><p id=\"caption-attachment-827\" class=\"wp-caption-text\">pimientos ecol\u00f3gicos en saint-jean-pla-de-corts<\/p><\/div>\n<h3>pimientos ecol\u00f3gicos: variedad de frutas y verduras ecol\u00f3gicas locales<\/h3>\n<p>En saint-jean-pla-de-corts, le ofrecemos una amplia selecci\u00f3n de pimientos ecol\u00f3gicos para satisfacer sus necesidades de alimentaci\u00f3n sana. Estos son algunos de nuestros productos estrella:<\/p>\n<ul>\n<li>Manzanas ecol\u00f3gicas<\/li>\n<li>Zanahorias ecol\u00f3gicas<\/li>\n<li>Tomates locales<\/li>\n<li>Lechuga fresca<\/li>\n<li>Pepinos crujientes<\/li>\n<li>Calabacines de temporada<\/li>\n<li>Boniatos ecol\u00f3gicos<\/li>\n<li>Br\u00f3coli verde<\/li>\n<li>Coliflor<\/li>\n<\/ul>\n<h3>La importancia de los productos locales y ecol\u00f3gicos<\/h3>\n<p>Al elegir nuestros pimientos ecol\u00f3gicos en saint-jean-pla-de-corts, no s\u00f3lo apoya la econom\u00eda local, sino que tambi\u00e9n cuida de su salud y del medio ambiente. Los productos ecol\u00f3gicos se cultivan sin pesticidas ni productos qu\u00edmicos, por lo que son una opci\u00f3n segura para usted y su familia. Adem\u00e1s, al comprar productos locales, se reduce la huella de carbono asociada al transporte de alimentos a largas distancias.<\/p>\n<p>Apoyamos los productos ecol\u00f3gicos y locales <strong>pimienta ecol\u00f3gica<\/strong> en <strong>saint-jean-pla-de-corts<\/strong>, La agricultura ecol\u00f3gica tambi\u00e9n contribuye a preservar la biodiversidad y a mantener las tradiciones agr\u00edcolas locales. Las explotaciones ecol\u00f3gicas tienden a favorecer pr\u00e1cticas agr\u00edcolas diversificadas y respetuosas con el ecosistema, contribuyendo as\u00ed a proteger el suelo, el agua y la fauna. Adem\u00e1s, al invertir en los productores locales, contribuye a mantener pr\u00e1cticas agr\u00edcolas que a menudo se transmiten de generaci\u00f3n en generaci\u00f3n, lo que garantiza la conservaci\u00f3n de los conocimientos t\u00e9cnicos regionales.<\/p>\n<h3>Nuestros agricultores locales: pimientos ecol\u00f3gicos en saint-jean-pla-de-corts<\/h3>\n<p>Los pimientos ecol\u00f3gicos que ofrecemos en saint-jean-pla-de-corts son fruto del duro trabajo de nuestros agricultores locales. Ponen todo su saber hacer y su pasi\u00f3n en el cultivo de frutas y hortalizas ecol\u00f3gicas de alta calidad.<\/p>\n<h3>P\u00f3ngase en contacto con<\/h3>\n<p>No espere m\u00e1s para adoptar una alimentaci\u00f3n sana y un estilo de vida sostenible gracias a Bio des Alb\u00e8res. Tanto si se encuentra en Saint-Jean-Pla-de-Corts como en una ciudad vecina, nuestra tienda online est\u00e1 a su disposici\u00f3n para ayudarle en su camino.<a href=\"https:\/\/www.bio-des-alberes.fr\/es\/contact\/\"> P\u00f3ngase en contacto con nosotros<\/a> si tiene alguna pregunta.<\/p>\n<p>Al elegir nuestros pimientos ecol\u00f3gicos en saint-jean-pla-de-corts, est\u00e1 haciendo algo por su salud, el medio ambiente y la econom\u00eda local. Gracias por apoyarnos y confiar en nuestros apasionados agricultores para ofrecerle lo mejor en frutas y verduras ecol\u00f3gicas.<\/p>","protected":false},"excerpt":{"rendered":"<p>Bienvenue sur notre site. D\u00e9couvrez notre gamme de poivron bio \u00e0 saint-jean-pla-de-corts en mati\u00e8re de fruits et l\u00e9gumes bio locaux, directement du producteur \u00e0 votre table. Notre objectif est de vous offrir des produits frais, sains et durables, tout en soutenant les agriculteurs locaux. poivron bio : Une vari\u00e9t\u00e9 de fruits et l\u00e9gumes bio locaux [&hellip;]<\/p>\n","protected":false},"author":1,"featured_media":75,"comment_status":"closed","ping_status":"closed","sticky":false,"template":"","format":"standard","meta":{"_et_pb_use_builder":"","_et_pb_old_content":"","_et_gb_content_width":"","footnotes":""},"categories":[1],"tags":[],"class_list":["post-1933","post","type-post","status-publish","format-standard","has-post-thumbnail","hentry","category-au-bio-des-alberes"],"yoast_head":"<!-- This site is optimized with the Yoast SEO plugin v26.2 - https:\/\/yoast.com\/wordpress\/plugins\/seo\/ -->\n<title>poivron bio \u00e0 saint-jean-pla-de-corts<\/title>\n<meta name=\"description\" content=\"D\u00e9couvrez une large gamme de poivron bio \u00e0 saint-jean-pla-de-corts avec Bio des Alb\u00e8res. Produits locaux, qualit\u00e9 sup\u00e9rieure\" \/>\n<meta name=\"robots\" content=\"index, follow, max-snippet:-1, max-image-preview:large, max-video-preview:-1\" \/>\n<link rel=\"canonical\" href=\"https:\/\/www.bio-des-alberes.fr\/es\/poivron-bio-a-saint-jean-pla-de-corts\/\" \/>\n<meta property=\"og:locale\" content=\"es_ES\" \/>\n<meta property=\"og:type\" content=\"article\" \/>\n<meta property=\"og:title\" content=\"poivron bio \u00e0 saint-jean-pla-de-corts\" \/>\n<meta property=\"og:description\" content=\"D\u00e9couvrez une large gamme de poivron bio \u00e0 saint-jean-pla-de-corts avec Bio des Alb\u00e8res. Produits locaux, qualit\u00e9 sup\u00e9rieure\" \/>\n<meta property=\"og:url\" content=\"https:\/\/www.bio-des-alberes.fr\/es\/poivron-bio-a-saint-jean-pla-de-corts\/\" \/>\n<meta property=\"og:site_name\" content=\"Bio des Alb\u00e8res\" \/>\n<meta property=\"article:publisher\" content=\"https:\/\/www.facebook.com\/p\/Le-bio-des-Albres-61568067446958\/\" \/>\n<meta property=\"article:published_time\" content=\"2025-02-25T19:43:39+00:00\" \/>\n<meta property=\"og:image\" content=\"https:\/\/www.bio-des-alberes.fr\/wp-content\/uploads\/2024\/12\/degustation-bio-des-alberes-fromage-local-scaled.jpg\" \/>\n\t<meta property=\"og:image:width\" content=\"2560\" \/>\n\t<meta property=\"og:image:height\" content=\"1707\" \/>\n\t<meta property=\"og:image:type\" content=\"image\/jpeg\" \/>\n<meta name=\"author\" content=\"biodesalberes\" \/>\n<meta name=\"twitter:card\" content=\"summary_large_image\" \/>\n<meta name=\"twitter:label1\" content=\"Escrito por\" \/>\n\t<meta name=\"twitter:data1\" content=\"biodesalberes\" \/>\n\t<meta name=\"twitter:label2\" content=\"Tiempo de lectura\" \/>\n\t<meta name=\"twitter:data2\" content=\"3 minutos\" \/>\n<script type=\"application\/ld+json\" class=\"yoast-schema-graph\">{\"@context\":\"https:\/\/schema.org\",\"@graph\":[{\"@type\":\"Article\",\"@id\":\"https:\/\/www.bio-des-alberes.fr\/poivron-bio-a-saint-jean-pla-de-corts\/#article\",\"isPartOf\":{\"@id\":\"https:\/\/www.bio-des-alberes.fr\/poivron-bio-a-saint-jean-pla-de-corts\/\"},\"author\":{\"name\":\"biodesalberes\",\"@id\":\"https:\/\/www.bio-des-alberes.fr\/#\/schema\/person\/b207a14ba23699a080c323ee040eca00\"},\"headline\":\"poivron bio \u00e0 saint-jean-pla-de-corts : votre source de fruits et l\u00e9gumes bio locaux\",\"datePublished\":\"2025-02-25T19:43:39+00:00\",\"mainEntityOfPage\":{\"@id\":\"https:\/\/www.bio-des-alberes.fr\/poivron-bio-a-saint-jean-pla-de-corts\/\"},\"wordCount\":438,\"publisher\":{\"@id\":\"https:\/\/www.bio-des-alberes.fr\/#organization\"},\"image\":{\"@id\":\"https:\/\/www.bio-des-alberes.fr\/poivron-bio-a-saint-jean-pla-de-corts\/#primaryimage\"},\"thumbnailUrl\":\"https:\/\/www.bio-des-alberes.fr\/wp-content\/uploads\/2024\/12\/degustation-bio-des-alberes-fromage-local-scaled.jpg\",\"articleSection\":[\"Au Bio des Alb\u00e8res\"],\"inLanguage\":\"es\"},{\"@type\":\"WebPage\",\"@id\":\"https:\/\/www.bio-des-alberes.fr\/poivron-bio-a-saint-jean-pla-de-corts\/\",\"url\":\"https:\/\/www.bio-des-alberes.fr\/poivron-bio-a-saint-jean-pla-de-corts\/\",\"name\":\"poivron bio \u00e0 saint-jean-pla-de-corts\",\"isPartOf\":{\"@id\":\"https:\/\/www.bio-des-alberes.fr\/#website\"},\"primaryImageOfPage\":{\"@id\":\"https:\/\/www.bio-des-alberes.fr\/poivron-bio-a-saint-jean-pla-de-corts\/#primaryimage\"},\"image\":{\"@id\":\"https:\/\/www.bio-des-alberes.fr\/poivron-bio-a-saint-jean-pla-de-corts\/#primaryimage\"},\"thumbnailUrl\":\"https:\/\/www.bio-des-alberes.fr\/wp-content\/uploads\/2024\/12\/degustation-bio-des-alberes-fromage-local-scaled.jpg\",\"datePublished\":\"2025-02-25T19:43:39+00:00\",\"description\":\"D\u00e9couvrez une large gamme de poivron bio \u00e0 saint-jean-pla-de-corts avec Bio des Alb\u00e8res. Produits locaux, qualit\u00e9 sup\u00e9rieure\",\"breadcrumb\":{\"@id\":\"https:\/\/www.bio-des-alberes.fr\/poivron-bio-a-saint-jean-pla-de-corts\/#breadcrumb\"},\"inLanguage\":\"es\",\"potentialAction\":[{\"@type\":\"ReadAction\",\"target\":[\"https:\/\/www.bio-des-alberes.fr\/poivron-bio-a-saint-jean-pla-de-corts\/\"]}]},{\"@type\":\"ImageObject\",\"inLanguage\":\"es\",\"@id\":\"https:\/\/www.bio-des-alberes.fr\/poivron-bio-a-saint-jean-pla-de-corts\/#primaryimage\",\"url\":\"https:\/\/www.bio-des-alberes.fr\/wp-content\/uploads\/2024\/12\/degustation-bio-des-alberes-fromage-local-scaled.jpg\",\"contentUrl\":\"https:\/\/www.bio-des-alberes.fr\/wp-content\/uploads\/2024\/12\/degustation-bio-des-alberes-fromage-local-scaled.jpg\",\"width\":2560,\"height\":1707,\"caption\":\"SAMSUNG CSC\"},{\"@type\":\"BreadcrumbList\",\"@id\":\"https:\/\/www.bio-des-alberes.fr\/poivron-bio-a-saint-jean-pla-de-corts\/#breadcrumb\",\"itemListElement\":[{\"@type\":\"ListItem\",\"position\":1,\"name\":\"Accueil\",\"item\":\"https:\/\/www.bio-des-alberes.fr\/\"},{\"@type\":\"ListItem\",\"position\":2,\"name\":\"poivron bio \u00e0 saint-jean-pla-de-corts : votre source de fruits et l\u00e9gumes bio locaux\"}]},{\"@type\":\"WebSite\",\"@id\":\"https:\/\/www.bio-des-alberes.fr\/#website\",\"url\":\"https:\/\/www.bio-des-alberes.fr\/\",\"name\":\"Bio 66 - Magasin bio des Alberes\",\"description\":\"Fruits et l&eacute;gumes bio, produits locaux, &eacute;picerie fine\",\"publisher\":{\"@id\":\"https:\/\/www.bio-des-alberes.fr\/#organization\"},\"potentialAction\":[{\"@type\":\"SearchAction\",\"target\":{\"@type\":\"EntryPoint\",\"urlTemplate\":\"https:\/\/www.bio-des-alberes.fr\/?s={search_term_string}\"},\"query-input\":{\"@type\":\"PropertyValueSpecification\",\"valueRequired\":true,\"valueName\":\"search_term_string\"}}],\"inLanguage\":\"es\"},{\"@type\":\"Organization\",\"@id\":\"https:\/\/www.bio-des-alberes.fr\/#organization\",\"name\":\"Bio des Alb\u00e8res\",\"url\":\"https:\/\/www.bio-des-alberes.fr\/\",\"logo\":{\"@type\":\"ImageObject\",\"inLanguage\":\"es\",\"@id\":\"https:\/\/www.bio-des-alberes.fr\/#\/schema\/logo\/image\/\",\"url\":\"https:\/\/www.bio-des-alberes.fr\/wp-content\/uploads\/2024\/12\/bio-des-alberes-logo2.png\",\"contentUrl\":\"https:\/\/www.bio-des-alberes.fr\/wp-content\/uploads\/2024\/12\/bio-des-alberes-logo2.png\",\"width\":803,\"height\":466,\"caption\":\"Bio des Alb\u00e8res\"},\"image\":{\"@id\":\"https:\/\/www.bio-des-alberes.fr\/#\/schema\/logo\/image\/\"},\"sameAs\":[\"https:\/\/www.facebook.com\/p\/Le-bio-des-Albres-61568067446958\/\"]},{\"@type\":\"Person\",\"@id\":\"https:\/\/www.bio-des-alberes.fr\/#\/schema\/person\/b207a14ba23699a080c323ee040eca00\",\"name\":\"biodesalberes\",\"image\":{\"@type\":\"ImageObject\",\"inLanguage\":\"es\",\"@id\":\"https:\/\/www.bio-des-alberes.fr\/#\/schema\/person\/image\/\",\"url\":\"https:\/\/secure.gravatar.com\/avatar\/6039bbfc6c375e9adfea50b5dfc6bb7c8c601a03cbf0f44a5db56f0a0eead0b8?s=96&d=mm&r=g\",\"contentUrl\":\"https:\/\/secure.gravatar.com\/avatar\/6039bbfc6c375e9adfea50b5dfc6bb7c8c601a03cbf0f44a5db56f0a0eead0b8?s=96&d=mm&r=g\",\"caption\":\"biodesalberes\"},\"sameAs\":[\"https:\/\/www.bio-des-alberes.fr\"],\"url\":\"https:\/\/www.bio-des-alberes.fr\/es\/author\/biodesalberes\/\"}]}<\/script>\n<!-- \/ Yoast SEO plugin. -->","yoast_head_json":{"title":"pimientos ecol\u00f3gicos en saint-jean-pla-de-corts","description":"D\u00e9couvrez une large gamme de poivron bio \u00e0 saint-jean-pla-de-corts avec Bio des Alb\u00e8res. Produits locaux, qualit\u00e9 sup\u00e9rieure","robots":{"index":"index","follow":"follow","max-snippet":"max-snippet:-1","max-image-preview":"max-image-preview:large","max-video-preview":"max-video-preview:-1"},"canonical":"https:\/\/www.bio-des-alberes.fr\/es\/poivron-bio-a-saint-jean-pla-de-corts\/","og_locale":"es_ES","og_type":"article","og_title":"poivron bio \u00e0 saint-jean-pla-de-corts","og_description":"D\u00e9couvrez une large gamme de poivron bio \u00e0 saint-jean-pla-de-corts avec Bio des Alb\u00e8res. Produits locaux, qualit\u00e9 sup\u00e9rieure","og_url":"https:\/\/www.bio-des-alberes.fr\/es\/poivron-bio-a-saint-jean-pla-de-corts\/","og_site_name":"Bio des Alb\u00e8res","article_publisher":"https:\/\/www.facebook.com\/p\/Le-bio-des-Albres-61568067446958\/","article_published_time":"2025-02-25T19:43:39+00:00","og_image":[{"width":2560,"height":1707,"url":"https:\/\/www.bio-des-alberes.fr\/wp-content\/uploads\/2024\/12\/degustation-bio-des-alberes-fromage-local-scaled.jpg","type":"image\/jpeg"}],"author":"biodesalberes","twitter_card":"summary_large_image","twitter_misc":{"Escrito por":"biodesalberes","Tiempo de lectura":"3 minutos"},"schema":{"@context":"https:\/\/schema.org","@graph":[{"@type":"Article","@id":"https:\/\/www.bio-des-alberes.fr\/poivron-bio-a-saint-jean-pla-de-corts\/#article","isPartOf":{"@id":"https:\/\/www.bio-des-alberes.fr\/poivron-bio-a-saint-jean-pla-de-corts\/"},"author":{"name":"biodesalberes","@id":"https:\/\/www.bio-des-alberes.fr\/#\/schema\/person\/b207a14ba23699a080c323ee040eca00"},"headline":"poivron bio \u00e0 saint-jean-pla-de-corts : votre source de fruits et l\u00e9gumes bio locaux","datePublished":"2025-02-25T19:43:39+00:00","mainEntityOfPage":{"@id":"https:\/\/www.bio-des-alberes.fr\/poivron-bio-a-saint-jean-pla-de-corts\/"},"wordCount":438,"publisher":{"@id":"https:\/\/www.bio-des-alberes.fr\/#organization"},"image":{"@id":"https:\/\/www.bio-des-alberes.fr\/poivron-bio-a-saint-jean-pla-de-corts\/#primaryimage"},"thumbnailUrl":"https:\/\/www.bio-des-alberes.fr\/wp-content\/uploads\/2024\/12\/degustation-bio-des-alberes-fromage-local-scaled.jpg","articleSection":["Au Bio des Alb\u00e8res"],"inLanguage":"es"},{"@type":"WebPage","@id":"https:\/\/www.bio-des-alberes.fr\/poivron-bio-a-saint-jean-pla-de-corts\/","url":"https:\/\/www.bio-des-alberes.fr\/poivron-bio-a-saint-jean-pla-de-corts\/","name":"pimientos ecol\u00f3gicos en saint-jean-pla-de-corts","isPartOf":{"@id":"https:\/\/www.bio-des-alberes.fr\/#website"},"primaryImageOfPage":{"@id":"https:\/\/www.bio-des-alberes.fr\/poivron-bio-a-saint-jean-pla-de-corts\/#primaryimage"},"image":{"@id":"https:\/\/www.bio-des-alberes.fr\/poivron-bio-a-saint-jean-pla-de-corts\/#primaryimage"},"thumbnailUrl":"https:\/\/www.bio-des-alberes.fr\/wp-content\/uploads\/2024\/12\/degustation-bio-des-alberes-fromage-local-scaled.jpg","datePublished":"2025-02-25T19:43:39+00:00","description":"D\u00e9couvrez une large gamme de poivron bio \u00e0 saint-jean-pla-de-corts avec Bio des Alb\u00e8res. Produits locaux, qualit\u00e9 sup\u00e9rieure","breadcrumb":{"@id":"https:\/\/www.bio-des-alberes.fr\/poivron-bio-a-saint-jean-pla-de-corts\/#breadcrumb"},"inLanguage":"es","potentialAction":[{"@type":"ReadAction","target":["https:\/\/www.bio-des-alberes.fr\/poivron-bio-a-saint-jean-pla-de-corts\/"]}]},{"@type":"ImageObject","inLanguage":"es","@id":"https:\/\/www.bio-des-alberes.fr\/poivron-bio-a-saint-jean-pla-de-corts\/#primaryimage","url":"https:\/\/www.bio-des-alberes.fr\/wp-content\/uploads\/2024\/12\/degustation-bio-des-alberes-fromage-local-scaled.jpg","contentUrl":"https:\/\/www.bio-des-alberes.fr\/wp-content\/uploads\/2024\/12\/degustation-bio-des-alberes-fromage-local-scaled.jpg","width":2560,"height":1707,"caption":"SAMSUNG CSC"},{"@type":"BreadcrumbList","@id":"https:\/\/www.bio-des-alberes.fr\/poivron-bio-a-saint-jean-pla-de-corts\/#breadcrumb","itemListElement":[{"@type":"ListItem","position":1,"name":"Accueil","item":"https:\/\/www.bio-des-alberes.fr\/"},{"@type":"ListItem","position":2,"name":"poivron bio \u00e0 saint-jean-pla-de-corts : votre source de fruits et l\u00e9gumes bio locaux"}]},{"@type":"WebSite","@id":"https:\/\/www.bio-des-alberes.fr\/#website","url":"https:\/\/www.bio-des-alberes.fr\/","name":"Bio 66 - Magasin bio des Alberes","description":"Fruits et l&eacute;gumes bio, produits locaux, &eacute;picerie fine","publisher":{"@id":"https:\/\/www.bio-des-alberes.fr\/#organization"},"potentialAction":[{"@type":"SearchAction","target":{"@type":"EntryPoint","urlTemplate":"https:\/\/www.bio-des-alberes.fr\/?s={search_term_string}"},"query-input":{"@type":"PropertyValueSpecification","valueRequired":true,"valueName":"search_term_string"}}],"inLanguage":"es"},{"@type":"Organization","@id":"https:\/\/www.bio-des-alberes.fr\/#organization","name":"Bio des Alb\u00e8res","url":"https:\/\/www.bio-des-alberes.fr\/","logo":{"@type":"ImageObject","inLanguage":"es","@id":"https:\/\/www.bio-des-alberes.fr\/#\/schema\/logo\/image\/","url":"https:\/\/www.bio-des-alberes.fr\/wp-content\/uploads\/2024\/12\/bio-des-alberes-logo2.png","contentUrl":"https:\/\/www.bio-des-alberes.fr\/wp-content\/uploads\/2024\/12\/bio-des-alberes-logo2.png","width":803,"height":466,"caption":"Bio des Alb\u00e8res"},"image":{"@id":"https:\/\/www.bio-des-alberes.fr\/#\/schema\/logo\/image\/"},"sameAs":["https:\/\/www.facebook.com\/p\/Le-bio-des-Albres-61568067446958\/"]},{"@type":"Person","@id":"https:\/\/www.bio-des-alberes.fr\/#\/schema\/person\/b207a14ba23699a080c323ee040eca00","name":"biodesalberes","image":{"@type":"ImageObject","inLanguage":"es","@id":"https:\/\/www.bio-des-alberes.fr\/#\/schema\/person\/image\/","url":"https:\/\/secure.gravatar.com\/avatar\/6039bbfc6c375e9adfea50b5dfc6bb7c8c601a03cbf0f44a5db56f0a0eead0b8?s=96&d=mm&r=g","contentUrl":"https:\/\/secure.gravatar.com\/avatar\/6039bbfc6c375e9adfea50b5dfc6bb7c8c601a03cbf0f44a5db56f0a0eead0b8?s=96&d=mm&r=g","caption":"biodesalberes"},"sameAs":["https:\/\/www.bio-des-alberes.fr"],"url":"https:\/\/www.bio-des-alberes.fr\/es\/author\/biodesalberes\/"}]}},"_links":{"self":[{"href":"https:\/\/www.bio-des-alberes.fr\/es\/wp-json\/wp\/v2\/posts\/1933","targetHints":{"allow":["GET"]}}],"collection":[{"href":"https:\/\/www.bio-des-alberes.fr\/es\/wp-json\/wp\/v2\/posts"}],"about":[{"href":"https:\/\/www.bio-des-alberes.fr\/es\/wp-json\/wp\/v2\/types\/post"}],"author":[{"embeddable":true,"href":"https:\/\/www.bio-des-alberes.fr\/es\/wp-json\/wp\/v2\/users\/1"}],"replies":[{"embeddable":true,"href":"https:\/\/www.bio-des-alberes.fr\/es\/wp-json\/wp\/v2\/comments?post=1933"}],"version-history":[{"count":0,"href":"https:\/\/www.bio-des-alberes.fr\/es\/wp-json\/wp\/v2\/posts\/1933\/revisions"}],"wp:featuredmedia":[{"embeddable":true,"href":"https:\/\/www.bio-des-alberes.fr\/es\/wp-json\/wp\/v2\/media\/75"}],"wp:attachment":[{"href":"https:\/\/www.bio-des-alberes.fr\/es\/wp-json\/wp\/v2\/media?parent=1933"}],"wp:term":[{"taxonomy":"category","embeddable":true,"href":"https:\/\/www.bio-des-alberes.fr\/es\/wp-json\/wp\/v2\/categories?post=1933"},{"taxonomy":"post_tag","embeddable":true,"href":"https:\/\/www.bio-des-alberes.fr\/es\/wp-json\/wp\/v2\/tags?post=1933"}],"curies":[{"name":"wp","href":"https:\/\/api.w.org\/{rel}","templated":true}]}}