{"id":2058,"date":"2025-06-04T15:01:18","date_gmt":"2025-06-04T15:01:18","guid":{"rendered":"https:\/\/www.bio-des-alberes.fr\/epicerie-bio-pres-de-montescot-2\/"},"modified":"2025-06-04T15:01:18","modified_gmt":"2025-06-04T15:01:18","slug":"epicerie-bio-pres-de-montescot-2","status":"publish","type":"post","link":"https:\/\/www.bio-des-alberes.fr\/es\/epicerie-bio-pres-de-montescot-2\/","title":{"rendered":"Bio des Alb\u00e8res : su tienda de alimentaci\u00f3n ecol\u00f3gica cerca de montescot"},"content":{"rendered":"<h1 class=\"wp-block-heading\">Productos locales, frescos y comprometidos<\/h1>\n\n\n\n<p>Bienvenue chez Bio des Alb\u00e8res, votre \u00e9picerie bio de confiance pr\u00e8s de montescot, sp\u00e9cialis\u00e9e dans les produits locaux, fruits et l\u00e9gumes de saison, et le pain au levain bio artisanal. Install\u00e9s au c\u0153ur des Pyr\u00e9n\u00e9es-Orientales, nous vous proposons une s\u00e9lection rigoureuse de produits issus de l\u2019agriculture biologique, du terroir et du respect des saisons.<\/p>\n\n\n\n<h2 class=\"wp-block-heading\">Pourquoi choisir une \u00e9picerie bio pr\u00e8s de montescot ?<\/h2>\n\n\n\n<ul class=\"wp-block-list\">\n<li>Menos transporte, m\u00e1s frescura: canales de distribuci\u00f3n cortos garantizados<\/li>\n\n\n\n<li>Apoyo a los productores locales en 66<\/li>\n\n\n\n<li>Cero superfluo: s\u00f3lo productos \u00fatiles, buenos y naturales<\/li>\n\n\n\n<li>Menos envases, m\u00e1s \u00e9tica<\/li>\n<\/ul>\n\n\n\n<p>Chez Bio des Alb\u00e8res, nous croyons que chaque achat compte. C\u2019est pourquoi nos clients de montescot et des alentours trouvent chez nous bien plus qu\u2019un simple commerce : une vraie communaut\u00e9 autour du bien manger.<\/p>\n\n\n\n<h2 class=\"wp-block-heading\">Fruits et l\u00e9gumes bio montescot : le go\u00fbt des saisons<\/h2>\n\n\n\n<p>Notre rayon de fruits et l\u00e9gumes bio pr\u00e8s de montescot est sans doute l\u2019un des plus appr\u00e9ci\u00e9s. Chaque semaine, nous s\u00e9lectionnons des produits r\u00e9colt\u00e9s \u00e0 maturit\u00e9, selon la saison, cultiv\u00e9s sans engrais chimiques ni pesticides.<\/p>\n\n\n\n<ul class=\"wp-block-list\">\n<li>En verano: tomates reliquia, calabacines, melones, sand\u00edas<\/li>\n\n\n\n<li>En oto\u00f1o: manzanas, calabazas, coliflor<\/li>\n\n\n\n<li>En invierno: naranjas ecol\u00f3gicas, zanahorias, remolachas<\/li>\n\n\n\n<li>En primavera: fresas de campo, esp\u00e1rragos, r\u00e1banos<\/li>\n<\/ul>\n\n\n\n<p>Tous nos fruits et l\u00e9gumes sont issus de fermes locales, souvent \u00e0 moins de 50 km de notre boutique. Cela garantit une fra\u00eecheur incomparable et soutient l\u2019agriculture biologique de la r\u00e9gion montescot.<\/p>\n\n\n\n<h2 class=\"wp-block-heading\">Pan de masa madre ecol\u00f3gico: una especialidad esencial<\/h2>\n\n\n\n<p>Uno de los productos de los que nos sentimos m\u00e1s orgullosos es nuestro pan ecol\u00f3gico de masa madre, horneado a diario en nuestra panader\u00eda artesanal.<\/p>\n\n\n\n<h3 class=\"wp-block-heading\">\u00bfPor qu\u00e9 masa madre?<\/h3>\n\n\n\n<ul class=\"wp-block-list\">\n<li>Digesti\u00f3n m\u00e1s f\u00e1cil<\/li>\n\n\n\n<li>Menor \u00edndice gluc\u00e9mico<\/li>\n\n\n\n<li>Mejor conservaci\u00f3n<\/li>\n\n\n\n<li>Sabor aut\u00e9ntico y r\u00fastico<\/li>\n<\/ul>\n\n\n\n<p>Ofrecemos varias variedades:<\/p>\n\n\n\n<ul class=\"wp-block-list\">\n<li>Pan de masa madre<\/li>\n\n\n\n<li>Pan integral ecol\u00f3gico<\/li>\n\n\n\n<li>Pan de semillas<\/li>\n\n\n\n<li>Pan de espelta peque\u00f1o<\/li>\n<\/ul>\n\n\n\n<h2 class=\"wp-block-heading\">Produits bio et locaux pr\u00e8s de montescot : ce que vous trouverez chez nous<\/h2>\n\n\n\n<p>Notre magasin bio pr\u00e8s de montescot propose bien plus qu\u2019un rayon de l\u00e9gumes. C\u2019est un v\u00e9ritable espace de vie \u00e9coresponsable, avec des produits pour chaque besoin du quotidien :<\/p>\n\n\n\n<ul class=\"wp-block-list\">\n<li>Productos secos: legumbres, harina, cereales, semillas, aceites<\/li>\n\n\n\n<li>Productos de limpieza ecol\u00f3gicos<\/li>\n\n\n\n<li>Cosm\u00e9tica natural<\/li>\n\n\n\n<li>Graneles ecol\u00f3gicos (arroz, pasta, frutos secos, muesli...)<\/li>\n\n\n\n<li>Productos sin gluten y veganos<\/li>\n\n\n\n<li>Bebidas artesanales (zumos, kombucha, vinos naturales)<\/li>\n\n\n\n<li>Quesos de granja, huevos ecol\u00f3gicos, yogures locales<\/li>\n<\/ul>\n\n\n\n<h2 class=\"wp-block-heading\">Une \u00e9picerie bio engag\u00e9e aupr\u00e8s des habitants de montescot<\/h2>\n\n\n\n<p>En Bio des Alb\u00e8res, no transigimos con nuestros valores:<\/p>\n\n\n\n<ul class=\"wp-block-list\">\n<li>Agricultura ecol\u00f3gica certificada<\/li>\n\n\n\n<li>Prioridad local, kil\u00f3metro cero lo antes posible<\/li>\n\n\n\n<li>Ambiente familiar y asesoramiento personalizado<\/li>\n\n\n\n<li>Compromiso cero residuos: trae tus propios tarros, bolsas, etc.<\/li>\n\n\n\n<li>Compartir recetas, ideas y consejos para consumir mejor<\/li>\n<\/ul>\n\n\n\n<h2 class=\"wp-block-heading\">Livraison et services pr\u00e8s de montescot<\/h2>\n\n\n\n<p>Vous habitez montescot ou un village voisin ? Bonne nouvelle : nous proposons la livraison de paniers bio personnalis\u00e9s chaque semaine.<\/p>\n\n\n\n<h3 class=\"wp-block-heading\">\u00bfC\u00f3mo funciona?<\/h3>\n\n\n\n<ol class=\"wp-block-list\">\n<li>Prepare su cesta (u opte por una selecci\u00f3n sorpresa)<\/li>\n\n\n\n<li>Preparamos su pedido con productos frescos<\/li>\n\n\n\n<li>Entregamos en su domicilio o en un punto de entrega<\/li>\n<\/ol>\n\n\n\n<h2 class=\"wp-block-heading\">C\u00f3mo encontrarnos \u00bfC\u00f3mo puede ponerse en contacto con nosotros?<\/h2>\n\n\n\n<p>Nous sommes situ\u00e9s \u00e0 Saint-Genis-des-Fontaines, \u00e0 quelques minutes seulement de montescot.<\/p>\n\n\n\n<p><strong>Horario de apertura :<\/strong><br>De lunes a s\u00e1bado: de 9.00 a 13.00 h. y de 15.00 a 19.00 h.<br>Domingo: cerrado<\/p>\n\n\n\n<p>Para cualquier pregunta, consejo o pedido, p\u00f3ngase en contacto con nosotros aqu\u00ed:&nbsp;<a href=\"https:\/\/www.bio-des-alberes.fr\/es\/contact\/\">P\u00f3ngase en contacto con<\/a><br>O venga a vernos a la tienda:&nbsp;<a href=\"https:\/\/www.bio-des-alberes.fr\/es\/\">Inicio<\/a><\/p>\n\n\n\n<h2 class=\"wp-block-heading\">T\u00e9moignages de nos clients pr\u00e8s de montescot<\/h2>\n\n\n\n<blockquote class=\"wp-block-quote is-layout-flow wp-block-quote-is-layout-flow\">\n<p>\u201cDepuis que j\u2019ai d\u00e9couvert Bio des Alb\u00e8res, je ne vais plus ailleurs. Le pain est incroyable et les l\u00e9gumes ont du go\u00fbt.\u201d \u2014 Claire B., cliente fid\u00e8le de montescot<\/p>\n<\/blockquote>\n\n\n\n<blockquote class=\"wp-block-quote is-layout-flow wp-block-quote-is-layout-flow\">\n<p>\u201cUne vraie alternative aux grandes surfaces, avec des produits vraiment locaux.\u201d \u2014 Marc G., agriculteur bio \u00e0 proximit\u00e9 de montescot<\/p>\n<\/blockquote>\n\n\n\n<blockquote class=\"wp-block-quote is-layout-flow wp-block-quote-is-layout-flow\">\n<p>\u201cLe personnel est passionn\u00e9 et \u00e0 l\u2019\u00e9coute. Je recommande vivement \u00e0 tous les habitants de montescot.\u201d \u2014 Sophie L., naturopathe install\u00e9e \u00e0 montescot<\/p>\n<\/blockquote>\n\n\n\n<h2 class=\"wp-block-heading\">FAQ \u2013 \u00c9picerie bio montescot<\/h2>\n\n\n\n<p><strong>\u00bfQu\u00e9 tipos de productos puede encontrar en su tienda de alimentaci\u00f3n ecol\u00f3gica?<\/strong><br>Ofrecemos productos alimentarios ecol\u00f3gicos, cosm\u00e9ticos naturales, productos de limpieza y, por supuesto, frutas y verduras ecol\u00f3gicas de temporada.<\/p>\n\n\n\n<p><strong>Est-ce que vous livrez \u00e0 domicile \u00e0 montescot ?<\/strong><br>Oui, nous livrons chaque semaine dans plusieurs communes du 66, dont montescot.<\/p>\n\n\n\n<p><strong>\u00bfC\u00f3mo saber si sus productos son realmente locales?<\/strong><br>Cada producto lleva una etiqueta que indica su origen. Trabajamos de forma transparente con productores ecol\u00f3gicos certificados del departamento.<\/p>\n\n\n\n<p><strong>\u00bfPuedo hacer un pedido por Internet?<\/strong><br>Los pedidos pueden hacerse por tel\u00e9fono o a trav\u00e9s de nuestra p\u00e1gina de contacto. Actualmente se est\u00e1 desarrollando un servicio de pedidos en l\u00ednea.<\/p>\n\n\n\n<h2 class=\"wp-block-heading\">Conclusion : le bio local vous attend \u00e0 deux pas de montescot<\/h2>\n\n\n\n<p>Si vous cherchez une \u00e9picerie bio pr\u00e8s de montescot, ne cherchez plus. Chez Bio des Alb\u00e8res, vous trouverez :<\/p>\n\n\n\n<ul class=\"wp-block-list\">\n<li>Aut\u00e9nticos productos ecol\u00f3gicos<\/li>\n\n\n\n<li>Contacto humano real<\/li>\n\n\n\n<li>Un compromiso con la regi\u00f3n 66<\/li>\n\n\n\n<li>Calidad impecable<\/li>\n<\/ul>\n\n\n\n<p>\u00danase a nuestra comunidad de consumidores responsables.<br>Elija el sabor, la salud y el planeta.<br>Venga a descubrir la tienda o p\u00f3ngase en contacto con nosotros hoy mismo:<br><a href=\"https:\/\/www.bio-des-alberes.fr\/es\/\">P\u00e1gina de inicio<\/a>&nbsp;\u2013&nbsp;<a href=\"https:\/\/www.bio-des-alberes.fr\/es\/contact\/\">P\u00e1gina de contacto<\/a><\/p>","protected":false},"excerpt":{"rendered":"<p>Des produits locaux, frais et engag\u00e9s Bienvenue chez Bio des Alb\u00e8res, votre \u00e9picerie bio de confiance pr\u00e8s de montescot, sp\u00e9cialis\u00e9e dans les produits locaux, fruits et l\u00e9gumes de saison, et le pain au levain bio artisanal. Install\u00e9s au c\u0153ur des Pyr\u00e9n\u00e9es-Orientales, nous vous proposons une s\u00e9lection rigoureuse de produits issus de l\u2019agriculture biologique, du terroir [&hellip;]<\/p>\n","protected":false},"author":1,"featured_media":86,"comment_status":"closed","ping_status":"closed","sticky":false,"template":"","format":"standard","meta":{"_et_pb_use_builder":"","_et_pb_old_content":"","_et_gb_content_width":"","footnotes":""},"categories":[1],"tags":[],"class_list":["post-2058","post","type-post","status-publish","format-standard","has-post-thumbnail","hentry","category-au-bio-des-alberes"],"yoast_head":"<!-- This site is optimized with the Yoast SEO plugin v26.2 - https:\/\/yoast.com\/wordpress\/plugins\/seo\/ -->\n<title>\u00e9picerie bio pr\u00e8s de montescot<\/title>\n<meta name=\"description\" content=\"D\u00e9couvrez Bio des Alb\u00e8res, votre \u00e9picerie bio pr\u00e8s de montescot. Fruits et l\u00e9gumes, pain au levain. Le meilleur du bio pr\u00e8s de chez vous !\" \/>\n<meta name=\"robots\" content=\"index, follow, max-snippet:-1, max-image-preview:large, max-video-preview:-1\" \/>\n<link rel=\"canonical\" href=\"https:\/\/www.bio-des-alberes.fr\/es\/epicerie-bio-pres-de-montescot-2\/\" \/>\n<meta property=\"og:locale\" content=\"es_ES\" \/>\n<meta property=\"og:type\" content=\"article\" \/>\n<meta property=\"og:title\" content=\"\u00e9picerie bio pr\u00e8s de montescot\" \/>\n<meta property=\"og:description\" content=\"D\u00e9couvrez Bio des Alb\u00e8res, votre \u00e9picerie bio pr\u00e8s de montescot. Fruits et l\u00e9gumes, pain au levain. Le meilleur du bio pr\u00e8s de chez vous !\" \/>\n<meta property=\"og:url\" content=\"https:\/\/www.bio-des-alberes.fr\/es\/epicerie-bio-pres-de-montescot-2\/\" \/>\n<meta property=\"og:site_name\" content=\"Bio des Alb\u00e8res\" \/>\n<meta property=\"article:publisher\" content=\"https:\/\/www.facebook.com\/p\/Le-bio-des-Albres-61568067446958\/\" \/>\n<meta property=\"article:published_time\" content=\"2025-06-04T15:01:18+00:00\" \/>\n<meta property=\"og:image\" content=\"https:\/\/www.bio-des-alberes.fr\/wp-content\/uploads\/2024\/12\/ananas-bio-des-alberes-produits-bio-au-meilkleur-prix-scaled.jpg\" \/>\n\t<meta property=\"og:image:width\" content=\"2560\" \/>\n\t<meta property=\"og:image:height\" content=\"1707\" \/>\n\t<meta property=\"og:image:type\" content=\"image\/jpeg\" \/>\n<meta name=\"author\" content=\"biodesalberes\" \/>\n<meta name=\"twitter:card\" content=\"summary_large_image\" \/>\n<meta name=\"twitter:label1\" content=\"Escrito por\" \/>\n\t<meta name=\"twitter:data1\" content=\"biodesalberes\" \/>\n\t<meta name=\"twitter:label2\" content=\"Tiempo de lectura\" \/>\n\t<meta name=\"twitter:data2\" content=\"4 minutos\" \/>\n<script type=\"application\/ld+json\" class=\"yoast-schema-graph\">{\"@context\":\"https:\/\/schema.org\",\"@graph\":[{\"@type\":\"Article\",\"@id\":\"https:\/\/www.bio-des-alberes.fr\/epicerie-bio-pres-de-montescot-2\/#article\",\"isPartOf\":{\"@id\":\"https:\/\/www.bio-des-alberes.fr\/epicerie-bio-pres-de-montescot-2\/\"},\"author\":{\"name\":\"biodesalberes\",\"@id\":\"https:\/\/www.bio-des-alberes.fr\/#\/schema\/person\/b207a14ba23699a080c323ee040eca00\"},\"headline\":\"Bio des Alb\u00e8res : votre \u00e9picerie bio pr\u00e8s de montescot\",\"datePublished\":\"2025-06-04T15:01:18+00:00\",\"mainEntityOfPage\":{\"@id\":\"https:\/\/www.bio-des-alberes.fr\/epicerie-bio-pres-de-montescot-2\/\"},\"wordCount\":886,\"publisher\":{\"@id\":\"https:\/\/www.bio-des-alberes.fr\/#organization\"},\"image\":{\"@id\":\"https:\/\/www.bio-des-alberes.fr\/epicerie-bio-pres-de-montescot-2\/#primaryimage\"},\"thumbnailUrl\":\"https:\/\/www.bio-des-alberes.fr\/wp-content\/uploads\/2024\/12\/ananas-bio-des-alberes-produits-bio-au-meilkleur-prix-scaled.jpg\",\"articleSection\":[\"Au Bio des Alb\u00e8res\"],\"inLanguage\":\"es\"},{\"@type\":\"WebPage\",\"@id\":\"https:\/\/www.bio-des-alberes.fr\/epicerie-bio-pres-de-montescot-2\/\",\"url\":\"https:\/\/www.bio-des-alberes.fr\/epicerie-bio-pres-de-montescot-2\/\",\"name\":\"\u00e9picerie bio pr\u00e8s de montescot\",\"isPartOf\":{\"@id\":\"https:\/\/www.bio-des-alberes.fr\/#website\"},\"primaryImageOfPage\":{\"@id\":\"https:\/\/www.bio-des-alberes.fr\/epicerie-bio-pres-de-montescot-2\/#primaryimage\"},\"image\":{\"@id\":\"https:\/\/www.bio-des-alberes.fr\/epicerie-bio-pres-de-montescot-2\/#primaryimage\"},\"thumbnailUrl\":\"https:\/\/www.bio-des-alberes.fr\/wp-content\/uploads\/2024\/12\/ananas-bio-des-alberes-produits-bio-au-meilkleur-prix-scaled.jpg\",\"datePublished\":\"2025-06-04T15:01:18+00:00\",\"description\":\"D\u00e9couvrez Bio des Alb\u00e8res, votre \u00e9picerie bio pr\u00e8s de montescot. Fruits et l\u00e9gumes, pain au levain. Le meilleur du bio pr\u00e8s de chez vous !\",\"breadcrumb\":{\"@id\":\"https:\/\/www.bio-des-alberes.fr\/epicerie-bio-pres-de-montescot-2\/#breadcrumb\"},\"inLanguage\":\"es\",\"potentialAction\":[{\"@type\":\"ReadAction\",\"target\":[\"https:\/\/www.bio-des-alberes.fr\/epicerie-bio-pres-de-montescot-2\/\"]}]},{\"@type\":\"ImageObject\",\"inLanguage\":\"es\",\"@id\":\"https:\/\/www.bio-des-alberes.fr\/epicerie-bio-pres-de-montescot-2\/#primaryimage\",\"url\":\"https:\/\/www.bio-des-alberes.fr\/wp-content\/uploads\/2024\/12\/ananas-bio-des-alberes-produits-bio-au-meilkleur-prix-scaled.jpg\",\"contentUrl\":\"https:\/\/www.bio-des-alberes.fr\/wp-content\/uploads\/2024\/12\/ananas-bio-des-alberes-produits-bio-au-meilkleur-prix-scaled.jpg\",\"width\":2560,\"height\":1707,\"caption\":\"SAMSUNG CSC\"},{\"@type\":\"BreadcrumbList\",\"@id\":\"https:\/\/www.bio-des-alberes.fr\/epicerie-bio-pres-de-montescot-2\/#breadcrumb\",\"itemListElement\":[{\"@type\":\"ListItem\",\"position\":1,\"name\":\"Accueil\",\"item\":\"https:\/\/www.bio-des-alberes.fr\/\"},{\"@type\":\"ListItem\",\"position\":2,\"name\":\"Bio des Alb\u00e8res : votre \u00e9picerie bio pr\u00e8s de montescot\"}]},{\"@type\":\"WebSite\",\"@id\":\"https:\/\/www.bio-des-alberes.fr\/#website\",\"url\":\"https:\/\/www.bio-des-alberes.fr\/\",\"name\":\"Bio 66 - Magasin bio des Alberes\",\"description\":\"Fruits et l&eacute;gumes bio, produits locaux, &eacute;picerie fine\",\"publisher\":{\"@id\":\"https:\/\/www.bio-des-alberes.fr\/#organization\"},\"potentialAction\":[{\"@type\":\"SearchAction\",\"target\":{\"@type\":\"EntryPoint\",\"urlTemplate\":\"https:\/\/www.bio-des-alberes.fr\/?s={search_term_string}\"},\"query-input\":{\"@type\":\"PropertyValueSpecification\",\"valueRequired\":true,\"valueName\":\"search_term_string\"}}],\"inLanguage\":\"es\"},{\"@type\":\"Organization\",\"@id\":\"https:\/\/www.bio-des-alberes.fr\/#organization\",\"name\":\"Bio des Alb\u00e8res\",\"url\":\"https:\/\/www.bio-des-alberes.fr\/\",\"logo\":{\"@type\":\"ImageObject\",\"inLanguage\":\"es\",\"@id\":\"https:\/\/www.bio-des-alberes.fr\/#\/schema\/logo\/image\/\",\"url\":\"https:\/\/www.bio-des-alberes.fr\/wp-content\/uploads\/2024\/12\/bio-des-alberes-logo2.png\",\"contentUrl\":\"https:\/\/www.bio-des-alberes.fr\/wp-content\/uploads\/2024\/12\/bio-des-alberes-logo2.png\",\"width\":803,\"height\":466,\"caption\":\"Bio des Alb\u00e8res\"},\"image\":{\"@id\":\"https:\/\/www.bio-des-alberes.fr\/#\/schema\/logo\/image\/\"},\"sameAs\":[\"https:\/\/www.facebook.com\/p\/Le-bio-des-Albres-61568067446958\/\"]},{\"@type\":\"Person\",\"@id\":\"https:\/\/www.bio-des-alberes.fr\/#\/schema\/person\/b207a14ba23699a080c323ee040eca00\",\"name\":\"biodesalberes\",\"image\":{\"@type\":\"ImageObject\",\"inLanguage\":\"es\",\"@id\":\"https:\/\/www.bio-des-alberes.fr\/#\/schema\/person\/image\/\",\"url\":\"https:\/\/secure.gravatar.com\/avatar\/6039bbfc6c375e9adfea50b5dfc6bb7c8c601a03cbf0f44a5db56f0a0eead0b8?s=96&d=mm&r=g\",\"contentUrl\":\"https:\/\/secure.gravatar.com\/avatar\/6039bbfc6c375e9adfea50b5dfc6bb7c8c601a03cbf0f44a5db56f0a0eead0b8?s=96&d=mm&r=g\",\"caption\":\"biodesalberes\"},\"sameAs\":[\"https:\/\/www.bio-des-alberes.fr\"],\"url\":\"https:\/\/www.bio-des-alberes.fr\/es\/author\/biodesalberes\/\"}]}<\/script>\n<!-- \/ Yoast SEO plugin. -->","yoast_head_json":{"title":"\u00e9picerie bio pr\u00e8s de montescot","description":"D\u00e9couvrez Bio des Alb\u00e8res, votre \u00e9picerie bio pr\u00e8s de montescot. Fruits et l\u00e9gumes, pain au levain. Le meilleur du bio pr\u00e8s de chez vous !","robots":{"index":"index","follow":"follow","max-snippet":"max-snippet:-1","max-image-preview":"max-image-preview:large","max-video-preview":"max-video-preview:-1"},"canonical":"https:\/\/www.bio-des-alberes.fr\/es\/epicerie-bio-pres-de-montescot-2\/","og_locale":"es_ES","og_type":"article","og_title":"\u00e9picerie bio pr\u00e8s de montescot","og_description":"D\u00e9couvrez Bio des Alb\u00e8res, votre \u00e9picerie bio pr\u00e8s de montescot. Fruits et l\u00e9gumes, pain au levain. Le meilleur du bio pr\u00e8s de chez vous !","og_url":"https:\/\/www.bio-des-alberes.fr\/es\/epicerie-bio-pres-de-montescot-2\/","og_site_name":"Bio des Alb\u00e8res","article_publisher":"https:\/\/www.facebook.com\/p\/Le-bio-des-Albres-61568067446958\/","article_published_time":"2025-06-04T15:01:18+00:00","og_image":[{"width":2560,"height":1707,"url":"https:\/\/www.bio-des-alberes.fr\/wp-content\/uploads\/2024\/12\/ananas-bio-des-alberes-produits-bio-au-meilkleur-prix-scaled.jpg","type":"image\/jpeg"}],"author":"biodesalberes","twitter_card":"summary_large_image","twitter_misc":{"Escrito por":"biodesalberes","Tiempo de lectura":"4 minutos"},"schema":{"@context":"https:\/\/schema.org","@graph":[{"@type":"Article","@id":"https:\/\/www.bio-des-alberes.fr\/epicerie-bio-pres-de-montescot-2\/#article","isPartOf":{"@id":"https:\/\/www.bio-des-alberes.fr\/epicerie-bio-pres-de-montescot-2\/"},"author":{"name":"biodesalberes","@id":"https:\/\/www.bio-des-alberes.fr\/#\/schema\/person\/b207a14ba23699a080c323ee040eca00"},"headline":"Bio des Alb\u00e8res : votre \u00e9picerie bio pr\u00e8s de montescot","datePublished":"2025-06-04T15:01:18+00:00","mainEntityOfPage":{"@id":"https:\/\/www.bio-des-alberes.fr\/epicerie-bio-pres-de-montescot-2\/"},"wordCount":886,"publisher":{"@id":"https:\/\/www.bio-des-alberes.fr\/#organization"},"image":{"@id":"https:\/\/www.bio-des-alberes.fr\/epicerie-bio-pres-de-montescot-2\/#primaryimage"},"thumbnailUrl":"https:\/\/www.bio-des-alberes.fr\/wp-content\/uploads\/2024\/12\/ananas-bio-des-alberes-produits-bio-au-meilkleur-prix-scaled.jpg","articleSection":["Au Bio des Alb\u00e8res"],"inLanguage":"es"},{"@type":"WebPage","@id":"https:\/\/www.bio-des-alberes.fr\/epicerie-bio-pres-de-montescot-2\/","url":"https:\/\/www.bio-des-alberes.fr\/epicerie-bio-pres-de-montescot-2\/","name":"\u00e9picerie bio pr\u00e8s de montescot","isPartOf":{"@id":"https:\/\/www.bio-des-alberes.fr\/#website"},"primaryImageOfPage":{"@id":"https:\/\/www.bio-des-alberes.fr\/epicerie-bio-pres-de-montescot-2\/#primaryimage"},"image":{"@id":"https:\/\/www.bio-des-alberes.fr\/epicerie-bio-pres-de-montescot-2\/#primaryimage"},"thumbnailUrl":"https:\/\/www.bio-des-alberes.fr\/wp-content\/uploads\/2024\/12\/ananas-bio-des-alberes-produits-bio-au-meilkleur-prix-scaled.jpg","datePublished":"2025-06-04T15:01:18+00:00","description":"D\u00e9couvrez Bio des Alb\u00e8res, votre \u00e9picerie bio pr\u00e8s de montescot. Fruits et l\u00e9gumes, pain au levain. Le meilleur du bio pr\u00e8s de chez vous !","breadcrumb":{"@id":"https:\/\/www.bio-des-alberes.fr\/epicerie-bio-pres-de-montescot-2\/#breadcrumb"},"inLanguage":"es","potentialAction":[{"@type":"ReadAction","target":["https:\/\/www.bio-des-alberes.fr\/epicerie-bio-pres-de-montescot-2\/"]}]},{"@type":"ImageObject","inLanguage":"es","@id":"https:\/\/www.bio-des-alberes.fr\/epicerie-bio-pres-de-montescot-2\/#primaryimage","url":"https:\/\/www.bio-des-alberes.fr\/wp-content\/uploads\/2024\/12\/ananas-bio-des-alberes-produits-bio-au-meilkleur-prix-scaled.jpg","contentUrl":"https:\/\/www.bio-des-alberes.fr\/wp-content\/uploads\/2024\/12\/ananas-bio-des-alberes-produits-bio-au-meilkleur-prix-scaled.jpg","width":2560,"height":1707,"caption":"SAMSUNG CSC"},{"@type":"BreadcrumbList","@id":"https:\/\/www.bio-des-alberes.fr\/epicerie-bio-pres-de-montescot-2\/#breadcrumb","itemListElement":[{"@type":"ListItem","position":1,"name":"Accueil","item":"https:\/\/www.bio-des-alberes.fr\/"},{"@type":"ListItem","position":2,"name":"Bio des Alb\u00e8res : votre \u00e9picerie bio pr\u00e8s de montescot"}]},{"@type":"WebSite","@id":"https:\/\/www.bio-des-alberes.fr\/#website","url":"https:\/\/www.bio-des-alberes.fr\/","name":"Bio 66 - Magasin bio des Alberes","description":"Fruits et l&eacute;gumes bio, produits locaux, &eacute;picerie fine","publisher":{"@id":"https:\/\/www.bio-des-alberes.fr\/#organization"},"potentialAction":[{"@type":"SearchAction","target":{"@type":"EntryPoint","urlTemplate":"https:\/\/www.bio-des-alberes.fr\/?s={search_term_string}"},"query-input":{"@type":"PropertyValueSpecification","valueRequired":true,"valueName":"search_term_string"}}],"inLanguage":"es"},{"@type":"Organization","@id":"https:\/\/www.bio-des-alberes.fr\/#organization","name":"Bio des Alb\u00e8res","url":"https:\/\/www.bio-des-alberes.fr\/","logo":{"@type":"ImageObject","inLanguage":"es","@id":"https:\/\/www.bio-des-alberes.fr\/#\/schema\/logo\/image\/","url":"https:\/\/www.bio-des-alberes.fr\/wp-content\/uploads\/2024\/12\/bio-des-alberes-logo2.png","contentUrl":"https:\/\/www.bio-des-alberes.fr\/wp-content\/uploads\/2024\/12\/bio-des-alberes-logo2.png","width":803,"height":466,"caption":"Bio des Alb\u00e8res"},"image":{"@id":"https:\/\/www.bio-des-alberes.fr\/#\/schema\/logo\/image\/"},"sameAs":["https:\/\/www.facebook.com\/p\/Le-bio-des-Albres-61568067446958\/"]},{"@type":"Person","@id":"https:\/\/www.bio-des-alberes.fr\/#\/schema\/person\/b207a14ba23699a080c323ee040eca00","name":"biodesalberes","image":{"@type":"ImageObject","inLanguage":"es","@id":"https:\/\/www.bio-des-alberes.fr\/#\/schema\/person\/image\/","url":"https:\/\/secure.gravatar.com\/avatar\/6039bbfc6c375e9adfea50b5dfc6bb7c8c601a03cbf0f44a5db56f0a0eead0b8?s=96&d=mm&r=g","contentUrl":"https:\/\/secure.gravatar.com\/avatar\/6039bbfc6c375e9adfea50b5dfc6bb7c8c601a03cbf0f44a5db56f0a0eead0b8?s=96&d=mm&r=g","caption":"biodesalberes"},"sameAs":["https:\/\/www.bio-des-alberes.fr"],"url":"https:\/\/www.bio-des-alberes.fr\/es\/author\/biodesalberes\/"}]}},"_links":{"self":[{"href":"https:\/\/www.bio-des-alberes.fr\/es\/wp-json\/wp\/v2\/posts\/2058","targetHints":{"allow":["GET"]}}],"collection":[{"href":"https:\/\/www.bio-des-alberes.fr\/es\/wp-json\/wp\/v2\/posts"}],"about":[{"href":"https:\/\/www.bio-des-alberes.fr\/es\/wp-json\/wp\/v2\/types\/post"}],"author":[{"embeddable":true,"href":"https:\/\/www.bio-des-alberes.fr\/es\/wp-json\/wp\/v2\/users\/1"}],"replies":[{"embeddable":true,"href":"https:\/\/www.bio-des-alberes.fr\/es\/wp-json\/wp\/v2\/comments?post=2058"}],"version-history":[{"count":0,"href":"https:\/\/www.bio-des-alberes.fr\/es\/wp-json\/wp\/v2\/posts\/2058\/revisions"}],"wp:featuredmedia":[{"embeddable":true,"href":"https:\/\/www.bio-des-alberes.fr\/es\/wp-json\/wp\/v2\/media\/86"}],"wp:attachment":[{"href":"https:\/\/www.bio-des-alberes.fr\/es\/wp-json\/wp\/v2\/media?parent=2058"}],"wp:term":[{"taxonomy":"category","embeddable":true,"href":"https:\/\/www.bio-des-alberes.fr\/es\/wp-json\/wp\/v2\/categories?post=2058"},{"taxonomy":"post_tag","embeddable":true,"href":"https:\/\/www.bio-des-alberes.fr\/es\/wp-json\/wp\/v2\/tags?post=2058"}],"curies":[{"name":"wp","href":"https:\/\/api.w.org\/{rel}","templated":true}]}}