{"id":2060,"date":"2025-06-04T15:01:19","date_gmt":"2025-06-04T15:01:19","guid":{"rendered":"https:\/\/www.bio-des-alberes.fr\/epicerie-bio-pres-de-villemolaque\/"},"modified":"2025-06-04T15:01:19","modified_gmt":"2025-06-04T15:01:19","slug":"epicerie-bio-pres-de-villemolaque","status":"publish","type":"post","link":"https:\/\/www.bio-des-alberes.fr\/es\/epicerie-bio-pres-de-villemolaque\/","title":{"rendered":"Bio des Alb\u00e8res: su tienda de alimentaci\u00f3n ecol\u00f3gica cerca de villemolaque"},"content":{"rendered":"<h1 class=\"wp-block-heading\">Productos locales, frescos y comprometidos<\/h1>\n\n\n\n<p>Bienvenido a Bio des Alb\u00e8res, su tienda de comestibles ecol\u00f3gicos de confianza cerca de villemolaque, especializada en productos locales, frutas y verduras de temporada y pan de masa madre ecol\u00f3gico artesanal. En pleno coraz\u00f3n de los Pirineos Orientales, le ofrecemos una rigurosa selecci\u00f3n de productos ecol\u00f3gicos, locales y de temporada.<\/p>\n\n\n\n<h2 class=\"wp-block-heading\">\u00bfPor qu\u00e9 elegir una tienda de alimentaci\u00f3n ecol\u00f3gica cerca de villemolaque?<\/h2>\n\n\n\n<ul class=\"wp-block-list\">\n<li>Menos transporte, m\u00e1s frescura: canales de distribuci\u00f3n cortos garantizados<\/li>\n\n\n\n<li>Apoyo a los productores locales en 66<\/li>\n\n\n\n<li>Cero superfluo: s\u00f3lo productos \u00fatiles, buenos y naturales<\/li>\n\n\n\n<li>Menos envases, m\u00e1s \u00e9tica<\/li>\n<\/ul>\n\n\n\n<p>En Bio des Alb\u00e8res creemos que cada compra cuenta. Por eso, nuestros clientes de Villemolaque y alrededores encuentran en nosotros mucho m\u00e1s que una tienda: somos una aut\u00e9ntica comunidad dedicada a comer bien.<\/p>\n\n\n\n<h2 class=\"wp-block-heading\">Frutas y verduras ecol\u00f3gicas de Villemolaque: el sabor de las estaciones<\/h2>\n\n\n\n<p>Nuestra secci\u00f3n de fruta y verdura ecol\u00f3gica cerca de villemolaque es sin duda una de las m\u00e1s populares. Cada semana, seleccionamos productos recolectados en su punto de maduraci\u00f3n, seg\u00fan la temporada, y cultivados sin abonos qu\u00edmicos ni pesticidas.<\/p>\n\n\n\n<ul class=\"wp-block-list\">\n<li>En verano: tomates reliquia, calabacines, melones, sand\u00edas<\/li>\n\n\n\n<li>En oto\u00f1o: manzanas, calabazas, coliflor<\/li>\n\n\n\n<li>En invierno: naranjas ecol\u00f3gicas, zanahorias, remolachas<\/li>\n\n\n\n<li>En primavera: fresas de campo, esp\u00e1rragos, r\u00e1banos<\/li>\n<\/ul>\n\n\n\n<p>Todas nuestras frutas y verduras proceden de explotaciones locales, a menudo situadas a menos de 50 km de nuestra tienda. Esto garantiza una frescura incomparable y apoya la agricultura ecol\u00f3gica en la regi\u00f3n de Villemolaque.<\/p>\n\n\n\n<h2 class=\"wp-block-heading\">Pan de masa madre ecol\u00f3gico: una especialidad esencial<\/h2>\n\n\n\n<p>Uno de los productos de los que nos sentimos m\u00e1s orgullosos es nuestro pan ecol\u00f3gico de masa madre, horneado a diario en nuestra panader\u00eda artesanal.<\/p>\n\n\n\n<h3 class=\"wp-block-heading\">\u00bfPor qu\u00e9 masa madre?<\/h3>\n\n\n\n<ul class=\"wp-block-list\">\n<li>Digesti\u00f3n m\u00e1s f\u00e1cil<\/li>\n\n\n\n<li>Menor \u00edndice gluc\u00e9mico<\/li>\n\n\n\n<li>Mejor conservaci\u00f3n<\/li>\n\n\n\n<li>Sabor aut\u00e9ntico y r\u00fastico<\/li>\n<\/ul>\n\n\n\n<p>Ofrecemos varias variedades:<\/p>\n\n\n\n<ul class=\"wp-block-list\">\n<li>Pan de masa madre<\/li>\n\n\n\n<li>Pan integral ecol\u00f3gico<\/li>\n\n\n\n<li>Pan de semillas<\/li>\n\n\n\n<li>Pan de espelta peque\u00f1o<\/li>\n<\/ul>\n\n\n\n<h2 class=\"wp-block-heading\">Productos ecol\u00f3gicos y locales cerca de villemolaque: lo que encontrar\u00e1 aqu\u00ed<\/h2>\n\n\n\n<p>Nuestra tienda ecol\u00f3gica cerca de villemolaque ofrece mucho m\u00e1s que una secci\u00f3n de verduras. Es un aut\u00e9ntico espacio de vida eco-responsable, con productos para todas las necesidades cotidianas:<\/p>\n\n\n\n<ul class=\"wp-block-list\">\n<li>Productos secos: legumbres, harina, cereales, semillas, aceites<\/li>\n\n\n\n<li>Productos de limpieza ecol\u00f3gicos<\/li>\n\n\n\n<li>Cosm\u00e9tica natural<\/li>\n\n\n\n<li>Graneles ecol\u00f3gicos (arroz, pasta, frutos secos, muesli...)<\/li>\n\n\n\n<li>Productos sin gluten y veganos<\/li>\n\n\n\n<li>Bebidas artesanales (zumos, kombucha, vinos naturales)<\/li>\n\n\n\n<li>Quesos de granja, huevos ecol\u00f3gicos, yogures locales<\/li>\n<\/ul>\n\n\n\n<h2 class=\"wp-block-heading\">Una tienda de alimentaci\u00f3n ecol\u00f3gica comprometida con los villemolaque\u00f1os<\/h2>\n\n\n\n<p>En Bio des Alb\u00e8res, no transigimos con nuestros valores:<\/p>\n\n\n\n<ul class=\"wp-block-list\">\n<li>Agricultura ecol\u00f3gica certificada<\/li>\n\n\n\n<li>Prioridad local, kil\u00f3metro cero lo antes posible<\/li>\n\n\n\n<li>Ambiente familiar y asesoramiento personalizado<\/li>\n\n\n\n<li>Compromiso cero residuos: trae tus propios tarros, bolsas, etc.<\/li>\n\n\n\n<li>Compartir recetas, ideas y consejos para consumir mejor<\/li>\n<\/ul>\n\n\n\n<h2 class=\"wp-block-heading\">Entrega y servicios cerca de villemolaque<\/h2>\n\n\n\n<p>\u00bfVive en Villemolaque o en un pueblo vecino? Buenas noticias: todas las semanas repartimos cestas ecol\u00f3gicas personalizadas.<\/p>\n\n\n\n<h3 class=\"wp-block-heading\">\u00bfC\u00f3mo funciona?<\/h3>\n\n\n\n<ol class=\"wp-block-list\">\n<li>Prepare su cesta (u opte por una selecci\u00f3n sorpresa)<\/li>\n\n\n\n<li>Preparamos su pedido con productos frescos<\/li>\n\n\n\n<li>Entregamos en su domicilio o en un punto de entrega<\/li>\n<\/ol>\n\n\n\n<h2 class=\"wp-block-heading\">C\u00f3mo encontrarnos \u00bfC\u00f3mo puede ponerse en contacto con nosotros?<\/h2>\n\n\n\n<p>Estamos situados en Saint-Genis-des-Fontaines, a pocos minutos de Villemolaque.<\/p>\n\n\n\n<p><strong>Horario de apertura :<\/strong><br>De lunes a s\u00e1bado: de 9.00 a 13.00 h. y de 15.00 a 19.00 h.<br>Domingo: cerrado<\/p>\n\n\n\n<p>Para cualquier pregunta, consejo o pedido, p\u00f3ngase en contacto con nosotros aqu\u00ed:&nbsp;<a href=\"https:\/\/www.bio-des-alberes.fr\/es\/contact\/\">P\u00f3ngase en contacto con<\/a><br>O venga a vernos a la tienda:&nbsp;<a href=\"https:\/\/www.bio-des-alberes.fr\/es\/\">Inicio<\/a><\/p>\n\n\n\n<h2 class=\"wp-block-heading\">Testimonios de nuestros clientes cerca de villemolaque<\/h2>\n\n\n\n<blockquote class=\"wp-block-quote is-layout-flow wp-block-quote-is-layout-flow\">\n<p>\u201cDesde que descubr\u00ed Bio des Alb\u00e8res, no voy a ning\u00fan otro sitio. El pan es incre\u00edble y las verduras saben muy bien\u201d. - Claire B., cliente fiel de villemolaque<\/p>\n<\/blockquote>\n\n\n\n<blockquote class=\"wp-block-quote is-layout-flow wp-block-quote-is-layout-flow\">\n<p>\u201cUna alternativa real a los supermercados, con productos verdaderamente locales\u201d. - Marc G., agricultor ecol\u00f3gico cerca de villemolaque<\/p>\n<\/blockquote>\n\n\n\n<blockquote class=\"wp-block-quote is-layout-flow wp-block-quote-is-layout-flow\">\n<p>\u201cEl personal es apasionado y sabe escuchar. Se lo recomendar\u00eda a cualquiera que viva en Villemolaque\u201d. - Sophie L., natur\u00f3pata con sede en villemolaque<\/p>\n<\/blockquote>\n\n\n\n<h2 class=\"wp-block-heading\">FAQ - Alimentaci\u00f3n ecol\u00f3gica villemolaque<\/h2>\n\n\n\n<p><strong>\u00bfQu\u00e9 tipos de productos puede encontrar en su tienda de alimentaci\u00f3n ecol\u00f3gica?<\/strong><br>Ofrecemos productos alimentarios ecol\u00f3gicos, cosm\u00e9ticos naturales, productos de limpieza y, por supuesto, frutas y verduras ecol\u00f3gicas de temporada.<\/p>\n\n\n\n<p><strong>\u00bfRealizan entregas a domicilio en villemolaque?<\/strong><br>S\u00ed, todas las semanas hacemos entregas en varias ciudades de la regi\u00f3n 66, entre ellas Villemolaque.<\/p>\n\n\n\n<p><strong>\u00bfC\u00f3mo saber si sus productos son realmente locales?<\/strong><br>Cada producto lleva una etiqueta que indica su origen. Trabajamos de forma transparente con productores ecol\u00f3gicos certificados del departamento.<\/p>\n\n\n\n<p><strong>\u00bfPuedo hacer un pedido por Internet?<\/strong><br>Los pedidos pueden hacerse por tel\u00e9fono o a trav\u00e9s de nuestra p\u00e1gina de contacto. Actualmente se est\u00e1 desarrollando un servicio de pedidos en l\u00ednea.<\/p>\n\n\n\n<h2 class=\"wp-block-heading\">Conclusi\u00f3n: los productos ecol\u00f3gicos locales le esperan a tiro de piedra de villemolaque<\/h2>\n\n\n\n<p>Si busca una tienda de comestibles ecol\u00f3gicos cerca de villemolaque, no busque m\u00e1s. En Bio des Alb\u00e8res, encontrar\u00e1 :<\/p>\n\n\n\n<ul class=\"wp-block-list\">\n<li>Aut\u00e9nticos productos ecol\u00f3gicos<\/li>\n\n\n\n<li>Contacto humano real<\/li>\n\n\n\n<li>Un compromiso con la regi\u00f3n 66<\/li>\n\n\n\n<li>Calidad impecable<\/li>\n<\/ul>\n\n\n\n<p>\u00danase a nuestra comunidad de consumidores responsables.<br>Elija el sabor, la salud y el planeta.<br>Venga a descubrir la tienda o p\u00f3ngase en contacto con nosotros hoy mismo:<br><a href=\"https:\/\/www.bio-des-alberes.fr\/es\/\">P\u00e1gina de inicio<\/a>&nbsp;\u2013&nbsp;<a href=\"https:\/\/www.bio-des-alberes.fr\/es\/contact\/\">P\u00e1gina de contacto<\/a><\/p>","protected":false},"excerpt":{"rendered":"<p>Des produits locaux, frais et engag\u00e9s Bienvenue chez Bio des Alb\u00e8res, votre \u00e9picerie bio de confiance pr\u00e8s de villemolaque, sp\u00e9cialis\u00e9e dans les produits locaux, fruits et l\u00e9gumes de saison, et le pain au levain bio artisanal. Install\u00e9s au c\u0153ur des Pyr\u00e9n\u00e9es-Orientales, nous vous proposons une s\u00e9lection rigoureuse de produits issus de l\u2019agriculture biologique, du terroir [&hellip;]<\/p>\n","protected":false},"author":1,"featured_media":89,"comment_status":"closed","ping_status":"closed","sticky":false,"template":"","format":"standard","meta":{"_et_pb_use_builder":"","_et_pb_old_content":"","_et_gb_content_width":"","footnotes":""},"categories":[1],"tags":[],"class_list":["post-2060","post","type-post","status-publish","format-standard","has-post-thumbnail","hentry","category-au-bio-des-alberes"],"yoast_head":"<!-- This site is optimized with the Yoast SEO plugin v26.2 - https:\/\/yoast.com\/wordpress\/plugins\/seo\/ -->\n<title>\u00e9picerie bio pr\u00e8s de villemolaque<\/title>\n<meta name=\"description\" content=\"D\u00e9couvrez Bio des Alb\u00e8res, votre \u00e9picerie bio pr\u00e8s de villemolaque. Fruits et l\u00e9gumes, pain au levain. Le meilleur du bio pr\u00e8s de chez vous !\" \/>\n<meta name=\"robots\" content=\"index, follow, max-snippet:-1, max-image-preview:large, max-video-preview:-1\" \/>\n<link rel=\"canonical\" href=\"https:\/\/www.bio-des-alberes.fr\/es\/epicerie-bio-pres-de-villemolaque\/\" \/>\n<meta property=\"og:locale\" content=\"es_ES\" \/>\n<meta property=\"og:type\" content=\"article\" \/>\n<meta property=\"og:title\" content=\"\u00e9picerie bio pr\u00e8s de villemolaque\" \/>\n<meta property=\"og:description\" content=\"D\u00e9couvrez Bio des Alb\u00e8res, votre \u00e9picerie bio pr\u00e8s de villemolaque. Fruits et l\u00e9gumes, pain au levain. Le meilleur du bio pr\u00e8s de chez vous !\" \/>\n<meta property=\"og:url\" content=\"https:\/\/www.bio-des-alberes.fr\/es\/epicerie-bio-pres-de-villemolaque\/\" \/>\n<meta property=\"og:site_name\" content=\"Bio des Alb\u00e8res\" \/>\n<meta property=\"article:publisher\" content=\"https:\/\/www.facebook.com\/p\/Le-bio-des-Albres-61568067446958\/\" \/>\n<meta property=\"article:published_time\" content=\"2025-06-04T15:01:19+00:00\" \/>\n<meta property=\"og:image\" content=\"https:\/\/www.bio-des-alberes.fr\/wp-content\/uploads\/2024\/12\/Bio-des-alberes-legumes-tomates-bio-au-meilleur-prix-scaled.jpg\" \/>\n\t<meta property=\"og:image:width\" content=\"2560\" \/>\n\t<meta property=\"og:image:height\" content=\"1707\" \/>\n\t<meta property=\"og:image:type\" content=\"image\/jpeg\" \/>\n<meta name=\"author\" content=\"biodesalberes\" \/>\n<meta name=\"twitter:card\" content=\"summary_large_image\" \/>\n<meta name=\"twitter:label1\" content=\"Escrito por\" \/>\n\t<meta name=\"twitter:data1\" content=\"biodesalberes\" \/>\n\t<meta name=\"twitter:label2\" content=\"Tiempo de lectura\" \/>\n\t<meta name=\"twitter:data2\" content=\"4 minutos\" \/>\n<script type=\"application\/ld+json\" class=\"yoast-schema-graph\">{\"@context\":\"https:\/\/schema.org\",\"@graph\":[{\"@type\":\"Article\",\"@id\":\"https:\/\/www.bio-des-alberes.fr\/epicerie-bio-pres-de-villemolaque\/#article\",\"isPartOf\":{\"@id\":\"https:\/\/www.bio-des-alberes.fr\/epicerie-bio-pres-de-villemolaque\/\"},\"author\":{\"name\":\"biodesalberes\",\"@id\":\"https:\/\/www.bio-des-alberes.fr\/#\/schema\/person\/b207a14ba23699a080c323ee040eca00\"},\"headline\":\"Bio des Alb\u00e8res : votre \u00e9picerie bio pr\u00e8s de villemolaque\",\"datePublished\":\"2025-06-04T15:01:19+00:00\",\"mainEntityOfPage\":{\"@id\":\"https:\/\/www.bio-des-alberes.fr\/epicerie-bio-pres-de-villemolaque\/\"},\"wordCount\":886,\"publisher\":{\"@id\":\"https:\/\/www.bio-des-alberes.fr\/#organization\"},\"image\":{\"@id\":\"https:\/\/www.bio-des-alberes.fr\/epicerie-bio-pres-de-villemolaque\/#primaryimage\"},\"thumbnailUrl\":\"https:\/\/www.bio-des-alberes.fr\/wp-content\/uploads\/2024\/12\/Bio-des-alberes-legumes-tomates-bio-au-meilleur-prix-scaled.jpg\",\"articleSection\":[\"Au Bio des Alb\u00e8res\"],\"inLanguage\":\"es\"},{\"@type\":\"WebPage\",\"@id\":\"https:\/\/www.bio-des-alberes.fr\/epicerie-bio-pres-de-villemolaque\/\",\"url\":\"https:\/\/www.bio-des-alberes.fr\/epicerie-bio-pres-de-villemolaque\/\",\"name\":\"\u00e9picerie bio pr\u00e8s de villemolaque\",\"isPartOf\":{\"@id\":\"https:\/\/www.bio-des-alberes.fr\/#website\"},\"primaryImageOfPage\":{\"@id\":\"https:\/\/www.bio-des-alberes.fr\/epicerie-bio-pres-de-villemolaque\/#primaryimage\"},\"image\":{\"@id\":\"https:\/\/www.bio-des-alberes.fr\/epicerie-bio-pres-de-villemolaque\/#primaryimage\"},\"thumbnailUrl\":\"https:\/\/www.bio-des-alberes.fr\/wp-content\/uploads\/2024\/12\/Bio-des-alberes-legumes-tomates-bio-au-meilleur-prix-scaled.jpg\",\"datePublished\":\"2025-06-04T15:01:19+00:00\",\"description\":\"D\u00e9couvrez Bio des Alb\u00e8res, votre \u00e9picerie bio pr\u00e8s de villemolaque. Fruits et l\u00e9gumes, pain au levain. Le meilleur du bio pr\u00e8s de chez vous !\",\"breadcrumb\":{\"@id\":\"https:\/\/www.bio-des-alberes.fr\/epicerie-bio-pres-de-villemolaque\/#breadcrumb\"},\"inLanguage\":\"es\",\"potentialAction\":[{\"@type\":\"ReadAction\",\"target\":[\"https:\/\/www.bio-des-alberes.fr\/epicerie-bio-pres-de-villemolaque\/\"]}]},{\"@type\":\"ImageObject\",\"inLanguage\":\"es\",\"@id\":\"https:\/\/www.bio-des-alberes.fr\/epicerie-bio-pres-de-villemolaque\/#primaryimage\",\"url\":\"https:\/\/www.bio-des-alberes.fr\/wp-content\/uploads\/2024\/12\/Bio-des-alberes-legumes-tomates-bio-au-meilleur-prix-scaled.jpg\",\"contentUrl\":\"https:\/\/www.bio-des-alberes.fr\/wp-content\/uploads\/2024\/12\/Bio-des-alberes-legumes-tomates-bio-au-meilleur-prix-scaled.jpg\",\"width\":2560,\"height\":1707,\"caption\":\"SAMSUNG CSC\"},{\"@type\":\"BreadcrumbList\",\"@id\":\"https:\/\/www.bio-des-alberes.fr\/epicerie-bio-pres-de-villemolaque\/#breadcrumb\",\"itemListElement\":[{\"@type\":\"ListItem\",\"position\":1,\"name\":\"Accueil\",\"item\":\"https:\/\/www.bio-des-alberes.fr\/\"},{\"@type\":\"ListItem\",\"position\":2,\"name\":\"Bio des Alb\u00e8res : votre \u00e9picerie bio pr\u00e8s de villemolaque\"}]},{\"@type\":\"WebSite\",\"@id\":\"https:\/\/www.bio-des-alberes.fr\/#website\",\"url\":\"https:\/\/www.bio-des-alberes.fr\/\",\"name\":\"Bio 66 - Magasin bio des Alberes\",\"description\":\"Fruits et l&eacute;gumes bio, produits locaux, &eacute;picerie fine\",\"publisher\":{\"@id\":\"https:\/\/www.bio-des-alberes.fr\/#organization\"},\"potentialAction\":[{\"@type\":\"SearchAction\",\"target\":{\"@type\":\"EntryPoint\",\"urlTemplate\":\"https:\/\/www.bio-des-alberes.fr\/?s={search_term_string}\"},\"query-input\":{\"@type\":\"PropertyValueSpecification\",\"valueRequired\":true,\"valueName\":\"search_term_string\"}}],\"inLanguage\":\"es\"},{\"@type\":\"Organization\",\"@id\":\"https:\/\/www.bio-des-alberes.fr\/#organization\",\"name\":\"Bio des Alb\u00e8res\",\"url\":\"https:\/\/www.bio-des-alberes.fr\/\",\"logo\":{\"@type\":\"ImageObject\",\"inLanguage\":\"es\",\"@id\":\"https:\/\/www.bio-des-alberes.fr\/#\/schema\/logo\/image\/\",\"url\":\"https:\/\/www.bio-des-alberes.fr\/wp-content\/uploads\/2024\/12\/bio-des-alberes-logo2.png\",\"contentUrl\":\"https:\/\/www.bio-des-alberes.fr\/wp-content\/uploads\/2024\/12\/bio-des-alberes-logo2.png\",\"width\":803,\"height\":466,\"caption\":\"Bio des Alb\u00e8res\"},\"image\":{\"@id\":\"https:\/\/www.bio-des-alberes.fr\/#\/schema\/logo\/image\/\"},\"sameAs\":[\"https:\/\/www.facebook.com\/p\/Le-bio-des-Albres-61568067446958\/\"]},{\"@type\":\"Person\",\"@id\":\"https:\/\/www.bio-des-alberes.fr\/#\/schema\/person\/b207a14ba23699a080c323ee040eca00\",\"name\":\"biodesalberes\",\"image\":{\"@type\":\"ImageObject\",\"inLanguage\":\"es\",\"@id\":\"https:\/\/www.bio-des-alberes.fr\/#\/schema\/person\/image\/\",\"url\":\"https:\/\/secure.gravatar.com\/avatar\/6039bbfc6c375e9adfea50b5dfc6bb7c8c601a03cbf0f44a5db56f0a0eead0b8?s=96&d=mm&r=g\",\"contentUrl\":\"https:\/\/secure.gravatar.com\/avatar\/6039bbfc6c375e9adfea50b5dfc6bb7c8c601a03cbf0f44a5db56f0a0eead0b8?s=96&d=mm&r=g\",\"caption\":\"biodesalberes\"},\"sameAs\":[\"https:\/\/www.bio-des-alberes.fr\"],\"url\":\"https:\/\/www.bio-des-alberes.fr\/es\/author\/biodesalberes\/\"}]}<\/script>\n<!-- \/ Yoast SEO plugin. -->","yoast_head_json":{"title":"\u00e9picerie bio pr\u00e8s de villemolaque","description":"D\u00e9couvrez Bio des Alb\u00e8res, votre \u00e9picerie bio pr\u00e8s de villemolaque. Fruits et l\u00e9gumes, pain au levain. Le meilleur du bio pr\u00e8s de chez vous !","robots":{"index":"index","follow":"follow","max-snippet":"max-snippet:-1","max-image-preview":"max-image-preview:large","max-video-preview":"max-video-preview:-1"},"canonical":"https:\/\/www.bio-des-alberes.fr\/es\/epicerie-bio-pres-de-villemolaque\/","og_locale":"es_ES","og_type":"article","og_title":"\u00e9picerie bio pr\u00e8s de villemolaque","og_description":"D\u00e9couvrez Bio des Alb\u00e8res, votre \u00e9picerie bio pr\u00e8s de villemolaque. Fruits et l\u00e9gumes, pain au levain. Le meilleur du bio pr\u00e8s de chez vous !","og_url":"https:\/\/www.bio-des-alberes.fr\/es\/epicerie-bio-pres-de-villemolaque\/","og_site_name":"Bio des Alb\u00e8res","article_publisher":"https:\/\/www.facebook.com\/p\/Le-bio-des-Albres-61568067446958\/","article_published_time":"2025-06-04T15:01:19+00:00","og_image":[{"width":2560,"height":1707,"url":"https:\/\/www.bio-des-alberes.fr\/wp-content\/uploads\/2024\/12\/Bio-des-alberes-legumes-tomates-bio-au-meilleur-prix-scaled.jpg","type":"image\/jpeg"}],"author":"biodesalberes","twitter_card":"summary_large_image","twitter_misc":{"Escrito por":"biodesalberes","Tiempo de lectura":"4 minutos"},"schema":{"@context":"https:\/\/schema.org","@graph":[{"@type":"Article","@id":"https:\/\/www.bio-des-alberes.fr\/epicerie-bio-pres-de-villemolaque\/#article","isPartOf":{"@id":"https:\/\/www.bio-des-alberes.fr\/epicerie-bio-pres-de-villemolaque\/"},"author":{"name":"biodesalberes","@id":"https:\/\/www.bio-des-alberes.fr\/#\/schema\/person\/b207a14ba23699a080c323ee040eca00"},"headline":"Bio des Alb\u00e8res : votre \u00e9picerie bio pr\u00e8s de villemolaque","datePublished":"2025-06-04T15:01:19+00:00","mainEntityOfPage":{"@id":"https:\/\/www.bio-des-alberes.fr\/epicerie-bio-pres-de-villemolaque\/"},"wordCount":886,"publisher":{"@id":"https:\/\/www.bio-des-alberes.fr\/#organization"},"image":{"@id":"https:\/\/www.bio-des-alberes.fr\/epicerie-bio-pres-de-villemolaque\/#primaryimage"},"thumbnailUrl":"https:\/\/www.bio-des-alberes.fr\/wp-content\/uploads\/2024\/12\/Bio-des-alberes-legumes-tomates-bio-au-meilleur-prix-scaled.jpg","articleSection":["Au Bio des Alb\u00e8res"],"inLanguage":"es"},{"@type":"WebPage","@id":"https:\/\/www.bio-des-alberes.fr\/epicerie-bio-pres-de-villemolaque\/","url":"https:\/\/www.bio-des-alberes.fr\/epicerie-bio-pres-de-villemolaque\/","name":"\u00e9picerie bio pr\u00e8s de villemolaque","isPartOf":{"@id":"https:\/\/www.bio-des-alberes.fr\/#website"},"primaryImageOfPage":{"@id":"https:\/\/www.bio-des-alberes.fr\/epicerie-bio-pres-de-villemolaque\/#primaryimage"},"image":{"@id":"https:\/\/www.bio-des-alberes.fr\/epicerie-bio-pres-de-villemolaque\/#primaryimage"},"thumbnailUrl":"https:\/\/www.bio-des-alberes.fr\/wp-content\/uploads\/2024\/12\/Bio-des-alberes-legumes-tomates-bio-au-meilleur-prix-scaled.jpg","datePublished":"2025-06-04T15:01:19+00:00","description":"D\u00e9couvrez Bio des Alb\u00e8res, votre \u00e9picerie bio pr\u00e8s de villemolaque. Fruits et l\u00e9gumes, pain au levain. Le meilleur du bio pr\u00e8s de chez vous !","breadcrumb":{"@id":"https:\/\/www.bio-des-alberes.fr\/epicerie-bio-pres-de-villemolaque\/#breadcrumb"},"inLanguage":"es","potentialAction":[{"@type":"ReadAction","target":["https:\/\/www.bio-des-alberes.fr\/epicerie-bio-pres-de-villemolaque\/"]}]},{"@type":"ImageObject","inLanguage":"es","@id":"https:\/\/www.bio-des-alberes.fr\/epicerie-bio-pres-de-villemolaque\/#primaryimage","url":"https:\/\/www.bio-des-alberes.fr\/wp-content\/uploads\/2024\/12\/Bio-des-alberes-legumes-tomates-bio-au-meilleur-prix-scaled.jpg","contentUrl":"https:\/\/www.bio-des-alberes.fr\/wp-content\/uploads\/2024\/12\/Bio-des-alberes-legumes-tomates-bio-au-meilleur-prix-scaled.jpg","width":2560,"height":1707,"caption":"SAMSUNG CSC"},{"@type":"BreadcrumbList","@id":"https:\/\/www.bio-des-alberes.fr\/epicerie-bio-pres-de-villemolaque\/#breadcrumb","itemListElement":[{"@type":"ListItem","position":1,"name":"Accueil","item":"https:\/\/www.bio-des-alberes.fr\/"},{"@type":"ListItem","position":2,"name":"Bio des Alb\u00e8res : votre \u00e9picerie bio pr\u00e8s de villemolaque"}]},{"@type":"WebSite","@id":"https:\/\/www.bio-des-alberes.fr\/#website","url":"https:\/\/www.bio-des-alberes.fr\/","name":"Bio 66 - Magasin bio des Alberes","description":"Fruits et l&eacute;gumes bio, produits locaux, &eacute;picerie fine","publisher":{"@id":"https:\/\/www.bio-des-alberes.fr\/#organization"},"potentialAction":[{"@type":"SearchAction","target":{"@type":"EntryPoint","urlTemplate":"https:\/\/www.bio-des-alberes.fr\/?s={search_term_string}"},"query-input":{"@type":"PropertyValueSpecification","valueRequired":true,"valueName":"search_term_string"}}],"inLanguage":"es"},{"@type":"Organization","@id":"https:\/\/www.bio-des-alberes.fr\/#organization","name":"Bio des Alb\u00e8res","url":"https:\/\/www.bio-des-alberes.fr\/","logo":{"@type":"ImageObject","inLanguage":"es","@id":"https:\/\/www.bio-des-alberes.fr\/#\/schema\/logo\/image\/","url":"https:\/\/www.bio-des-alberes.fr\/wp-content\/uploads\/2024\/12\/bio-des-alberes-logo2.png","contentUrl":"https:\/\/www.bio-des-alberes.fr\/wp-content\/uploads\/2024\/12\/bio-des-alberes-logo2.png","width":803,"height":466,"caption":"Bio des Alb\u00e8res"},"image":{"@id":"https:\/\/www.bio-des-alberes.fr\/#\/schema\/logo\/image\/"},"sameAs":["https:\/\/www.facebook.com\/p\/Le-bio-des-Albres-61568067446958\/"]},{"@type":"Person","@id":"https:\/\/www.bio-des-alberes.fr\/#\/schema\/person\/b207a14ba23699a080c323ee040eca00","name":"biodesalberes","image":{"@type":"ImageObject","inLanguage":"es","@id":"https:\/\/www.bio-des-alberes.fr\/#\/schema\/person\/image\/","url":"https:\/\/secure.gravatar.com\/avatar\/6039bbfc6c375e9adfea50b5dfc6bb7c8c601a03cbf0f44a5db56f0a0eead0b8?s=96&d=mm&r=g","contentUrl":"https:\/\/secure.gravatar.com\/avatar\/6039bbfc6c375e9adfea50b5dfc6bb7c8c601a03cbf0f44a5db56f0a0eead0b8?s=96&d=mm&r=g","caption":"biodesalberes"},"sameAs":["https:\/\/www.bio-des-alberes.fr"],"url":"https:\/\/www.bio-des-alberes.fr\/es\/author\/biodesalberes\/"}]}},"_links":{"self":[{"href":"https:\/\/www.bio-des-alberes.fr\/es\/wp-json\/wp\/v2\/posts\/2060","targetHints":{"allow":["GET"]}}],"collection":[{"href":"https:\/\/www.bio-des-alberes.fr\/es\/wp-json\/wp\/v2\/posts"}],"about":[{"href":"https:\/\/www.bio-des-alberes.fr\/es\/wp-json\/wp\/v2\/types\/post"}],"author":[{"embeddable":true,"href":"https:\/\/www.bio-des-alberes.fr\/es\/wp-json\/wp\/v2\/users\/1"}],"replies":[{"embeddable":true,"href":"https:\/\/www.bio-des-alberes.fr\/es\/wp-json\/wp\/v2\/comments?post=2060"}],"version-history":[{"count":0,"href":"https:\/\/www.bio-des-alberes.fr\/es\/wp-json\/wp\/v2\/posts\/2060\/revisions"}],"wp:featuredmedia":[{"embeddable":true,"href":"https:\/\/www.bio-des-alberes.fr\/es\/wp-json\/wp\/v2\/media\/89"}],"wp:attachment":[{"href":"https:\/\/www.bio-des-alberes.fr\/es\/wp-json\/wp\/v2\/media?parent=2060"}],"wp:term":[{"taxonomy":"category","embeddable":true,"href":"https:\/\/www.bio-des-alberes.fr\/es\/wp-json\/wp\/v2\/categories?post=2060"},{"taxonomy":"post_tag","embeddable":true,"href":"https:\/\/www.bio-des-alberes.fr\/es\/wp-json\/wp\/v2\/tags?post=2060"}],"curies":[{"name":"wp","href":"https:\/\/api.w.org\/{rel}","templated":true}]}}