{"id":10007,"date":"2025-09-11T16:43:09","date_gmt":"2025-09-11T16:43:09","guid":{"rendered":"https:\/\/www.bio-des-alberes.fr\/?p=10002"},"modified":"2025-09-19T00:22:54","modified_gmt":"2025-09-19T00:22:54","slug":"biocoop-argeles-alternative-bio-alberes-2","status":"publish","type":"post","link":"https:\/\/www.bio-des-alberes.fr\/nl\/biocoop-argeles-alternative-bio-alberes-2\/","title":{"rendered":"Biocoop Argel\u00e8s: ontdek een lokaal alternatief met Bio des Alb\u00e8res"},"content":{"rendered":"<p data-start=\"348\" data-end=\"824\">U bent op zoek naar <strong data-start=\"362\" data-end=\"381\">Biocoop Argel\u00e8s<\/strong> voor uw biologische boodschappen? Neem voordat u naar een grote landelijke winkelketen gaat de tijd om het volgende te ontdekken <strong data-start=\"492\" data-end=\"511\">Bio des Alb\u00e8res<\/strong>, uw lokale alternatief in Laroque des Alb\u00e8res, op minder dan 15 minuten van Argel\u00e8s-sur-Mer. Er bestaan geen biologische producten die los staan van de lokale omgeving: wij werken samen met onze lokale partners. <strong data-start=\"682\" data-end=\"701\">kortsluitingen<\/strong>, Wij betalen onze producenten eerlijk en bieden een consistente selectie biologische, seizoensgebonden en ambachtelijke producten.<\/p>\n<hr data-start=\"826\" data-end=\"829\" \/>\n<h2 data-start=\"831\" data-end=\"888\">Waarom Biocoop Argel\u00e8s en Bio des Alb\u00e8res vergelijken?<\/h2>\n<p data-start=\"889\" data-end=\"1190\">Veel consumenten typen \u201c<strong data-start=\"923\" data-end=\"942\">Biocoop Argel\u00e8s<\/strong>\u201dEn dat is logisch: een nationaal merk heeft een hoog profiel. En dat is logisch: een nationaal merk heeft een hoog profiel. Maar achter deze etalage schuilt een gecentraliseerde organisatie die niet altijd de lokale waarden weerspiegelt.<\/p>\n<p data-start=\"1192\" data-end=\"1476\">Op <strong data-start=\"1197\" data-end=\"1216\">Bio des Alb\u00e8res<\/strong>, Wij werken anders. Wij maken geen gebruik van een grote inkoopcentrale: wij werken rechtstreeks met lokale producenten. Dit garandeert <strong data-start=\"1367\" data-end=\"1389\">duidelijke traceerbaarheid<\/strong>, een beter rendement voor boeren en een <strong data-start=\"1447\" data-end=\"1473\">onvergelijkbare versheid<\/strong>.<\/p>\n<hr data-start=\"1478\" data-end=\"1481\" \/>\n<h2 data-start=\"1483\" data-end=\"1535\">Bio des Alb\u00e8res: kortsluiting en authenticiteit<\/h2>\n<h3 data-start=\"1536\" data-end=\"1560\">Een directe relatie<\/h3>\n<p data-start=\"1561\" data-end=\"1753\">Onze filosofie is gebaseerd op echte menselijke interactie. Onze leveranciers zijn niet zomaar nummers op een spreadsheet: het zijn boeren, bakkers en imkers die we kennen.<\/p>\n<h3 data-start=\"1755\" data-end=\"1791\">De koolstofvoetafdruk verkleinen<\/h3>\n<p data-start=\"1792\" data-end=\"1998\">Waar <strong data-start=\"1798\" data-end=\"1817\">Biocoop Argel\u00e8s<\/strong> is gebaseerd op nationale logistiek, verminderen we het aantal tussenpersonen en de afstand die uw voedsel aflegt. Het resultaat: een beperkte CO2-voetafdruk en behoud van smaak.<\/p>\n<hr data-start=\"2000\" data-end=\"2003\" \/>\n<h2 data-start=\"2005\" data-end=\"2035\">Producenten beter betaald<\/h2>\n<p data-start=\"2036\" data-end=\"2278\">Bij Bio des Alb\u00e8res geloven we dat een eerlijke prijs de sleutel is om de landbouw in leven te houden. De grote netwerken proberen hun marges op nationale schaal in evenwicht te houden, wat vaak ten koste gaat van het inkomen van de producenten.<\/p>\n<p data-start=\"2280\" data-end=\"2438\">Wij doen het tegenovergestelde. Elke euro die u bij ons uitgeeft, gaat naar <strong data-start=\"2357\" data-end=\"2435\">een lokale boerderij, ambachtelijke werkplaats of ge\u00ebngageerde bakkerij ondersteunen<\/strong>.<\/p>\n<hr data-start=\"2440\" data-end=\"2443\" \/>\n<h2 data-start=\"2445\" data-end=\"2475\">Een consistente biologische selectie<\/h2>\n<h3 data-start=\"2476\" data-end=\"2503\">Geen sterk bewerkte voedingsmiddelen<\/h3>\n<p data-start=\"2504\" data-end=\"2574\">Wij weigeren producten te accepteren die vermomd \u201cbiologisch\u201d zijn, maar die ultraverwerkt zijn.<\/p>\n<h3 data-start=\"2576\" data-end=\"2609\">Eenvoudige, authentieke producten<\/h3>\n<ul data-start=\"2610\" data-end=\"2963\">\n<li data-start=\"2610\" data-end=\"2699\">\n<p data-start=\"2612\" data-end=\"2699\"><strong data-start=\"2612\" data-end=\"2643\">Seizoensfruit en -groenten<\/strong> geoogst in de vlaktes van de Alb\u00e8res en de Roussillon.<\/p>\n<\/li>\n<li data-start=\"2700\" data-end=\"2774\">\n<p data-start=\"2702\" data-end=\"2774\"><strong data-start=\"2702\" data-end=\"2720\">Zuurdesembrood<\/strong> Ambachtelijke, langzame fermentatie, lokaal biologisch meel.<\/p>\n<\/li>\n<li data-start=\"2775\" data-end=\"2843\">\n<p data-start=\"2777\" data-end=\"2843\"><strong data-start=\"2777\" data-end=\"2793\">Biologische kruidenierswinkel<\/strong> Peulvruchten, meel, olie, gedroogde producten.<\/p>\n<\/li>\n<li data-start=\"2844\" data-end=\"2906\">\n<p data-start=\"2846\" data-end=\"2906\"><strong data-start=\"2846\" data-end=\"2873\">Verse producten van de boerderij<\/strong> Kaas, yoghurt, zuivelproducten.<\/p>\n<\/li>\n<li data-start=\"2907\" data-end=\"2963\">\n<p data-start=\"2909\" data-end=\"2963\"><strong data-start=\"2909\" data-end=\"2932\">Honing en jam<\/strong> van kleine producenten.<\/p>\n<\/li>\n<\/ul>\n<hr data-start=\"2965\" data-end=\"2968\" \/>\n<h2 data-start=\"2970\" data-end=\"3021\">Concrete voordelen ten opzichte van Biocoop Argel\u00e8s<\/h2>\n<ul data-start=\"3022\" data-end=\"3385\">\n<li data-start=\"3022\" data-end=\"3101\">\n<p data-start=\"3024\" data-end=\"3101\"><strong data-start=\"3024\" data-end=\"3037\">Nabijheid<\/strong> 10-15 minuten van Argel\u00e8s, gemakkelijke toegang en gratis parkeergelegenheid.<\/p>\n<\/li>\n<li data-start=\"3102\" data-end=\"3166\">\n<p data-start=\"3104\" data-end=\"3166\"><strong data-start=\"3104\" data-end=\"3120\">Vriendelijk<\/strong> Een persoonlijk welkom en een familiaire sfeer.<\/p>\n<\/li>\n<li data-start=\"3167\" data-end=\"3243\">\n<p data-start=\"3169\" data-end=\"3243\"><strong data-start=\"3169\" data-end=\"3185\">Transparantie<\/strong> De oorsprong van de getoonde producten en de producenten die worden vermeld.<\/p>\n<\/li>\n<li data-start=\"3244\" data-end=\"3312\">\n<p data-start=\"3246\" data-end=\"3312\"><strong data-start=\"3246\" data-end=\"3257\">Ethiek<\/strong> korte distributiekanalen, seizoensgebondenheid, beperkte verpakking.<\/p>\n<\/li>\n<li data-start=\"3313\" data-end=\"3385\">\n<p data-start=\"3315\" data-end=\"3385\"><strong data-start=\"3315\" data-end=\"3330\">Redelijke prijzen<\/strong> concurrerend dankzij de vermindering van tussenpersonen.<\/p>\n<\/li>\n<\/ul>\n<hr data-start=\"3387\" data-end=\"3390\" \/>\n<h2 data-start=\"3392\" data-end=\"3420\">Routebeschrijving vanuit Argel\u00e8s<\/h2>\n<p data-start=\"3421\" data-end=\"3684\">Vanuit het centrum van Argel\u00e8s-sur-Mer neemt u de D914 richting Saint-Genis-des-Fontaines. In minder dan 15 minuten bent u bij Bio des Alb\u00e8res. U dacht dat u naar <strong data-start=\"3603\" data-end=\"3622\">Biocoop Argel\u00e8s<\/strong> ? Neem een afleiding en probeer een humaner alternatief.<\/p>\n<hr data-start=\"3686\" data-end=\"3689\" \/>\n<h2 data-start=\"3691\" data-end=\"3713\">Gedetailleerde vergelijking<\/h2>\n<div class=\"_tableContainer_1rjym_1\">\n<div class=\"group w-fit _tableWrapper_1rjym_13 flex flex-col-reverse\" tabindex=\"-1\">\n<table class=\"w-fit min-w-(--thread-content-width)\" data-start=\"3714\" data-end=\"4133\">\n<thead data-start=\"3714\" data-end=\"3761\">\n<tr data-start=\"3714\" data-end=\"3761\">\n<th data-start=\"3714\" data-end=\"3724\" data-col-size=\"sm\">Criteria<\/th>\n<th data-start=\"3724\" data-end=\"3742\" data-col-size=\"sm\">Biocoop Argel\u00e8s<\/th>\n<th data-start=\"3742\" data-end=\"3761\" data-col-size=\"sm\">Bio des Alb\u00e8res<\/th>\n<\/tr>\n<\/thead>\n<tbody data-start=\"3810\" data-end=\"4133\">\n<tr data-start=\"3810\" data-end=\"3863\">\n<td data-start=\"3810\" data-end=\"3821\" data-col-size=\"sm\">Circuits<\/td>\n<td data-start=\"3821\" data-end=\"3844\" data-col-size=\"sm\">Nationale logistiek<\/td>\n<td data-start=\"3844\" data-end=\"3863\" data-col-size=\"sm\">Kortsluiting<\/td>\n<\/tr>\n<tr data-start=\"3864\" data-end=\"3927\">\n<td data-start=\"3864\" data-end=\"3878\" data-col-size=\"sm\">Producenten<\/td>\n<td data-start=\"3878\" data-end=\"3905\" data-col-size=\"sm\">Gecentraliseerde beloning<\/td>\n<td data-start=\"3905\" data-end=\"3927\" data-col-size=\"sm\">Gegarandeerd een eerlijke prijs<\/td>\n<\/tr>\n<tr data-start=\"3928\" data-end=\"4008\">\n<td data-start=\"3928\" data-end=\"3940\" data-col-size=\"sm\">Selectie<\/td>\n<td data-start=\"3940\" data-end=\"3978\" data-col-size=\"sm\">Grote, soms inconsistente catalogus<\/td>\n<td data-start=\"3978\" data-end=\"4008\" data-col-size=\"sm\">Een kleine maar coherente keuze<\/td>\n<\/tr>\n<tr data-start=\"4009\" data-end=\"4059\">\n<td data-start=\"4009\" data-end=\"4027\" data-col-size=\"sm\">Relaties met klanten<\/td>\n<td data-start=\"4027\" data-end=\"4042\" data-col-size=\"sm\">Gestandaardiseerd<\/td>\n<td data-start=\"4042\" data-end=\"4059\" data-col-size=\"sm\">Aangepast<\/td>\n<\/tr>\n<tr data-start=\"4060\" data-end=\"4133\">\n<td data-start=\"4060\" data-end=\"4075\" data-col-size=\"sm\">Lokaal effect<\/td>\n<td data-start=\"4075\" data-end=\"4096\" data-col-size=\"sm\">Nationale verdunning<\/td>\n<td data-start=\"4096\" data-end=\"4133\" data-col-size=\"sm\">Directe steun voor lokale boerderijen<\/td>\n<\/tr>\n<\/tbody>\n<\/table>\n<\/div>\n<\/div>\n<hr data-start=\"4135\" data-end=\"4138\" \/>\n<h2 data-start=\"4140\" data-end=\"4185\">Tips voor slimme biologische consumptie<\/h2>\n<ol data-start=\"4186\" data-end=\"4525\">\n<li data-start=\"4186\" data-end=\"4252\">\n<p data-start=\"4189\" data-end=\"4252\"><strong data-start=\"4189\" data-end=\"4214\">Focus op het seizoen<\/strong> beste kwaliteit, beste prijs.<\/p>\n<\/li>\n<li data-start=\"4253\" data-end=\"4336\">\n<p data-start=\"4256\" data-end=\"4336\"><strong data-start=\"4256\" data-end=\"4279\">Lees de etiketten<\/strong> Biologisch betekent niet gezond als het ultraverwerkt is.<\/p>\n<\/li>\n<li data-start=\"4337\" data-end=\"4397\">\n<p data-start=\"4340\" data-end=\"4397\"><strong data-start=\"4340\" data-end=\"4362\">Lokale producten bevoordelen<\/strong> Minder impact op het milieu.<\/p>\n<\/li>\n<li data-start=\"4398\" data-end=\"4453\">\n<p data-start=\"4401\" data-end=\"4453\"><strong data-start=\"4401\" data-end=\"4426\">Uw boodschappen plannen<\/strong> Afval beperken.<\/p>\n<\/li>\n<li data-start=\"4454\" data-end=\"4525\">\n<p data-start=\"4457\" data-end=\"4525\"><strong data-start=\"4457\" data-end=\"4491\">Ontdek nieuwe producten<\/strong> diversifieer uw voeding.<\/p>\n<\/li>\n<\/ol>\n<hr data-start=\"4527\" data-end=\"4530\" \/>\n<h2 data-start=\"4532\" data-end=\"4562\">Veelvoorkomende fouten die u moet vermijden<\/h2>\n<ul data-start=\"4563\" data-end=\"4749\">\n<li data-start=\"4563\" data-end=\"4613\">\n<p data-start=\"4565\" data-end=\"4613\">Denken dat alle biologische merken hetzelfde zijn.<\/p>\n<\/li>\n<li data-start=\"4614\" data-end=\"4638\">\n<p data-start=\"4616\" data-end=\"4638\">Buiten het seizoen kopen.<\/p>\n<\/li>\n<li data-start=\"4639\" data-end=\"4694\">\n<p data-start=\"4641\" data-end=\"4694\">Geloven dat \u201cgoedkoper\u201d per definitie duurzamer is.<\/p>\n<\/li>\n<li data-start=\"4695\" data-end=\"4749\">\n<p data-start=\"4697\" data-end=\"4749\">Vergeet de echte herkomst van producten te controleren.<\/p>\n<\/li>\n<\/ul>\n<hr data-start=\"4751\" data-end=\"4754\" \/>\n<h2 data-start=\"4756\" data-end=\"4775\">Beste praktijk<\/h2>\n<ul data-start=\"4776\" data-end=\"4981\">\n<li data-start=\"4776\" data-end=\"4831\">\n<p data-start=\"4778\" data-end=\"4831\">Introduceer elke week een nieuw lokaal product.<\/p>\n<\/li>\n<li data-start=\"4832\" data-end=\"4872\">\n<p data-start=\"4834\" data-end=\"4872\">Varieer met granen en peulvruchten.<\/p>\n<\/li>\n<li data-start=\"4873\" data-end=\"4911\">\n<p data-start=\"4875\" data-end=\"4911\">Opnieuw leren om eenvoudig te koken.<\/p>\n<\/li>\n<li data-start=\"4912\" data-end=\"4981\">\n<p data-start=\"4914\" data-end=\"4981\">Herintroduceer fermentatie (zuurdesem, lacto-fermentatie).<\/p>\n<\/li>\n<\/ul>\n<hr data-start=\"4983\" data-end=\"4986\" \/>\n<h2 data-start=\"4988\" data-end=\"4994\">FAQ<\/h2>\n<h3 data-start=\"4995\" data-end=\"5054\">Is Bio des Alb\u00e8res goedkoper dan Biocoop Argel\u00e8s?<\/h3>\n<p data-start=\"5055\" data-end=\"5163\">Niet altijd, maar wij garanderen prijzen <strong data-start=\"5101\" data-end=\"5111\">gewoon<\/strong> en vaak concurrerend dankzij korte distributiekanalen.<\/p>\n<h3 data-start=\"5165\" data-end=\"5215\">Biedt u alleen lokale producten aan?<\/h3>\n<p data-start=\"5216\" data-end=\"5362\">Onze prioriteit is lokaal. Voor producten die niet hier geproduceerd kunnen worden (koffie, thee, citrusvruchten), werken we samen met toegewijde biologische leveranciers.<\/p>\n<h3 data-start=\"5364\" data-end=\"5389\">Waar bent u gevestigd?<\/h3>\n<p data-start=\"5390\" data-end=\"5451\">\u00c0 <strong data-start=\"5392\" data-end=\"5421\">Saint-Genis-des-Fontaines<\/strong>, 10-15 minuten van Argel\u00e8s.<\/p>\n<h3 data-start=\"5453\" data-end=\"5478\">Bulkt u?<\/h3>\n<p data-start=\"5479\" data-end=\"5558\">Ja, als het zinvol is om oververpakking te voorkomen en kwaliteit te garanderen.<\/p>\n<hr data-start=\"5560\" data-end=\"5563\" \/>\n<h2 data-start=\"5565\" data-end=\"5578\">Conclusie<\/h2>\n<p data-start=\"5579\" data-end=\"5833\">Als u op zoek bent naar <strong data-start=\"5596\" data-end=\"5615\">Biocoop Argel\u00e8s<\/strong>, er is een alternatief: <strong data-start=\"5652\" data-end=\"5671\">Bio des Alb\u00e8res<\/strong>. Dichterbij, transparanter en ethischer. Kom en ontdek een onafhankelijke biologische winkel die authentieke waarden verdedigt en zin geeft aan uw boodschappen.<\/p>\n<p data-start=\"6249\" data-end=\"6290\">","protected":false},"excerpt":{"rendered":"<p>Vous cherchez Biocoop Argel\u00e8s pour vos courses bio ? Avant de vous arr\u00eater dans une grande enseigne nationale, prenez le temps de d\u00e9couvrir Bio des Alb\u00e8res, votre alternative locale situ\u00e9e \u00e0 Laroque des Alb\u00e8res, \u00e0 moins de 15 minutes d\u2019Argel\u00e8s-sur-Mer. Ici, pas de bio d\u00e9connect\u00e9 de son territoire : nous travaillons en circuits courts, r\u00e9mun\u00e9rons [&hellip;]<\/p>\n","protected":false},"author":1,"featured_media":22,"comment_status":"closed","ping_status":"closed","sticky":false,"template":"","format":"standard","meta":{"_et_pb_use_builder":"","_et_pb_old_content":"","_et_gb_content_width":"1080","footnotes":""},"categories":[10,9],"tags":[11,12,13],"class_list":["post-10007","post","type-post","status-publish","format-standard","has-post-thumbnail","hentry","category-argeles-sur-mer","category-magasin-bio","tag-biocoop-argeles","tag-circuits-courts","tag-producteurs-locaux"],"yoast_head":"<!-- This site is optimized with the Yoast SEO plugin v26.2 - https:\/\/yoast.com\/wordpress\/plugins\/seo\/ -->\n<title>Biocoop Argel\u00e8s : d\u00e9couvrez une alternative locale<\/title>\n<meta name=\"description\" content=\"Vous cherchez Biocoop Argel\u00e8s ? D\u00e9couvrez Bio des Alb\u00e8res : circuits courts, producteurs locaux mieux r\u00e9mun\u00e9r\u00e9s, produits bio authentiques\" \/>\n<meta name=\"robots\" content=\"index, follow, max-snippet:-1, max-image-preview:large, max-video-preview:-1\" \/>\n<link rel=\"canonical\" href=\"https:\/\/www.bio-des-alberes.fr\/nl\/biocoop-argeles-alternative-bio-alberes\/\" \/>\n<meta property=\"og:locale\" content=\"nl_NL\" \/>\n<meta property=\"og:type\" content=\"article\" \/>\n<meta property=\"og:title\" content=\"Biocoop Argel\u00e8s : d\u00e9couvrez une alternative locale\" \/>\n<meta property=\"og:description\" content=\"Vous cherchez Biocoop Argel\u00e8s ? D\u00e9couvrez Bio des Alb\u00e8res : circuits courts, producteurs locaux mieux r\u00e9mun\u00e9r\u00e9s, produits bio authentiques\" \/>\n<meta property=\"og:url\" content=\"https:\/\/www.bio-des-alberes.fr\/nl\/biocoop-argeles-alternative-bio-alberes\/\" \/>\n<meta property=\"og:site_name\" content=\"Bio des Alb\u00e8res\" \/>\n<meta property=\"article:publisher\" content=\"https:\/\/www.facebook.com\/p\/Le-bio-des-Albres-61568067446958\/\" \/>\n<meta property=\"article:published_time\" content=\"2025-09-11T16:43:09+00:00\" \/>\n<meta property=\"article:modified_time\" content=\"2025-09-19T00:22:54+00:00\" \/>\n<meta property=\"og:image\" content=\"https:\/\/www.bio-des-alberes.fr\/wp-content\/uploads\/2024\/12\/food-coop-3.jpg\" \/>\n\t<meta property=\"og:image:width\" content=\"1280\" \/>\n\t<meta property=\"og:image:height\" content=\"550\" \/>\n\t<meta property=\"og:image:type\" content=\"image\/jpeg\" \/>\n<meta name=\"author\" content=\"biodesalberes\" \/>\n<meta name=\"twitter:card\" content=\"summary_large_image\" \/>\n<meta name=\"twitter:label1\" content=\"Geschreven door\" \/>\n\t<meta name=\"twitter:data1\" content=\"biodesalberes\" \/>\n\t<meta name=\"twitter:label2\" content=\"Verwachte leestijd\" \/>\n\t<meta name=\"twitter:data2\" content=\"4 minuten\" \/>\n<script type=\"application\/ld+json\" class=\"yoast-schema-graph\">{\"@context\":\"https:\/\/schema.org\",\"@graph\":[{\"@type\":\"Article\",\"@id\":\"https:\/\/www.bio-des-alberes.fr\/biocoop-argeles-alternative-bio-alberes\/#article\",\"isPartOf\":{\"@id\":\"https:\/\/www.bio-des-alberes.fr\/biocoop-argeles-alternative-bio-alberes-2\/\"},\"author\":{\"name\":\"biodesalberes\",\"@id\":\"https:\/\/www.bio-des-alberes.fr\/#\/schema\/person\/b207a14ba23699a080c323ee040eca00\"},\"headline\":\"Biocoop Argel\u00e8s : d\u00e9couvrez une alternative locale avec Bio des Alb\u00e8res\",\"datePublished\":\"2025-09-11T16:43:09+00:00\",\"dateModified\":\"2025-09-19T00:22:54+00:00\",\"mainEntityOfPage\":{\"@id\":\"https:\/\/www.bio-des-alberes.fr\/biocoop-argeles-alternative-bio-alberes-2\/\"},\"wordCount\":811,\"publisher\":{\"@id\":\"https:\/\/www.bio-des-alberes.fr\/#organization\"},\"image\":{\"@id\":\"https:\/\/www.bio-des-alberes.fr\/biocoop-argeles-alternative-bio-alberes\/#primaryimage\"},\"thumbnailUrl\":\"https:\/\/www.bio-des-alberes.fr\/wp-content\/uploads\/2024\/12\/food-coop-3.jpg\",\"keywords\":[\"Biocoop Argel\u00e8s\",\"Circuits courts\",\"Producteurs locaux\"],\"articleSection\":[\"Argel\u00e8s-sur-Mer\",\"Magasin bio\"],\"inLanguage\":\"nl-NL\"},{\"@type\":\"WebPage\",\"@id\":\"https:\/\/www.bio-des-alberes.fr\/biocoop-argeles-alternative-bio-alberes-2\/\",\"url\":\"https:\/\/www.bio-des-alberes.fr\/biocoop-argeles-alternative-bio-alberes\/\",\"name\":\"Biocoop Argel\u00e8s : d\u00e9couvrez une alternative locale\",\"isPartOf\":{\"@id\":\"https:\/\/www.bio-des-alberes.fr\/#website\"},\"primaryImageOfPage\":{\"@id\":\"https:\/\/www.bio-des-alberes.fr\/biocoop-argeles-alternative-bio-alberes\/#primaryimage\"},\"image\":{\"@id\":\"https:\/\/www.bio-des-alberes.fr\/biocoop-argeles-alternative-bio-alberes\/#primaryimage\"},\"thumbnailUrl\":\"https:\/\/www.bio-des-alberes.fr\/wp-content\/uploads\/2024\/12\/food-coop-3.jpg\",\"datePublished\":\"2025-09-11T16:43:09+00:00\",\"dateModified\":\"2025-09-19T00:22:54+00:00\",\"description\":\"Vous cherchez Biocoop Argel\u00e8s ? D\u00e9couvrez Bio des Alb\u00e8res : circuits courts, producteurs locaux mieux r\u00e9mun\u00e9r\u00e9s, produits bio authentiques\",\"breadcrumb\":{\"@id\":\"https:\/\/www.bio-des-alberes.fr\/biocoop-argeles-alternative-bio-alberes\/#breadcrumb\"},\"inLanguage\":\"nl-NL\",\"potentialAction\":[{\"@type\":\"ReadAction\",\"target\":[\"https:\/\/www.bio-des-alberes.fr\/biocoop-argeles-alternative-bio-alberes\/\"]}]},{\"@type\":\"ImageObject\",\"inLanguage\":\"nl-NL\",\"@id\":\"https:\/\/www.bio-des-alberes.fr\/biocoop-argeles-alternative-bio-alberes\/#primaryimage\",\"url\":\"https:\/\/www.bio-des-alberes.fr\/wp-content\/uploads\/2024\/12\/food-coop-3.jpg\",\"contentUrl\":\"https:\/\/www.bio-des-alberes.fr\/wp-content\/uploads\/2024\/12\/food-coop-3.jpg\",\"width\":1280,\"height\":550},{\"@type\":\"BreadcrumbList\",\"@id\":\"https:\/\/www.bio-des-alberes.fr\/biocoop-argeles-alternative-bio-alberes\/#breadcrumb\",\"itemListElement\":[{\"@type\":\"ListItem\",\"position\":1,\"name\":\"Accueil\",\"item\":\"https:\/\/www.bio-des-alberes.fr\/\"},{\"@type\":\"ListItem\",\"position\":2,\"name\":\"Biocoop Argel\u00e8s : d\u00e9couvrez une alternative locale avec Bio des Alb\u00e8res\"}]},{\"@type\":\"WebSite\",\"@id\":\"https:\/\/www.bio-des-alberes.fr\/#website\",\"url\":\"https:\/\/www.bio-des-alberes.fr\/\",\"name\":\"Bio 66 - Magasin bio des Alberes\",\"description\":\"Fruits et l&eacute;gumes bio, produits locaux, &eacute;picerie fine\",\"publisher\":{\"@id\":\"https:\/\/www.bio-des-alberes.fr\/#organization\"},\"potentialAction\":[{\"@type\":\"SearchAction\",\"target\":{\"@type\":\"EntryPoint\",\"urlTemplate\":\"https:\/\/www.bio-des-alberes.fr\/?s={search_term_string}\"},\"query-input\":{\"@type\":\"PropertyValueSpecification\",\"valueRequired\":true,\"valueName\":\"search_term_string\"}}],\"inLanguage\":\"nl-NL\"},{\"@type\":\"Organization\",\"@id\":\"https:\/\/www.bio-des-alberes.fr\/#organization\",\"name\":\"Bio des Alb\u00e8res\",\"url\":\"https:\/\/www.bio-des-alberes.fr\/\",\"logo\":{\"@type\":\"ImageObject\",\"inLanguage\":\"nl-NL\",\"@id\":\"https:\/\/www.bio-des-alberes.fr\/#\/schema\/logo\/image\/\",\"url\":\"https:\/\/www.bio-des-alberes.fr\/wp-content\/uploads\/2024\/12\/bio-des-alberes-logo2.png\",\"contentUrl\":\"https:\/\/www.bio-des-alberes.fr\/wp-content\/uploads\/2024\/12\/bio-des-alberes-logo2.png\",\"width\":803,\"height\":466,\"caption\":\"Bio des Alb\u00e8res\"},\"image\":{\"@id\":\"https:\/\/www.bio-des-alberes.fr\/#\/schema\/logo\/image\/\"},\"sameAs\":[\"https:\/\/www.facebook.com\/p\/Le-bio-des-Albres-61568067446958\/\"]},{\"@type\":\"Person\",\"@id\":\"https:\/\/www.bio-des-alberes.fr\/#\/schema\/person\/b207a14ba23699a080c323ee040eca00\",\"name\":\"biodesalberes\",\"image\":{\"@type\":\"ImageObject\",\"inLanguage\":\"nl-NL\",\"@id\":\"https:\/\/www.bio-des-alberes.fr\/#\/schema\/person\/image\/\",\"url\":\"https:\/\/secure.gravatar.com\/avatar\/6039bbfc6c375e9adfea50b5dfc6bb7c8c601a03cbf0f44a5db56f0a0eead0b8?s=96&d=mm&r=g\",\"contentUrl\":\"https:\/\/secure.gravatar.com\/avatar\/6039bbfc6c375e9adfea50b5dfc6bb7c8c601a03cbf0f44a5db56f0a0eead0b8?s=96&d=mm&r=g\",\"caption\":\"biodesalberes\"},\"sameAs\":[\"https:\/\/www.bio-des-alberes.fr\"],\"url\":\"https:\/\/www.bio-des-alberes.fr\/nl\/author\/biodesalberes\/\"}]}<\/script>\n<!-- \/ Yoast SEO plugin. -->","yoast_head_json":{"title":"Biocoop Argel\u00e8s : d\u00e9couvrez une alternative locale","description":"Vous cherchez Biocoop Argel\u00e8s ? D\u00e9couvrez Bio des Alb\u00e8res : circuits courts, producteurs locaux mieux r\u00e9mun\u00e9r\u00e9s, produits bio authentiques","robots":{"index":"index","follow":"follow","max-snippet":"max-snippet:-1","max-image-preview":"max-image-preview:large","max-video-preview":"max-video-preview:-1"},"canonical":"https:\/\/www.bio-des-alberes.fr\/nl\/biocoop-argeles-alternative-bio-alberes\/","og_locale":"nl_NL","og_type":"article","og_title":"Biocoop Argel\u00e8s : d\u00e9couvrez une alternative locale","og_description":"Vous cherchez Biocoop Argel\u00e8s ? D\u00e9couvrez Bio des Alb\u00e8res : circuits courts, producteurs locaux mieux r\u00e9mun\u00e9r\u00e9s, produits bio authentiques","og_url":"https:\/\/www.bio-des-alberes.fr\/nl\/biocoop-argeles-alternative-bio-alberes\/","og_site_name":"Bio des Alb\u00e8res","article_publisher":"https:\/\/www.facebook.com\/p\/Le-bio-des-Albres-61568067446958\/","article_published_time":"2025-09-11T16:43:09+00:00","article_modified_time":"2025-09-19T00:22:54+00:00","og_image":[{"width":1280,"height":550,"url":"https:\/\/www.bio-des-alberes.fr\/wp-content\/uploads\/2024\/12\/food-coop-3.jpg","type":"image\/jpeg"}],"author":"biodesalberes","twitter_card":"summary_large_image","twitter_misc":{"Geschreven door":"biodesalberes","Verwachte leestijd":"4 minuten"},"schema":{"@context":"https:\/\/schema.org","@graph":[{"@type":"Article","@id":"https:\/\/www.bio-des-alberes.fr\/biocoop-argeles-alternative-bio-alberes\/#article","isPartOf":{"@id":"https:\/\/www.bio-des-alberes.fr\/biocoop-argeles-alternative-bio-alberes-2\/"},"author":{"name":"biodesalberes","@id":"https:\/\/www.bio-des-alberes.fr\/#\/schema\/person\/b207a14ba23699a080c323ee040eca00"},"headline":"Biocoop Argel\u00e8s : d\u00e9couvrez une alternative locale avec Bio des Alb\u00e8res","datePublished":"2025-09-11T16:43:09+00:00","dateModified":"2025-09-19T00:22:54+00:00","mainEntityOfPage":{"@id":"https:\/\/www.bio-des-alberes.fr\/biocoop-argeles-alternative-bio-alberes-2\/"},"wordCount":811,"publisher":{"@id":"https:\/\/www.bio-des-alberes.fr\/#organization"},"image":{"@id":"https:\/\/www.bio-des-alberes.fr\/biocoop-argeles-alternative-bio-alberes\/#primaryimage"},"thumbnailUrl":"https:\/\/www.bio-des-alberes.fr\/wp-content\/uploads\/2024\/12\/food-coop-3.jpg","keywords":["Biocoop Argel\u00e8s","Circuits courts","Producteurs locaux"],"articleSection":["Argel\u00e8s-sur-Mer","Magasin bio"],"inLanguage":"nl-NL"},{"@type":"WebPage","@id":"https:\/\/www.bio-des-alberes.fr\/biocoop-argeles-alternative-bio-alberes-2\/","url":"https:\/\/www.bio-des-alberes.fr\/biocoop-argeles-alternative-bio-alberes\/","name":"Biocoop Argel\u00e8s : d\u00e9couvrez une alternative locale","isPartOf":{"@id":"https:\/\/www.bio-des-alberes.fr\/#website"},"primaryImageOfPage":{"@id":"https:\/\/www.bio-des-alberes.fr\/biocoop-argeles-alternative-bio-alberes\/#primaryimage"},"image":{"@id":"https:\/\/www.bio-des-alberes.fr\/biocoop-argeles-alternative-bio-alberes\/#primaryimage"},"thumbnailUrl":"https:\/\/www.bio-des-alberes.fr\/wp-content\/uploads\/2024\/12\/food-coop-3.jpg","datePublished":"2025-09-11T16:43:09+00:00","dateModified":"2025-09-19T00:22:54+00:00","description":"Vous cherchez Biocoop Argel\u00e8s ? D\u00e9couvrez Bio des Alb\u00e8res : circuits courts, producteurs locaux mieux r\u00e9mun\u00e9r\u00e9s, produits bio authentiques","breadcrumb":{"@id":"https:\/\/www.bio-des-alberes.fr\/biocoop-argeles-alternative-bio-alberes\/#breadcrumb"},"inLanguage":"nl-NL","potentialAction":[{"@type":"ReadAction","target":["https:\/\/www.bio-des-alberes.fr\/biocoop-argeles-alternative-bio-alberes\/"]}]},{"@type":"ImageObject","inLanguage":"nl-NL","@id":"https:\/\/www.bio-des-alberes.fr\/biocoop-argeles-alternative-bio-alberes\/#primaryimage","url":"https:\/\/www.bio-des-alberes.fr\/wp-content\/uploads\/2024\/12\/food-coop-3.jpg","contentUrl":"https:\/\/www.bio-des-alberes.fr\/wp-content\/uploads\/2024\/12\/food-coop-3.jpg","width":1280,"height":550},{"@type":"BreadcrumbList","@id":"https:\/\/www.bio-des-alberes.fr\/biocoop-argeles-alternative-bio-alberes\/#breadcrumb","itemListElement":[{"@type":"ListItem","position":1,"name":"Accueil","item":"https:\/\/www.bio-des-alberes.fr\/"},{"@type":"ListItem","position":2,"name":"Biocoop Argel\u00e8s : d\u00e9couvrez une alternative locale avec Bio des Alb\u00e8res"}]},{"@type":"WebSite","@id":"https:\/\/www.bio-des-alberes.fr\/#website","url":"https:\/\/www.bio-des-alberes.fr\/","name":"Bio 66 - Magasin bio des Alberes","description":"Fruits et l&eacute;gumes bio, produits locaux, &eacute;picerie fine","publisher":{"@id":"https:\/\/www.bio-des-alberes.fr\/#organization"},"potentialAction":[{"@type":"SearchAction","target":{"@type":"EntryPoint","urlTemplate":"https:\/\/www.bio-des-alberes.fr\/?s={search_term_string}"},"query-input":{"@type":"PropertyValueSpecification","valueRequired":true,"valueName":"search_term_string"}}],"inLanguage":"nl-NL"},{"@type":"Organization","@id":"https:\/\/www.bio-des-alberes.fr\/#organization","name":"Bio des Alb\u00e8res","url":"https:\/\/www.bio-des-alberes.fr\/","logo":{"@type":"ImageObject","inLanguage":"nl-NL","@id":"https:\/\/www.bio-des-alberes.fr\/#\/schema\/logo\/image\/","url":"https:\/\/www.bio-des-alberes.fr\/wp-content\/uploads\/2024\/12\/bio-des-alberes-logo2.png","contentUrl":"https:\/\/www.bio-des-alberes.fr\/wp-content\/uploads\/2024\/12\/bio-des-alberes-logo2.png","width":803,"height":466,"caption":"Bio des Alb\u00e8res"},"image":{"@id":"https:\/\/www.bio-des-alberes.fr\/#\/schema\/logo\/image\/"},"sameAs":["https:\/\/www.facebook.com\/p\/Le-bio-des-Albres-61568067446958\/"]},{"@type":"Person","@id":"https:\/\/www.bio-des-alberes.fr\/#\/schema\/person\/b207a14ba23699a080c323ee040eca00","name":"biodesalberes","image":{"@type":"ImageObject","inLanguage":"nl-NL","@id":"https:\/\/www.bio-des-alberes.fr\/#\/schema\/person\/image\/","url":"https:\/\/secure.gravatar.com\/avatar\/6039bbfc6c375e9adfea50b5dfc6bb7c8c601a03cbf0f44a5db56f0a0eead0b8?s=96&d=mm&r=g","contentUrl":"https:\/\/secure.gravatar.com\/avatar\/6039bbfc6c375e9adfea50b5dfc6bb7c8c601a03cbf0f44a5db56f0a0eead0b8?s=96&d=mm&r=g","caption":"biodesalberes"},"sameAs":["https:\/\/www.bio-des-alberes.fr"],"url":"https:\/\/www.bio-des-alberes.fr\/nl\/author\/biodesalberes\/"}]}},"_links":{"self":[{"href":"https:\/\/www.bio-des-alberes.fr\/nl\/wp-json\/wp\/v2\/posts\/10007","targetHints":{"allow":["GET"]}}],"collection":[{"href":"https:\/\/www.bio-des-alberes.fr\/nl\/wp-json\/wp\/v2\/posts"}],"about":[{"href":"https:\/\/www.bio-des-alberes.fr\/nl\/wp-json\/wp\/v2\/types\/post"}],"author":[{"embeddable":true,"href":"https:\/\/www.bio-des-alberes.fr\/nl\/wp-json\/wp\/v2\/users\/1"}],"replies":[{"embeddable":true,"href":"https:\/\/www.bio-des-alberes.fr\/nl\/wp-json\/wp\/v2\/comments?post=10007"}],"version-history":[{"count":1,"href":"https:\/\/www.bio-des-alberes.fr\/nl\/wp-json\/wp\/v2\/posts\/10007\/revisions"}],"predecessor-version":[{"id":10024,"href":"https:\/\/www.bio-des-alberes.fr\/nl\/wp-json\/wp\/v2\/posts\/10007\/revisions\/10024"}],"wp:featuredmedia":[{"embeddable":true,"href":"https:\/\/www.bio-des-alberes.fr\/nl\/wp-json\/wp\/v2\/media\/22"}],"wp:attachment":[{"href":"https:\/\/www.bio-des-alberes.fr\/nl\/wp-json\/wp\/v2\/media?parent=10007"}],"wp:term":[{"taxonomy":"category","embeddable":true,"href":"https:\/\/www.bio-des-alberes.fr\/nl\/wp-json\/wp\/v2\/categories?post=10007"},{"taxonomy":"post_tag","embeddable":true,"href":"https:\/\/www.bio-des-alberes.fr\/nl\/wp-json\/wp\/v2\/tags?post=10007"}],"curies":[{"name":"wp","href":"https:\/\/api.w.org\/{rel}","templated":true}]}}