{"id":1039,"date":"2024-12-20T15:31:05","date_gmt":"2024-12-20T15:31:05","guid":{"rendered":"https:\/\/www.bio-des-alberes.fr\/achetez-vos-tomme-de-brebis-bio-a-montescot-66114-avec-bio-des-alberes\/"},"modified":"2024-12-20T15:31:05","modified_gmt":"2024-12-20T15:31:05","slug":"achetez-vos-tomme-de-brebis-bio-a-montescot-66114-avec-bio-des-alberes","status":"publish","type":"post","link":"https:\/\/www.bio-des-alberes.fr\/nl\/achetez-vos-tomme-de-brebis-bio-a-montescot-66114-avec-bio-des-alberes\/","title":{"rendered":"Achetez vos Tomme de brebis bio \u00e0 montescot 66114 avec Bio des Alb\u00e8res"},"content":{"rendered":"<p>Bent u op zoek naar <strong>Tomme de brebis de qualit\u00e9 sup\u00e9rieure \u00e0 montescot 66114<\/strong> ? Bio des Alb\u00e8res is er om aan al uw verwachtingen te voldoen. Onze online winkel ligt in het hart van de Pyr\u00e9n\u00e9es-Orientales en biedt een breed assortiment biologische en lokale producten, zorgvuldig geselecteerd om versheid, smaak en respect voor het milieu te garanderen.<\/p>\n<h3><strong>Des Tomme de brebis bio pour un mode de vie sain \u00e0 montescot 66114<\/strong><\/h3>\n<p>Bij Bio des Alb\u00e8res geloven we heilig in de kracht van biologische producten om de gezondheid te verbeteren en de planeet te beschermen. Of u nu in Montescot 66114 woont of in de omgeving, wij hebben een ruime keuze aan biologische producten waaruit u kunt kiezen. <strong>Tomme de brebis<\/strong> voor al uw behoeften:<\/p>\n<ul>\n<li>Van <strong>biologische groenten en fruit<\/strong> vers geoogst.<\/li>\n<li>A <strong>biologische kruidenierswinkel<\/strong> goed bevoorraad met basisproducten.<\/li>\n<li>Van <strong>lokale producten<\/strong> van de beste producenten uit de montescot regio 66114.<\/li>\n<\/ul>\n<h3><strong>Pourquoi choisir Bio des Alb\u00e8res pour vos Tomme de brebis \u00e0 montescot 66114 ?<\/strong><\/h3>\n<p>Wij streven ernaar om :<\/p>\n<ol>\n<li><strong>Gecertificeerde biologische producten<\/strong> : Elk aangeboden product is zorgvuldig geselecteerd.<\/li>\n<li><strong>Redelijke prijzen<\/strong> : Wij werken rechtstreeks met lokale producenten om concurrerende prijzen te kunnen garanderen.<\/li>\n<li><strong>Een onberispelijke klantervaring<\/strong> : Onze teams staan klaar om al uw vragen te beantwoorden over <strong>Tomme de brebis<\/strong> bieden wij aan in montescot 66114.<\/li>\n<\/ol>\n<h3><strong>Onze bestsellers beschikbaar in montescot 66114 :<\/strong><\/h3>\n<p>De bewoners van <strong>montescot 66114<\/strong> houden van onze :<\/p>\n<ul>\n<li><strong>Biologische manden<\/strong> Onze gerechten worden bereid met seizoensproducten.<\/li>\n<li><strong>Natuurlijke cosmetica<\/strong> voor zachte verwennerij.<\/li>\n<li><strong>Glutenvrije en veganistische producten<\/strong> perfect voor alle di\u00ebten.<\/li>\n<\/ul>\n<h3><strong>Eet beter, leef beter in montescot 66114<\/strong><\/h3>\n<p>Door te kiezen voor onze <strong>Tomme de brebis<\/strong>, Door onze producten te kopen, steunt u duurzame, lokale landbouw die de biodiversiteit respecteert. Elke aankoop is een stap naar een gezondere toekomst, voor u en voor de planeet. Bij montescot 66114 zijn onze biologische producten het beste alternatief voor wie op zoek is naar kwaliteit, smaak en respect voor het milieu.<\/p>\n<h3><strong>Commandez d\u00e8s aujourd&rsquo;hui vos Tomme de brebis bio \u00e0 montescot 66114 !<\/strong><\/h3>\n<p>Met Bio des Alb\u00e8res hebt u gemakkelijk toegang tot een breed scala aan <strong>Tomme de brebis<\/strong> bio waar u ook bent in montescot 66114. Blader door onze online winkel en ontdek producten die aan uw waarden en eisen voldoen.<\/p>\n<h3><strong>Conclusion : uw biologische partner in montescot 66114<\/strong><\/h3>\n<p>Wacht niet langer om een gezond dieet en een gezonde levensstijl aan te nemen dankzij Bio des Alb\u00e8res. Of u nu in Montescot 66114 of een naburige stad woont, onze online winkel is er om u te helpen. <a href=\"https:\/\/www.bio-des-alberes.fr\/nl\/contact\/\"><strong>Neem vandaag nog contact met ons op<\/strong><\/a> voor vragen of bestellingen.<\/p>","protected":false},"excerpt":{"rendered":"<p>Vous recherchez des Tomme de brebis de qualit\u00e9 sup\u00e9rieure \u00e0 montescot 66114 ? Bio des Alb\u00e8res est l\u00e0 pour r\u00e9pondre \u00e0 toutes vos attentes. Situ\u00e9e au c\u0153ur des Pyr\u00e9n\u00e9es-Orientales, notre boutique en ligne propose une large gamme de produits bio et locaux, s\u00e9lectionn\u00e9s avec soin pour garantir fra\u00eecheur, go\u00fbt et respect de l\u2019environnement. Des Tomme [&hellip;]<\/p>\n","protected":false},"author":1,"featured_media":45,"comment_status":"closed","ping_status":"closed","sticky":false,"template":"","format":"standard","meta":{"_et_pb_use_builder":"","_et_pb_old_content":"","_et_gb_content_width":"","footnotes":""},"categories":[1],"tags":[],"class_list":["post-1039","post","type-post","status-publish","format-standard","has-post-thumbnail","hentry","category-au-bio-des-alberes"],"yoast_head":"<!-- This site is optimized with the Yoast SEO plugin v26.2 - https:\/\/yoast.com\/wordpress\/plugins\/seo\/ -->\n<title>Tomme de brebis bio \u00e0 montescot 66114<\/title>\n<meta name=\"description\" content=\"D\u00e9couvrez une large gamme de Tomme de brebis bio \u00e0 montescot 66114 avec Bio des Alb\u00e8res. Produits locaux, qualit\u00e9 sup\u00e9rieure et livraison rapide.\" \/>\n<meta name=\"robots\" content=\"index, follow, max-snippet:-1, max-image-preview:large, max-video-preview:-1\" \/>\n<link rel=\"canonical\" href=\"https:\/\/www.bio-des-alberes.fr\/nl\/achetez-vos-tomme-de-brebis-bio-a-montescot-66114-avec-bio-des-alberes\/\" \/>\n<meta property=\"og:locale\" content=\"nl_NL\" \/>\n<meta property=\"og:type\" content=\"article\" \/>\n<meta property=\"og:title\" content=\"Tomme de brebis bio \u00e0 montescot 66114\" \/>\n<meta property=\"og:description\" content=\"D\u00e9couvrez une large gamme de Tomme de brebis bio \u00e0 montescot 66114 avec Bio des Alb\u00e8res. Produits locaux, qualit\u00e9 sup\u00e9rieure et livraison rapide.\" \/>\n<meta property=\"og:url\" content=\"https:\/\/www.bio-des-alberes.fr\/nl\/achetez-vos-tomme-de-brebis-bio-a-montescot-66114-avec-bio-des-alberes\/\" \/>\n<meta property=\"og:site_name\" content=\"Bio des Alb\u00e8res\" \/>\n<meta property=\"article:publisher\" content=\"https:\/\/www.facebook.com\/p\/Le-bio-des-Albres-61568067446958\/\" \/>\n<meta property=\"article:published_time\" content=\"2024-12-20T15:31:05+00:00\" \/>\n<meta property=\"og:image\" content=\"https:\/\/www.bio-des-alberes.fr\/wp-content\/uploads\/2024\/12\/11200012-scaled.jpg\" \/>\n\t<meta property=\"og:image:width\" content=\"2560\" \/>\n\t<meta property=\"og:image:height\" content=\"1707\" \/>\n\t<meta property=\"og:image:type\" content=\"image\/jpeg\" \/>\n<meta name=\"author\" content=\"biodesalberes\" \/>\n<meta name=\"twitter:card\" content=\"summary_large_image\" \/>\n<meta name=\"twitter:label1\" content=\"Geschreven door\" \/>\n\t<meta name=\"twitter:data1\" content=\"biodesalberes\" \/>\n\t<meta name=\"twitter:label2\" content=\"Verwachte leestijd\" \/>\n\t<meta name=\"twitter:data2\" content=\"2 minuten\" \/>\n<script type=\"application\/ld+json\" class=\"yoast-schema-graph\">{\"@context\":\"https:\/\/schema.org\",\"@graph\":[{\"@type\":\"Article\",\"@id\":\"https:\/\/www.bio-des-alberes.fr\/achetez-vos-tomme-de-brebis-bio-a-montescot-66114-avec-bio-des-alberes\/#article\",\"isPartOf\":{\"@id\":\"https:\/\/www.bio-des-alberes.fr\/achetez-vos-tomme-de-brebis-bio-a-montescot-66114-avec-bio-des-alberes\/\"},\"author\":{\"name\":\"biodesalberes\",\"@id\":\"https:\/\/www.bio-des-alberes.fr\/#\/schema\/person\/b207a14ba23699a080c323ee040eca00\"},\"headline\":\"Achetez vos Tomme de brebis bio \u00e0 montescot 66114 avec Bio des Alb\u00e8res\",\"datePublished\":\"2024-12-20T15:31:05+00:00\",\"mainEntityOfPage\":{\"@id\":\"https:\/\/www.bio-des-alberes.fr\/achetez-vos-tomme-de-brebis-bio-a-montescot-66114-avec-bio-des-alberes\/\"},\"wordCount\":445,\"publisher\":{\"@id\":\"https:\/\/www.bio-des-alberes.fr\/#organization\"},\"image\":{\"@id\":\"https:\/\/www.bio-des-alberes.fr\/achetez-vos-tomme-de-brebis-bio-a-montescot-66114-avec-bio-des-alberes\/#primaryimage\"},\"thumbnailUrl\":\"https:\/\/www.bio-des-alberes.fr\/wp-content\/uploads\/2024\/12\/11200012-scaled.jpg\",\"articleSection\":[\"Au Bio des Alb\u00e8res\"],\"inLanguage\":\"nl-NL\"},{\"@type\":\"WebPage\",\"@id\":\"https:\/\/www.bio-des-alberes.fr\/achetez-vos-tomme-de-brebis-bio-a-montescot-66114-avec-bio-des-alberes\/\",\"url\":\"https:\/\/www.bio-des-alberes.fr\/achetez-vos-tomme-de-brebis-bio-a-montescot-66114-avec-bio-des-alberes\/\",\"name\":\"Tomme de brebis bio \u00e0 montescot 66114\",\"isPartOf\":{\"@id\":\"https:\/\/www.bio-des-alberes.fr\/#website\"},\"primaryImageOfPage\":{\"@id\":\"https:\/\/www.bio-des-alberes.fr\/achetez-vos-tomme-de-brebis-bio-a-montescot-66114-avec-bio-des-alberes\/#primaryimage\"},\"image\":{\"@id\":\"https:\/\/www.bio-des-alberes.fr\/achetez-vos-tomme-de-brebis-bio-a-montescot-66114-avec-bio-des-alberes\/#primaryimage\"},\"thumbnailUrl\":\"https:\/\/www.bio-des-alberes.fr\/wp-content\/uploads\/2024\/12\/11200012-scaled.jpg\",\"datePublished\":\"2024-12-20T15:31:05+00:00\",\"description\":\"D\u00e9couvrez une large gamme de Tomme de brebis bio \u00e0 montescot 66114 avec Bio des Alb\u00e8res. Produits locaux, qualit\u00e9 sup\u00e9rieure et livraison rapide.\",\"breadcrumb\":{\"@id\":\"https:\/\/www.bio-des-alberes.fr\/achetez-vos-tomme-de-brebis-bio-a-montescot-66114-avec-bio-des-alberes\/#breadcrumb\"},\"inLanguage\":\"nl-NL\",\"potentialAction\":[{\"@type\":\"ReadAction\",\"target\":[\"https:\/\/www.bio-des-alberes.fr\/achetez-vos-tomme-de-brebis-bio-a-montescot-66114-avec-bio-des-alberes\/\"]}]},{\"@type\":\"ImageObject\",\"inLanguage\":\"nl-NL\",\"@id\":\"https:\/\/www.bio-des-alberes.fr\/achetez-vos-tomme-de-brebis-bio-a-montescot-66114-avec-bio-des-alberes\/#primaryimage\",\"url\":\"https:\/\/www.bio-des-alberes.fr\/wp-content\/uploads\/2024\/12\/11200012-scaled.jpg\",\"contentUrl\":\"https:\/\/www.bio-des-alberes.fr\/wp-content\/uploads\/2024\/12\/11200012-scaled.jpg\",\"width\":2560,\"height\":1707,\"caption\":\"SAMSUNG CSC\"},{\"@type\":\"BreadcrumbList\",\"@id\":\"https:\/\/www.bio-des-alberes.fr\/achetez-vos-tomme-de-brebis-bio-a-montescot-66114-avec-bio-des-alberes\/#breadcrumb\",\"itemListElement\":[{\"@type\":\"ListItem\",\"position\":1,\"name\":\"Accueil\",\"item\":\"https:\/\/www.bio-des-alberes.fr\/\"},{\"@type\":\"ListItem\",\"position\":2,\"name\":\"Achetez vos Tomme de brebis bio \u00e0 montescot 66114 avec Bio des Alb\u00e8res\"}]},{\"@type\":\"WebSite\",\"@id\":\"https:\/\/www.bio-des-alberes.fr\/#website\",\"url\":\"https:\/\/www.bio-des-alberes.fr\/\",\"name\":\"Bio 66 - Magasin bio des Alberes\",\"description\":\"Fruits et l&eacute;gumes bio, produits locaux, &eacute;picerie fine\",\"publisher\":{\"@id\":\"https:\/\/www.bio-des-alberes.fr\/#organization\"},\"potentialAction\":[{\"@type\":\"SearchAction\",\"target\":{\"@type\":\"EntryPoint\",\"urlTemplate\":\"https:\/\/www.bio-des-alberes.fr\/?s={search_term_string}\"},\"query-input\":{\"@type\":\"PropertyValueSpecification\",\"valueRequired\":true,\"valueName\":\"search_term_string\"}}],\"inLanguage\":\"nl-NL\"},{\"@type\":\"Organization\",\"@id\":\"https:\/\/www.bio-des-alberes.fr\/#organization\",\"name\":\"Bio des Alb\u00e8res\",\"url\":\"https:\/\/www.bio-des-alberes.fr\/\",\"logo\":{\"@type\":\"ImageObject\",\"inLanguage\":\"nl-NL\",\"@id\":\"https:\/\/www.bio-des-alberes.fr\/#\/schema\/logo\/image\/\",\"url\":\"https:\/\/www.bio-des-alberes.fr\/wp-content\/uploads\/2024\/12\/bio-des-alberes-logo2.png\",\"contentUrl\":\"https:\/\/www.bio-des-alberes.fr\/wp-content\/uploads\/2024\/12\/bio-des-alberes-logo2.png\",\"width\":803,\"height\":466,\"caption\":\"Bio des Alb\u00e8res\"},\"image\":{\"@id\":\"https:\/\/www.bio-des-alberes.fr\/#\/schema\/logo\/image\/\"},\"sameAs\":[\"https:\/\/www.facebook.com\/p\/Le-bio-des-Albres-61568067446958\/\"]},{\"@type\":\"Person\",\"@id\":\"https:\/\/www.bio-des-alberes.fr\/#\/schema\/person\/b207a14ba23699a080c323ee040eca00\",\"name\":\"biodesalberes\",\"image\":{\"@type\":\"ImageObject\",\"inLanguage\":\"nl-NL\",\"@id\":\"https:\/\/www.bio-des-alberes.fr\/#\/schema\/person\/image\/\",\"url\":\"https:\/\/secure.gravatar.com\/avatar\/6039bbfc6c375e9adfea50b5dfc6bb7c8c601a03cbf0f44a5db56f0a0eead0b8?s=96&d=mm&r=g\",\"contentUrl\":\"https:\/\/secure.gravatar.com\/avatar\/6039bbfc6c375e9adfea50b5dfc6bb7c8c601a03cbf0f44a5db56f0a0eead0b8?s=96&d=mm&r=g\",\"caption\":\"biodesalberes\"},\"sameAs\":[\"https:\/\/www.bio-des-alberes.fr\"],\"url\":\"https:\/\/www.bio-des-alberes.fr\/nl\/author\/biodesalberes\/\"}]}<\/script>\n<!-- \/ Yoast SEO plugin. -->","yoast_head_json":{"title":"Tomme de brebis bio \u00e0 montescot 66114","description":"D\u00e9couvrez une large gamme de Tomme de brebis bio \u00e0 montescot 66114 avec Bio des Alb\u00e8res. Produits locaux, qualit\u00e9 sup\u00e9rieure et livraison rapide.","robots":{"index":"index","follow":"follow","max-snippet":"max-snippet:-1","max-image-preview":"max-image-preview:large","max-video-preview":"max-video-preview:-1"},"canonical":"https:\/\/www.bio-des-alberes.fr\/nl\/achetez-vos-tomme-de-brebis-bio-a-montescot-66114-avec-bio-des-alberes\/","og_locale":"nl_NL","og_type":"article","og_title":"Tomme de brebis bio \u00e0 montescot 66114","og_description":"D\u00e9couvrez une large gamme de Tomme de brebis bio \u00e0 montescot 66114 avec Bio des Alb\u00e8res. Produits locaux, qualit\u00e9 sup\u00e9rieure et livraison rapide.","og_url":"https:\/\/www.bio-des-alberes.fr\/nl\/achetez-vos-tomme-de-brebis-bio-a-montescot-66114-avec-bio-des-alberes\/","og_site_name":"Bio des Alb\u00e8res","article_publisher":"https:\/\/www.facebook.com\/p\/Le-bio-des-Albres-61568067446958\/","article_published_time":"2024-12-20T15:31:05+00:00","og_image":[{"width":2560,"height":1707,"url":"https:\/\/www.bio-des-alberes.fr\/wp-content\/uploads\/2024\/12\/11200012-scaled.jpg","type":"image\/jpeg"}],"author":"biodesalberes","twitter_card":"summary_large_image","twitter_misc":{"Geschreven door":"biodesalberes","Verwachte leestijd":"2 minuten"},"schema":{"@context":"https:\/\/schema.org","@graph":[{"@type":"Article","@id":"https:\/\/www.bio-des-alberes.fr\/achetez-vos-tomme-de-brebis-bio-a-montescot-66114-avec-bio-des-alberes\/#article","isPartOf":{"@id":"https:\/\/www.bio-des-alberes.fr\/achetez-vos-tomme-de-brebis-bio-a-montescot-66114-avec-bio-des-alberes\/"},"author":{"name":"biodesalberes","@id":"https:\/\/www.bio-des-alberes.fr\/#\/schema\/person\/b207a14ba23699a080c323ee040eca00"},"headline":"Achetez vos Tomme de brebis bio \u00e0 montescot 66114 avec Bio des Alb\u00e8res","datePublished":"2024-12-20T15:31:05+00:00","mainEntityOfPage":{"@id":"https:\/\/www.bio-des-alberes.fr\/achetez-vos-tomme-de-brebis-bio-a-montescot-66114-avec-bio-des-alberes\/"},"wordCount":445,"publisher":{"@id":"https:\/\/www.bio-des-alberes.fr\/#organization"},"image":{"@id":"https:\/\/www.bio-des-alberes.fr\/achetez-vos-tomme-de-brebis-bio-a-montescot-66114-avec-bio-des-alberes\/#primaryimage"},"thumbnailUrl":"https:\/\/www.bio-des-alberes.fr\/wp-content\/uploads\/2024\/12\/11200012-scaled.jpg","articleSection":["Au Bio des Alb\u00e8res"],"inLanguage":"nl-NL"},{"@type":"WebPage","@id":"https:\/\/www.bio-des-alberes.fr\/achetez-vos-tomme-de-brebis-bio-a-montescot-66114-avec-bio-des-alberes\/","url":"https:\/\/www.bio-des-alberes.fr\/achetez-vos-tomme-de-brebis-bio-a-montescot-66114-avec-bio-des-alberes\/","name":"Tomme de brebis bio \u00e0 montescot 66114","isPartOf":{"@id":"https:\/\/www.bio-des-alberes.fr\/#website"},"primaryImageOfPage":{"@id":"https:\/\/www.bio-des-alberes.fr\/achetez-vos-tomme-de-brebis-bio-a-montescot-66114-avec-bio-des-alberes\/#primaryimage"},"image":{"@id":"https:\/\/www.bio-des-alberes.fr\/achetez-vos-tomme-de-brebis-bio-a-montescot-66114-avec-bio-des-alberes\/#primaryimage"},"thumbnailUrl":"https:\/\/www.bio-des-alberes.fr\/wp-content\/uploads\/2024\/12\/11200012-scaled.jpg","datePublished":"2024-12-20T15:31:05+00:00","description":"D\u00e9couvrez une large gamme de Tomme de brebis bio \u00e0 montescot 66114 avec Bio des Alb\u00e8res. Produits locaux, qualit\u00e9 sup\u00e9rieure et livraison rapide.","breadcrumb":{"@id":"https:\/\/www.bio-des-alberes.fr\/achetez-vos-tomme-de-brebis-bio-a-montescot-66114-avec-bio-des-alberes\/#breadcrumb"},"inLanguage":"nl-NL","potentialAction":[{"@type":"ReadAction","target":["https:\/\/www.bio-des-alberes.fr\/achetez-vos-tomme-de-brebis-bio-a-montescot-66114-avec-bio-des-alberes\/"]}]},{"@type":"ImageObject","inLanguage":"nl-NL","@id":"https:\/\/www.bio-des-alberes.fr\/achetez-vos-tomme-de-brebis-bio-a-montescot-66114-avec-bio-des-alberes\/#primaryimage","url":"https:\/\/www.bio-des-alberes.fr\/wp-content\/uploads\/2024\/12\/11200012-scaled.jpg","contentUrl":"https:\/\/www.bio-des-alberes.fr\/wp-content\/uploads\/2024\/12\/11200012-scaled.jpg","width":2560,"height":1707,"caption":"SAMSUNG CSC"},{"@type":"BreadcrumbList","@id":"https:\/\/www.bio-des-alberes.fr\/achetez-vos-tomme-de-brebis-bio-a-montescot-66114-avec-bio-des-alberes\/#breadcrumb","itemListElement":[{"@type":"ListItem","position":1,"name":"Accueil","item":"https:\/\/www.bio-des-alberes.fr\/"},{"@type":"ListItem","position":2,"name":"Achetez vos Tomme de brebis bio \u00e0 montescot 66114 avec Bio des Alb\u00e8res"}]},{"@type":"WebSite","@id":"https:\/\/www.bio-des-alberes.fr\/#website","url":"https:\/\/www.bio-des-alberes.fr\/","name":"Bio 66 - Magasin bio des Alberes","description":"Fruits et l&eacute;gumes bio, produits locaux, &eacute;picerie fine","publisher":{"@id":"https:\/\/www.bio-des-alberes.fr\/#organization"},"potentialAction":[{"@type":"SearchAction","target":{"@type":"EntryPoint","urlTemplate":"https:\/\/www.bio-des-alberes.fr\/?s={search_term_string}"},"query-input":{"@type":"PropertyValueSpecification","valueRequired":true,"valueName":"search_term_string"}}],"inLanguage":"nl-NL"},{"@type":"Organization","@id":"https:\/\/www.bio-des-alberes.fr\/#organization","name":"Bio des Alb\u00e8res","url":"https:\/\/www.bio-des-alberes.fr\/","logo":{"@type":"ImageObject","inLanguage":"nl-NL","@id":"https:\/\/www.bio-des-alberes.fr\/#\/schema\/logo\/image\/","url":"https:\/\/www.bio-des-alberes.fr\/wp-content\/uploads\/2024\/12\/bio-des-alberes-logo2.png","contentUrl":"https:\/\/www.bio-des-alberes.fr\/wp-content\/uploads\/2024\/12\/bio-des-alberes-logo2.png","width":803,"height":466,"caption":"Bio des Alb\u00e8res"},"image":{"@id":"https:\/\/www.bio-des-alberes.fr\/#\/schema\/logo\/image\/"},"sameAs":["https:\/\/www.facebook.com\/p\/Le-bio-des-Albres-61568067446958\/"]},{"@type":"Person","@id":"https:\/\/www.bio-des-alberes.fr\/#\/schema\/person\/b207a14ba23699a080c323ee040eca00","name":"biodesalberes","image":{"@type":"ImageObject","inLanguage":"nl-NL","@id":"https:\/\/www.bio-des-alberes.fr\/#\/schema\/person\/image\/","url":"https:\/\/secure.gravatar.com\/avatar\/6039bbfc6c375e9adfea50b5dfc6bb7c8c601a03cbf0f44a5db56f0a0eead0b8?s=96&d=mm&r=g","contentUrl":"https:\/\/secure.gravatar.com\/avatar\/6039bbfc6c375e9adfea50b5dfc6bb7c8c601a03cbf0f44a5db56f0a0eead0b8?s=96&d=mm&r=g","caption":"biodesalberes"},"sameAs":["https:\/\/www.bio-des-alberes.fr"],"url":"https:\/\/www.bio-des-alberes.fr\/nl\/author\/biodesalberes\/"}]}},"_links":{"self":[{"href":"https:\/\/www.bio-des-alberes.fr\/nl\/wp-json\/wp\/v2\/posts\/1039","targetHints":{"allow":["GET"]}}],"collection":[{"href":"https:\/\/www.bio-des-alberes.fr\/nl\/wp-json\/wp\/v2\/posts"}],"about":[{"href":"https:\/\/www.bio-des-alberes.fr\/nl\/wp-json\/wp\/v2\/types\/post"}],"author":[{"embeddable":true,"href":"https:\/\/www.bio-des-alberes.fr\/nl\/wp-json\/wp\/v2\/users\/1"}],"replies":[{"embeddable":true,"href":"https:\/\/www.bio-des-alberes.fr\/nl\/wp-json\/wp\/v2\/comments?post=1039"}],"version-history":[{"count":0,"href":"https:\/\/www.bio-des-alberes.fr\/nl\/wp-json\/wp\/v2\/posts\/1039\/revisions"}],"wp:featuredmedia":[{"embeddable":true,"href":"https:\/\/www.bio-des-alberes.fr\/nl\/wp-json\/wp\/v2\/media\/45"}],"wp:attachment":[{"href":"https:\/\/www.bio-des-alberes.fr\/nl\/wp-json\/wp\/v2\/media?parent=1039"}],"wp:term":[{"taxonomy":"category","embeddable":true,"href":"https:\/\/www.bio-des-alberes.fr\/nl\/wp-json\/wp\/v2\/categories?post=1039"},{"taxonomy":"post_tag","embeddable":true,"href":"https:\/\/www.bio-des-alberes.fr\/nl\/wp-json\/wp\/v2\/tags?post=1039"}],"curies":[{"name":"wp","href":"https:\/\/api.w.org\/{rel}","templated":true}]}}