{"id":1747,"date":"2025-02-25T19:42:07","date_gmt":"2025-02-25T19:42:07","guid":{"rendered":"https:\/\/www.bio-des-alberes.fr\/pasteque-bio-a-maureillas-las-illas\/"},"modified":"2025-02-25T19:42:07","modified_gmt":"2025-02-25T19:42:07","slug":"pasteque-bio-a-maureillas-las-illas","status":"publish","type":"post","link":"https:\/\/www.bio-des-alberes.fr\/nl\/pasteque-bio-a-maureillas-las-illas\/","title":{"rendered":"pasteque bio \u00e0 maureillas-las-illas : votre source de fruits et l\u00e9gumes bio locaux"},"content":{"rendered":"<p>Bienvenue sur notre site. D\u00e9couvrez notre gamme de pasteque bio \u00e0 maureillas-las-illas en mati\u00e8re de fruits et l\u00e9gumes bio locaux, directement du producteur \u00e0 votre table. Notre objectif est de vous offrir des produits frais, sains et durables, tout en soutenant les agriculteurs locaux.<\/p>\n<div id=\"attachment_827\" style=\"width: 813px\" class=\"wp-caption aligncenter\"><img loading=\"lazy\" decoding=\"async\" aria-describedby=\"caption-attachment-827\" class=\"wp-image-827 size-full\" src=\"https:\/\/www.bio-des-alberes.fr\/wp-content\/uploads\/2024\/12\/bio-des-alberes-logo2.png\" alt=\"pasteque bio \u00e0 maureillas-las-illas. Logo Bio des Alberes\" width=\"803\" height=\"466\" srcset=\"https:\/\/www.bio-des-alberes.fr\/wp-content\/uploads\/2024\/12\/bio-des-alberes-logo2.png 803w, https:\/\/www.bio-des-alberes.fr\/wp-content\/uploads\/2024\/12\/bio-des-alberes-logo2-480x279.png 480w\" sizes=\"(min-width: 0px) and (max-width: 480px) 480px, (min-width: 481px) 803px, 100vw\" \/><p id=\"caption-attachment-827\" class=\"wp-caption-text\">pasteque bio \u00e0 maureillas-las-illas<\/p><\/div>\n<h3>pasteque bio : Une vari\u00e9t\u00e9 de fruits et l\u00e9gumes bio locaux<\/h3>\n<p>Chez maureillas-las-illas, nous proposons une large s\u00e9lection de pasteque bio pour satisfaire vos besoins en alimentation saine. Voici quelques-uns de nos produits phares :<\/p>\n<ul>\n<li>Biologische appels<\/li>\n<li>Biologische wortelen<\/li>\n<li>Lokale tomaten<\/li>\n<li>Verse sla<\/li>\n<li>Knapperige komkommers<\/li>\n<li>Seizoens courgettes<\/li>\n<li>Biologische zoete aardappelen<\/li>\n<li>Groene broccoli<\/li>\n<li>Bloemkool<\/li>\n<\/ul>\n<h3>Het belang van lokale en biologische producten<\/h3>\n<p>Lorsque vous choisissez nos pasteque bio dans les maureillas-las-illas, vous soutenez non seulement l&rsquo;\u00e9conomie locale, mais vous prenez \u00e9galement soin de votre sant\u00e9 et de l&rsquo;environnement. Les produits bio sont cultiv\u00e9s sans pesticides ni produits chimiques, ce qui en fait un choix s\u00fbr pour vous et votre famille. De plus, en achetant local, vous r\u00e9duisez l&#8217;empreinte carbone li\u00e9e au transport des aliments sur de longues distances.<\/p>\n<p>Biologische en lokale producten ondersteunen met onze <strong>pasteque bio<\/strong> in <strong>maureillas-las-illas<\/strong>, Biologische landbouw betekent ook helpen om de biodiversiteit te behouden en lokale landbouwtradities in stand te houden. Biologische boerderijen geven de voorkeur aan landbouwpraktijken die gediversifieerd zijn en het ecosysteem respecteren, en helpen zo de bodem, het water en de wilde dieren te beschermen. Door te investeren in lokale producenten helpt u bovendien landbouwpraktijken in stand te houden die vaak van generatie op generatie worden doorgegeven, zodat de regionale knowhow bewaard blijft.<\/p>\n<h3>Nos agriculteurs locaux : pasteque bio \u00e0 maureillas-las-illas<\/h3>\n<p>Les pasteque bio que nous proposons dans les maureillas-las-illas sont le fruit du travail acharn\u00e9 de nos agriculteurs locaux. Ils mettent tout leur savoir-faire et leur passion dans la culture de fruits et l\u00e9gumes bio de haute qualit\u00e9.<\/p>\n<h3>Neem contact op met<\/h3>\n<p>Wacht niet langer om een gezond dieet en een duurzame levensstijl aan te nemen dankzij Bio des Alb\u00e8res. Of u nu in Maureillas-las-illas bent of in een naburige stad, onze online winkel is er om u op weg te helpen.<a href=\"https:\/\/www.bio-des-alberes.fr\/nl\/contact\/\"> Neem contact met ons op<\/a> als u vragen hebt.<\/p>\n<p>En choisissant nos pasteque bio dans les maureillas-las-illas, vous faites un geste pour votre sant\u00e9, l&rsquo;environnement et l&rsquo;\u00e9conomie locale. Merci de nous soutenir et de faire confiance \u00e0 nos agriculteurs passionn\u00e9s pour vous offrir le meilleur des fruits et l\u00e9gumes bio.<\/p>","protected":false},"excerpt":{"rendered":"<p>Bienvenue sur notre site. D\u00e9couvrez notre gamme de pasteque bio \u00e0 maureillas-las-illas en mati\u00e8re de fruits et l\u00e9gumes bio locaux, directement du producteur \u00e0 votre table. Notre objectif est de vous offrir des produits frais, sains et durables, tout en soutenant les agriculteurs locaux. pasteque bio : Une vari\u00e9t\u00e9 de fruits et l\u00e9gumes bio locaux [&hellip;]<\/p>\n","protected":false},"author":1,"featured_media":64,"comment_status":"closed","ping_status":"closed","sticky":false,"template":"","format":"standard","meta":{"_et_pb_use_builder":"","_et_pb_old_content":"","_et_gb_content_width":"","footnotes":""},"categories":[1],"tags":[],"class_list":["post-1747","post","type-post","status-publish","format-standard","has-post-thumbnail","hentry","category-au-bio-des-alberes"],"yoast_head":"<!-- This site is optimized with the Yoast SEO plugin v26.2 - https:\/\/yoast.com\/wordpress\/plugins\/seo\/ -->\n<title>pasteque bio \u00e0 maureillas-las-illas<\/title>\n<meta name=\"description\" content=\"D\u00e9couvrez une large gamme de pasteque bio \u00e0 maureillas-las-illas avec Bio des Alb\u00e8res. Produits locaux, qualit\u00e9 sup\u00e9rieure\" \/>\n<meta name=\"robots\" content=\"index, follow, max-snippet:-1, max-image-preview:large, max-video-preview:-1\" \/>\n<link rel=\"canonical\" href=\"https:\/\/www.bio-des-alberes.fr\/nl\/pasteque-bio-a-maureillas-las-illas\/\" \/>\n<meta property=\"og:locale\" content=\"nl_NL\" \/>\n<meta property=\"og:type\" content=\"article\" \/>\n<meta property=\"og:title\" content=\"pasteque bio \u00e0 maureillas-las-illas\" \/>\n<meta property=\"og:description\" content=\"D\u00e9couvrez une large gamme de pasteque bio \u00e0 maureillas-las-illas avec Bio des Alb\u00e8res. Produits locaux, qualit\u00e9 sup\u00e9rieure\" \/>\n<meta property=\"og:url\" content=\"https:\/\/www.bio-des-alberes.fr\/nl\/pasteque-bio-a-maureillas-las-illas\/\" \/>\n<meta property=\"og:site_name\" content=\"Bio des Alb\u00e8res\" \/>\n<meta property=\"article:publisher\" content=\"https:\/\/www.facebook.com\/p\/Le-bio-des-Albres-61568067446958\/\" \/>\n<meta property=\"article:published_time\" content=\"2025-02-25T19:42:07+00:00\" \/>\n<meta property=\"og:image\" content=\"https:\/\/www.bio-des-alberes.fr\/wp-content\/uploads\/2024\/12\/11200028-scaled.jpg\" \/>\n\t<meta property=\"og:image:width\" content=\"2560\" \/>\n\t<meta property=\"og:image:height\" content=\"1707\" \/>\n\t<meta property=\"og:image:type\" content=\"image\/jpeg\" \/>\n<meta name=\"author\" content=\"biodesalberes\" \/>\n<meta name=\"twitter:card\" content=\"summary_large_image\" \/>\n<meta name=\"twitter:label1\" content=\"Geschreven door\" \/>\n\t<meta name=\"twitter:data1\" content=\"biodesalberes\" \/>\n\t<meta name=\"twitter:label2\" content=\"Verwachte leestijd\" \/>\n\t<meta name=\"twitter:data2\" content=\"3 minuten\" \/>\n<script type=\"application\/ld+json\" class=\"yoast-schema-graph\">{\"@context\":\"https:\/\/schema.org\",\"@graph\":[{\"@type\":\"Article\",\"@id\":\"https:\/\/www.bio-des-alberes.fr\/pasteque-bio-a-maureillas-las-illas\/#article\",\"isPartOf\":{\"@id\":\"https:\/\/www.bio-des-alberes.fr\/pasteque-bio-a-maureillas-las-illas\/\"},\"author\":{\"name\":\"biodesalberes\",\"@id\":\"https:\/\/www.bio-des-alberes.fr\/#\/schema\/person\/799c5098edb8346eed3ad621e8bdae24\"},\"headline\":\"pasteque bio \u00e0 maureillas-las-illas : votre source de fruits et l\u00e9gumes bio locaux\",\"datePublished\":\"2025-02-25T19:42:07+00:00\",\"mainEntityOfPage\":{\"@id\":\"https:\/\/www.bio-des-alberes.fr\/pasteque-bio-a-maureillas-las-illas\/\"},\"wordCount\":438,\"publisher\":{\"@id\":\"https:\/\/www.bio-des-alberes.fr\/#organization\"},\"image\":{\"@id\":\"https:\/\/www.bio-des-alberes.fr\/pasteque-bio-a-maureillas-las-illas\/#primaryimage\"},\"thumbnailUrl\":\"https:\/\/www.bio-des-alberes.fr\/wp-content\/uploads\/2024\/12\/11200028-scaled.jpg\",\"articleSection\":[\"Au Bio des Alb\u00e8res\"],\"inLanguage\":\"nl-NL\"},{\"@type\":\"WebPage\",\"@id\":\"https:\/\/www.bio-des-alberes.fr\/pasteque-bio-a-maureillas-las-illas\/\",\"url\":\"https:\/\/www.bio-des-alberes.fr\/pasteque-bio-a-maureillas-las-illas\/\",\"name\":\"pasteque bio \u00e0 maureillas-las-illas\",\"isPartOf\":{\"@id\":\"https:\/\/www.bio-des-alberes.fr\/#website\"},\"primaryImageOfPage\":{\"@id\":\"https:\/\/www.bio-des-alberes.fr\/pasteque-bio-a-maureillas-las-illas\/#primaryimage\"},\"image\":{\"@id\":\"https:\/\/www.bio-des-alberes.fr\/pasteque-bio-a-maureillas-las-illas\/#primaryimage\"},\"thumbnailUrl\":\"https:\/\/www.bio-des-alberes.fr\/wp-content\/uploads\/2024\/12\/11200028-scaled.jpg\",\"datePublished\":\"2025-02-25T19:42:07+00:00\",\"description\":\"D\u00e9couvrez une large gamme de pasteque bio \u00e0 maureillas-las-illas avec Bio des Alb\u00e8res. Produits locaux, qualit\u00e9 sup\u00e9rieure\",\"breadcrumb\":{\"@id\":\"https:\/\/www.bio-des-alberes.fr\/pasteque-bio-a-maureillas-las-illas\/#breadcrumb\"},\"inLanguage\":\"nl-NL\",\"potentialAction\":[{\"@type\":\"ReadAction\",\"target\":[\"https:\/\/www.bio-des-alberes.fr\/pasteque-bio-a-maureillas-las-illas\/\"]}]},{\"@type\":\"ImageObject\",\"inLanguage\":\"nl-NL\",\"@id\":\"https:\/\/www.bio-des-alberes.fr\/pasteque-bio-a-maureillas-las-illas\/#primaryimage\",\"url\":\"https:\/\/www.bio-des-alberes.fr\/wp-content\/uploads\/2024\/12\/11200028-scaled.jpg\",\"contentUrl\":\"https:\/\/www.bio-des-alberes.fr\/wp-content\/uploads\/2024\/12\/11200028-scaled.jpg\",\"width\":2560,\"height\":1707,\"caption\":\"SAMSUNG CSC\"},{\"@type\":\"BreadcrumbList\",\"@id\":\"https:\/\/www.bio-des-alberes.fr\/pasteque-bio-a-maureillas-las-illas\/#breadcrumb\",\"itemListElement\":[{\"@type\":\"ListItem\",\"position\":1,\"name\":\"Accueil\",\"item\":\"https:\/\/www.bio-des-alberes.fr\/\"},{\"@type\":\"ListItem\",\"position\":2,\"name\":\"pasteque bio \u00e0 maureillas-las-illas : votre source de fruits et l\u00e9gumes bio locaux\"}]},{\"@type\":\"WebSite\",\"@id\":\"https:\/\/www.bio-des-alberes.fr\/#website\",\"url\":\"https:\/\/www.bio-des-alberes.fr\/\",\"name\":\"Bio 66 - Magasin bio des Alberes\",\"description\":\"Fruits et l&eacute;gumes bio, produits locaux, &eacute;picerie fine\",\"publisher\":{\"@id\":\"https:\/\/www.bio-des-alberes.fr\/#organization\"},\"potentialAction\":[{\"@type\":\"SearchAction\",\"target\":{\"@type\":\"EntryPoint\",\"urlTemplate\":\"https:\/\/www.bio-des-alberes.fr\/?s={search_term_string}\"},\"query-input\":{\"@type\":\"PropertyValueSpecification\",\"valueRequired\":true,\"valueName\":\"search_term_string\"}}],\"inLanguage\":\"nl-NL\"},{\"@type\":\"Organization\",\"@id\":\"https:\/\/www.bio-des-alberes.fr\/#organization\",\"name\":\"Bio des Alb\u00e8res\",\"url\":\"https:\/\/www.bio-des-alberes.fr\/\",\"logo\":{\"@type\":\"ImageObject\",\"inLanguage\":\"nl-NL\",\"@id\":\"https:\/\/www.bio-des-alberes.fr\/#\/schema\/logo\/image\/\",\"url\":\"https:\/\/www.bio-des-alberes.fr\/wp-content\/uploads\/2024\/12\/bio-des-alberes-logo2.png\",\"contentUrl\":\"https:\/\/www.bio-des-alberes.fr\/wp-content\/uploads\/2024\/12\/bio-des-alberes-logo2.png\",\"width\":803,\"height\":466,\"caption\":\"Bio des Alb\u00e8res\"},\"image\":{\"@id\":\"https:\/\/www.bio-des-alberes.fr\/#\/schema\/logo\/image\/\"},\"sameAs\":[\"https:\/\/www.facebook.com\/p\/Le-bio-des-Albres-61568067446958\/\"]},{\"@type\":\"Person\",\"@id\":\"https:\/\/www.bio-des-alberes.fr\/#\/schema\/person\/799c5098edb8346eed3ad621e8bdae24\",\"name\":\"biodesalberes\",\"image\":{\"@type\":\"ImageObject\",\"inLanguage\":\"nl-NL\",\"@id\":\"https:\/\/www.bio-des-alberes.fr\/#\/schema\/person\/image\/\",\"url\":\"https:\/\/secure.gravatar.com\/avatar\/6039bbfc6c375e9adfea50b5dfc6bb7c8c601a03cbf0f44a5db56f0a0eead0b8?s=96&d=mm&r=g\",\"contentUrl\":\"https:\/\/secure.gravatar.com\/avatar\/6039bbfc6c375e9adfea50b5dfc6bb7c8c601a03cbf0f44a5db56f0a0eead0b8?s=96&d=mm&r=g\",\"caption\":\"biodesalberes\"},\"sameAs\":[\"https:\/\/www.bio-des-alberes.fr\"],\"url\":\"https:\/\/www.bio-des-alberes.fr\/nl\/author\/biodesalberes\/\"}]}<\/script>\n<!-- \/ Yoast SEO plugin. -->","yoast_head_json":{"title":"pasteque bio \u00e0 maureillas-las-illas","description":"D\u00e9couvrez une large gamme de pasteque bio \u00e0 maureillas-las-illas avec Bio des Alb\u00e8res. Produits locaux, qualit\u00e9 sup\u00e9rieure","robots":{"index":"index","follow":"follow","max-snippet":"max-snippet:-1","max-image-preview":"max-image-preview:large","max-video-preview":"max-video-preview:-1"},"canonical":"https:\/\/www.bio-des-alberes.fr\/nl\/pasteque-bio-a-maureillas-las-illas\/","og_locale":"nl_NL","og_type":"article","og_title":"pasteque bio \u00e0 maureillas-las-illas","og_description":"D\u00e9couvrez une large gamme de pasteque bio \u00e0 maureillas-las-illas avec Bio des Alb\u00e8res. Produits locaux, qualit\u00e9 sup\u00e9rieure","og_url":"https:\/\/www.bio-des-alberes.fr\/nl\/pasteque-bio-a-maureillas-las-illas\/","og_site_name":"Bio des Alb\u00e8res","article_publisher":"https:\/\/www.facebook.com\/p\/Le-bio-des-Albres-61568067446958\/","article_published_time":"2025-02-25T19:42:07+00:00","og_image":[{"width":2560,"height":1707,"url":"https:\/\/www.bio-des-alberes.fr\/wp-content\/uploads\/2024\/12\/11200028-scaled.jpg","type":"image\/jpeg"}],"author":"biodesalberes","twitter_card":"summary_large_image","twitter_misc":{"Geschreven door":"biodesalberes","Verwachte leestijd":"3 minuten"},"schema":{"@context":"https:\/\/schema.org","@graph":[{"@type":"Article","@id":"https:\/\/www.bio-des-alberes.fr\/pasteque-bio-a-maureillas-las-illas\/#article","isPartOf":{"@id":"https:\/\/www.bio-des-alberes.fr\/pasteque-bio-a-maureillas-las-illas\/"},"author":{"name":"biodesalberes","@id":"https:\/\/www.bio-des-alberes.fr\/#\/schema\/person\/799c5098edb8346eed3ad621e8bdae24"},"headline":"pasteque bio \u00e0 maureillas-las-illas : votre source de fruits et l\u00e9gumes bio locaux","datePublished":"2025-02-25T19:42:07+00:00","mainEntityOfPage":{"@id":"https:\/\/www.bio-des-alberes.fr\/pasteque-bio-a-maureillas-las-illas\/"},"wordCount":438,"publisher":{"@id":"https:\/\/www.bio-des-alberes.fr\/#organization"},"image":{"@id":"https:\/\/www.bio-des-alberes.fr\/pasteque-bio-a-maureillas-las-illas\/#primaryimage"},"thumbnailUrl":"https:\/\/www.bio-des-alberes.fr\/wp-content\/uploads\/2024\/12\/11200028-scaled.jpg","articleSection":["Au Bio des Alb\u00e8res"],"inLanguage":"nl-NL"},{"@type":"WebPage","@id":"https:\/\/www.bio-des-alberes.fr\/pasteque-bio-a-maureillas-las-illas\/","url":"https:\/\/www.bio-des-alberes.fr\/pasteque-bio-a-maureillas-las-illas\/","name":"pasteque bio \u00e0 maureillas-las-illas","isPartOf":{"@id":"https:\/\/www.bio-des-alberes.fr\/#website"},"primaryImageOfPage":{"@id":"https:\/\/www.bio-des-alberes.fr\/pasteque-bio-a-maureillas-las-illas\/#primaryimage"},"image":{"@id":"https:\/\/www.bio-des-alberes.fr\/pasteque-bio-a-maureillas-las-illas\/#primaryimage"},"thumbnailUrl":"https:\/\/www.bio-des-alberes.fr\/wp-content\/uploads\/2024\/12\/11200028-scaled.jpg","datePublished":"2025-02-25T19:42:07+00:00","description":"D\u00e9couvrez une large gamme de pasteque bio \u00e0 maureillas-las-illas avec Bio des Alb\u00e8res. Produits locaux, qualit\u00e9 sup\u00e9rieure","breadcrumb":{"@id":"https:\/\/www.bio-des-alberes.fr\/pasteque-bio-a-maureillas-las-illas\/#breadcrumb"},"inLanguage":"nl-NL","potentialAction":[{"@type":"ReadAction","target":["https:\/\/www.bio-des-alberes.fr\/pasteque-bio-a-maureillas-las-illas\/"]}]},{"@type":"ImageObject","inLanguage":"nl-NL","@id":"https:\/\/www.bio-des-alberes.fr\/pasteque-bio-a-maureillas-las-illas\/#primaryimage","url":"https:\/\/www.bio-des-alberes.fr\/wp-content\/uploads\/2024\/12\/11200028-scaled.jpg","contentUrl":"https:\/\/www.bio-des-alberes.fr\/wp-content\/uploads\/2024\/12\/11200028-scaled.jpg","width":2560,"height":1707,"caption":"SAMSUNG CSC"},{"@type":"BreadcrumbList","@id":"https:\/\/www.bio-des-alberes.fr\/pasteque-bio-a-maureillas-las-illas\/#breadcrumb","itemListElement":[{"@type":"ListItem","position":1,"name":"Accueil","item":"https:\/\/www.bio-des-alberes.fr\/"},{"@type":"ListItem","position":2,"name":"pasteque bio \u00e0 maureillas-las-illas : votre source de fruits et l\u00e9gumes bio locaux"}]},{"@type":"WebSite","@id":"https:\/\/www.bio-des-alberes.fr\/#website","url":"https:\/\/www.bio-des-alberes.fr\/","name":"Bio 66 - Magasin bio des Alberes","description":"Fruits et l&eacute;gumes bio, produits locaux, &eacute;picerie fine","publisher":{"@id":"https:\/\/www.bio-des-alberes.fr\/#organization"},"potentialAction":[{"@type":"SearchAction","target":{"@type":"EntryPoint","urlTemplate":"https:\/\/www.bio-des-alberes.fr\/?s={search_term_string}"},"query-input":{"@type":"PropertyValueSpecification","valueRequired":true,"valueName":"search_term_string"}}],"inLanguage":"nl-NL"},{"@type":"Organization","@id":"https:\/\/www.bio-des-alberes.fr\/#organization","name":"Bio des Alb\u00e8res","url":"https:\/\/www.bio-des-alberes.fr\/","logo":{"@type":"ImageObject","inLanguage":"nl-NL","@id":"https:\/\/www.bio-des-alberes.fr\/#\/schema\/logo\/image\/","url":"https:\/\/www.bio-des-alberes.fr\/wp-content\/uploads\/2024\/12\/bio-des-alberes-logo2.png","contentUrl":"https:\/\/www.bio-des-alberes.fr\/wp-content\/uploads\/2024\/12\/bio-des-alberes-logo2.png","width":803,"height":466,"caption":"Bio des Alb\u00e8res"},"image":{"@id":"https:\/\/www.bio-des-alberes.fr\/#\/schema\/logo\/image\/"},"sameAs":["https:\/\/www.facebook.com\/p\/Le-bio-des-Albres-61568067446958\/"]},{"@type":"Person","@id":"https:\/\/www.bio-des-alberes.fr\/#\/schema\/person\/799c5098edb8346eed3ad621e8bdae24","name":"biodesalberes","image":{"@type":"ImageObject","inLanguage":"nl-NL","@id":"https:\/\/www.bio-des-alberes.fr\/#\/schema\/person\/image\/","url":"https:\/\/secure.gravatar.com\/avatar\/6039bbfc6c375e9adfea50b5dfc6bb7c8c601a03cbf0f44a5db56f0a0eead0b8?s=96&d=mm&r=g","contentUrl":"https:\/\/secure.gravatar.com\/avatar\/6039bbfc6c375e9adfea50b5dfc6bb7c8c601a03cbf0f44a5db56f0a0eead0b8?s=96&d=mm&r=g","caption":"biodesalberes"},"sameAs":["https:\/\/www.bio-des-alberes.fr"],"url":"https:\/\/www.bio-des-alberes.fr\/nl\/author\/biodesalberes\/"}]}},"_links":{"self":[{"href":"https:\/\/www.bio-des-alberes.fr\/nl\/wp-json\/wp\/v2\/posts\/1747","targetHints":{"allow":["GET"]}}],"collection":[{"href":"https:\/\/www.bio-des-alberes.fr\/nl\/wp-json\/wp\/v2\/posts"}],"about":[{"href":"https:\/\/www.bio-des-alberes.fr\/nl\/wp-json\/wp\/v2\/types\/post"}],"author":[{"embeddable":true,"href":"https:\/\/www.bio-des-alberes.fr\/nl\/wp-json\/wp\/v2\/users\/1"}],"replies":[{"embeddable":true,"href":"https:\/\/www.bio-des-alberes.fr\/nl\/wp-json\/wp\/v2\/comments?post=1747"}],"version-history":[{"count":0,"href":"https:\/\/www.bio-des-alberes.fr\/nl\/wp-json\/wp\/v2\/posts\/1747\/revisions"}],"wp:featuredmedia":[{"embeddable":true,"href":"https:\/\/www.bio-des-alberes.fr\/nl\/wp-json\/wp\/v2\/media\/64"}],"wp:attachment":[{"href":"https:\/\/www.bio-des-alberes.fr\/nl\/wp-json\/wp\/v2\/media?parent=1747"}],"wp:term":[{"taxonomy":"category","embeddable":true,"href":"https:\/\/www.bio-des-alberes.fr\/nl\/wp-json\/wp\/v2\/categories?post=1747"},{"taxonomy":"post_tag","embeddable":true,"href":"https:\/\/www.bio-des-alberes.fr\/nl\/wp-json\/wp\/v2\/tags?post=1747"}],"curies":[{"name":"wp","href":"https:\/\/api.w.org\/{rel}","templated":true}]}}