{"id":2040,"date":"2025-06-04T15:01:09","date_gmt":"2025-06-04T15:01:09","guid":{"rendered":"https:\/\/www.bio-des-alberes.fr\/epicerie-bio-pres-de-millas\/"},"modified":"2025-06-04T15:01:09","modified_gmt":"2025-06-04T15:01:09","slug":"epicerie-bio-pres-de-millas","status":"publish","type":"post","link":"https:\/\/www.bio-des-alberes.fr\/nl\/epicerie-bio-pres-de-millas\/","title":{"rendered":"Bio des Alb\u00e8res: uw biologische kruidenierswinkel vlakbij Millas"},"content":{"rendered":"<h1 class=\"wp-block-heading\">Lokale, verse en betrokken producten<\/h1>\n\n\n\n<p>Welkom bij Bio des Alb\u00e8res, uw vertrouwde biologische kruidenierswinkel in de buurt van Millas, gespecialiseerd in lokale producten, seizoensfruit en -groenten en ambachtelijk biologisch zuurdesembrood. Wij zijn gevestigd in het hart van de Pyr\u00e9n\u00e9es-Orientales en bieden een strenge selectie biologische, lokale en seizoensproducten.<\/p>\n\n\n\n<h2 class=\"wp-block-heading\">Waarom kiezen voor een biologische kruidenierswinkel in de buurt van Millas?<\/h2>\n\n\n\n<ul class=\"wp-block-list\">\n<li>Minder transport, meer versheid: gegarandeerd korte distributiekanalen<\/li>\n\n\n\n<li>Steun voor lokale producenten in 66<\/li>\n\n\n\n<li>Nul overbodigheden: alleen nuttige, goede en natuurlijke producten<\/li>\n\n\n\n<li>Minder verpakking, meer ethiek<\/li>\n<\/ul>\n\n\n\n<p>Bij Bio des Alb\u00e8res geloven we dat elke aankoop telt. Daarom vinden onze klanten in Millas en omgeving ons veel meer dan alleen een winkel: we zijn een echte gemeenschap die toegewijd is aan lekker eten.<\/p>\n\n\n\n<h2 class=\"wp-block-heading\">Millas biologische groenten en fruit: de smaak van de seizoenen<\/h2>\n\n\n\n<p>Onze biologische groente- en fruitafdeling bij Millas is ongetwijfeld een van de populairste. Elke week selecteren we producten die rijp geoogst zijn, afhankelijk van het seizoen, en die zonder chemische meststoffen of pesticiden geteeld zijn.<\/p>\n\n\n\n<ul class=\"wp-block-list\">\n<li>In de zomer: heirloom tomaten, courgettes, meloenen, watermeloenen<\/li>\n\n\n\n<li>In de herfst: appels, pompoenen, bloemkool<\/li>\n\n\n\n<li>In de winter: biologische sinaasappelen, wortelen, rode bieten<\/li>\n\n\n\n<li>In de lente: veldaardbeien, asperges, radijsjes<\/li>\n<\/ul>\n\n\n\n<p>Al onze groenten en fruit komen van lokale boerderijen, vaak op minder dan 50 km van onze winkel. Dit garandeert een onvergelijkbare versheid en steunt de biologische landbouw in de regio Millas.<\/p>\n\n\n\n<h2 class=\"wp-block-heading\">Biologisch zuurdesembrood: een essenti\u00eble specialiteit<\/h2>\n\n\n\n<p>Een van onze meest trotse producten is ons biologische zuurdesembrood, dagelijks gebakken in onze ouderwetse bakkerij.<\/p>\n\n\n\n<h3 class=\"wp-block-heading\">Waarom zuurdesem?<\/h3>\n\n\n\n<ul class=\"wp-block-list\">\n<li>Gemakkelijkere spijsvertering<\/li>\n\n\n\n<li>Lagere glykemische index<\/li>\n\n\n\n<li>Beter behoud<\/li>\n\n\n\n<li>Authentieke, rustieke smaak<\/li>\n<\/ul>\n\n\n\n<p>Wij bieden verschillende soorten aan:<\/p>\n\n\n\n<ul class=\"wp-block-list\">\n<li>Gewoon zuurdesembrood<\/li>\n\n\n\n<li>Biologisch volkorenbrood<\/li>\n\n\n\n<li>Zaadbrood<\/li>\n\n\n\n<li>Klein speltbrood<\/li>\n<\/ul>\n\n\n\n<h2 class=\"wp-block-heading\">Biologische en lokale producten bij Millas: wat u hier vindt<\/h2>\n\n\n\n<p>Onze biologische winkel in de buurt van Millas biedt veel meer dan alleen een groentegedeelte. Het is een echte eco-verantwoorde leefruimte, met producten voor elke dagelijkse behoefte:<\/p>\n\n\n\n<ul class=\"wp-block-list\">\n<li>Gedroogde producten: peulvruchten, meel, granen, zaden, oli\u00ebn<\/li>\n\n\n\n<li>Ecologische schoonmaakproducten<\/li>\n\n\n\n<li>Natuurlijke cosmetica<\/li>\n\n\n\n<li>Biologische bulk (rijst, pasta, noten, muesli...)<\/li>\n\n\n\n<li>Glutenvrije en veganistische producten<\/li>\n\n\n\n<li>Artisanale dranken (sappen, kombucha, natuurlijke wijnen)<\/li>\n\n\n\n<li>Boerenkazen, biologische eieren, lokale yoghurt<\/li>\n<\/ul>\n\n\n\n<h2 class=\"wp-block-heading\">Een biologische kruidenierswinkel die zich inzet voor de mensen van Millas<\/h2>\n\n\n\n<p>Bij Bio des Alb\u00e8res sluiten we geen compromissen op het gebied van onze waarden:<\/p>\n\n\n\n<ul class=\"wp-block-list\">\n<li>Gecertificeerde biologische landbouw<\/li>\n\n\n\n<li>Lokale prioriteit, nul kilometer zo snel mogelijk<\/li>\n\n\n\n<li>Familiale sfeer en persoonlijk advies<\/li>\n\n\n\n<li>Zero waste verplichting: breng uw eigen potten, zakken, enz. mee.<\/li>\n\n\n\n<li>Recepten, idee\u00ebn en tips delen over hoe u beter kunt consumeren<\/li>\n<\/ul>\n\n\n\n<h2 class=\"wp-block-heading\">Levering en service bij millas<\/h2>\n\n\n\n<p>Woont u in Millas of een naburig dorp? Goed nieuws: wij bezorgen elke week gepersonaliseerde biologische manden.<\/p>\n\n\n\n<h3 class=\"wp-block-heading\">Hoe werkt het?<\/h3>\n\n\n\n<ol class=\"wp-block-list\">\n<li>Stel uw mand samen (of kies voor een verrassingsselectie)<\/li>\n\n\n\n<li>Wij bereiden uw bestelling met verse producten<\/li>\n\n\n\n<li>Wij leveren bij u thuis of op een afleverpunt<\/li>\n<\/ol>\n\n\n\n<h2 class=\"wp-block-heading\">Hoe kunt u ons vinden Hoe kunt u contact met ons opnemen?<\/h2>\n\n\n\n<p>Wij zijn gevestigd in Saint-Genis-des-Fontaines, op slechts een paar minuten van Millas.<\/p>\n\n\n\n<p><strong>Openingstijden :<\/strong><br>Maandag t\/m zaterdag: 9.00 - 13.00 uur en 15.00 - 19.00 uur<br>Zondag: gesloten<\/p>\n\n\n\n<p>Als u vragen hebt, advies nodig hebt of een bestelling wilt plaatsen, neem dan hier contact met ons op:&nbsp;<a href=\"https:\/\/www.bio-des-alberes.fr\/nl\/contact\/\">Neem contact op met<\/a><br>Of kom bij ons langs in de winkel:&nbsp;<a href=\"https:\/\/www.bio-des-alberes.fr\/nl\/\">Home<\/a><\/p>\n\n\n\n<h2 class=\"wp-block-heading\">Getuigenissen van onze klanten in de buurt van millas<\/h2>\n\n\n\n<blockquote class=\"wp-block-quote is-layout-flow wp-block-quote-is-layout-flow\">\n<p>\u201cSinds ik Bio des Alb\u00e8res heb ontdekt, ga ik nergens anders meer heen. Het brood is ongelooflijk en de groenten smaken geweldig.\u201d - Claire B., trouwe klant uit Millas<\/p>\n<\/blockquote>\n\n\n\n<blockquote class=\"wp-block-quote is-layout-flow wp-block-quote-is-layout-flow\">\n<p>\u201cEen echt alternatief voor supermarkten, met echt lokale producten.\u201d - Marc G., biologische boer in de buurt van Millas<\/p>\n<\/blockquote>\n\n\n\n<blockquote class=\"wp-block-quote is-layout-flow wp-block-quote-is-layout-flow\">\n<p>\u201cHet personeel is gepassioneerd en kan goed luisteren. Ik zou het iedereen die in Millas woont van harte aanbevelen.\u201d - Sophie L., natuurgeneeskundige gevestigd in Millas<\/p>\n<\/blockquote>\n\n\n\n<h2 class=\"wp-block-heading\">FAQ - Biologische kruideniersmixers<\/h2>\n\n\n\n<p><strong>Welke soorten producten vindt u in uw biologische kruidenierswinkel?<\/strong><br>Wij bieden biologische voedingsproducten, natuurlijke cosmetica, schoonmaakproducten en natuurlijk seizoensgebonden biologische groenten en fruit.<\/p>\n\n\n\n<p><strong>Levert u aan huizen in Millas?<\/strong><br>Ja, we leveren elke week in verschillende plaatsen in de regio 66, waaronder Millas.<\/p>\n\n\n\n<p><strong>Hoe weet u of uw producten echt lokaal zijn?<\/strong><br>Op elk product staat vermeld waar het vandaan komt. Wij werken transparant met gecertificeerde biologische producenten in het departement.<\/p>\n\n\n\n<p><strong>Kan ik online bestellen?<\/strong><br>Bestellingen kunnen telefonisch of via onze contactpagina worden geplaatst. Een online bestelservice wordt momenteel ontwikkeld.<\/p>\n\n\n\n<h2 class=\"wp-block-heading\">Conclusie: op een steenworp afstand van Millas liggen lokale biologische producten op u te wachten.<\/h2>\n\n\n\n<p>Als u op zoek bent naar een biologische kruidenierswinkel in de buurt van Millas, zoek dan niet verder. Bij Bio des Alb\u00e8res vindt u :<\/p>\n\n\n\n<ul class=\"wp-block-list\">\n<li>Authentieke biologische producten<\/li>\n\n\n\n<li>Echt menselijk contact<\/li>\n\n\n\n<li>Een verbintenis met de regio 66<\/li>\n\n\n\n<li>Onberispelijke kwaliteit<\/li>\n<\/ul>\n\n\n\n<p>Word lid van onze gemeenschap van verantwoordelijke consumenten.<br>Kies voor smaak, gezondheid en de planeet.<br>Kom en ontdek de winkel of neem vandaag nog contact met ons op:<br><a href=\"https:\/\/www.bio-des-alberes.fr\/nl\/\">Startpagina<\/a>&nbsp;\u2013&nbsp;<a href=\"https:\/\/www.bio-des-alberes.fr\/nl\/contact\/\">Contact pagina<\/a><\/p>","protected":false},"excerpt":{"rendered":"<p>Des produits locaux, frais et engag\u00e9s Bienvenue chez Bio des Alb\u00e8res, votre \u00e9picerie bio de confiance pr\u00e8s de millas, sp\u00e9cialis\u00e9e dans les produits locaux, fruits et l\u00e9gumes de saison, et le pain au levain bio artisanal. Install\u00e9s au c\u0153ur des Pyr\u00e9n\u00e9es-Orientales, nous vous proposons une s\u00e9lection rigoureuse de produits issus de l\u2019agriculture biologique, du terroir [&hellip;]<\/p>\n","protected":false},"author":1,"featured_media":62,"comment_status":"closed","ping_status":"closed","sticky":false,"template":"","format":"standard","meta":{"_et_pb_use_builder":"","_et_pb_old_content":"","_et_gb_content_width":"","footnotes":""},"categories":[1],"tags":[],"class_list":["post-2040","post","type-post","status-publish","format-standard","has-post-thumbnail","hentry","category-au-bio-des-alberes"],"yoast_head":"<!-- This site is optimized with the Yoast SEO plugin v26.2 - https:\/\/yoast.com\/wordpress\/plugins\/seo\/ -->\n<title>\u00e9picerie bio pr\u00e8s de millas<\/title>\n<meta name=\"description\" content=\"D\u00e9couvrez Bio des Alb\u00e8res, votre \u00e9picerie bio pr\u00e8s de millas. Fruits et l\u00e9gumes, pain au levain. Le meilleur du bio pr\u00e8s de chez vous !\" \/>\n<meta name=\"robots\" content=\"index, follow, max-snippet:-1, max-image-preview:large, max-video-preview:-1\" \/>\n<link rel=\"canonical\" href=\"https:\/\/www.bio-des-alberes.fr\/nl\/epicerie-bio-pres-de-millas\/\" \/>\n<meta property=\"og:locale\" content=\"nl_NL\" \/>\n<meta property=\"og:type\" content=\"article\" \/>\n<meta property=\"og:title\" content=\"\u00e9picerie bio pr\u00e8s de millas\" \/>\n<meta property=\"og:description\" content=\"D\u00e9couvrez Bio des Alb\u00e8res, votre \u00e9picerie bio pr\u00e8s de millas. Fruits et l\u00e9gumes, pain au levain. Le meilleur du bio pr\u00e8s de chez vous !\" \/>\n<meta property=\"og:url\" content=\"https:\/\/www.bio-des-alberes.fr\/nl\/epicerie-bio-pres-de-millas\/\" \/>\n<meta property=\"og:site_name\" content=\"Bio des Alb\u00e8res\" \/>\n<meta property=\"article:publisher\" content=\"https:\/\/www.facebook.com\/p\/Le-bio-des-Albres-61568067446958\/\" \/>\n<meta property=\"article:published_time\" content=\"2025-06-04T15:01:09+00:00\" \/>\n<meta property=\"og:image\" content=\"https:\/\/www.bio-des-alberes.fr\/wp-content\/uploads\/2024\/12\/11200026-scaled.jpg\" \/>\n\t<meta property=\"og:image:width\" content=\"2560\" \/>\n\t<meta property=\"og:image:height\" content=\"1707\" \/>\n\t<meta property=\"og:image:type\" content=\"image\/jpeg\" \/>\n<meta name=\"author\" content=\"biodesalberes\" \/>\n<meta name=\"twitter:card\" content=\"summary_large_image\" \/>\n<meta name=\"twitter:label1\" content=\"Geschreven door\" \/>\n\t<meta name=\"twitter:data1\" content=\"biodesalberes\" \/>\n\t<meta name=\"twitter:label2\" content=\"Verwachte leestijd\" \/>\n\t<meta name=\"twitter:data2\" content=\"4 minuten\" \/>\n<script type=\"application\/ld+json\" class=\"yoast-schema-graph\">{\"@context\":\"https:\/\/schema.org\",\"@graph\":[{\"@type\":\"Article\",\"@id\":\"https:\/\/www.bio-des-alberes.fr\/epicerie-bio-pres-de-millas\/#article\",\"isPartOf\":{\"@id\":\"https:\/\/www.bio-des-alberes.fr\/epicerie-bio-pres-de-millas\/\"},\"author\":{\"name\":\"biodesalberes\",\"@id\":\"https:\/\/www.bio-des-alberes.fr\/#\/schema\/person\/b207a14ba23699a080c323ee040eca00\"},\"headline\":\"Bio des Alb\u00e8res : votre \u00e9picerie bio pr\u00e8s de millas\",\"datePublished\":\"2025-06-04T15:01:09+00:00\",\"mainEntityOfPage\":{\"@id\":\"https:\/\/www.bio-des-alberes.fr\/epicerie-bio-pres-de-millas\/\"},\"wordCount\":886,\"publisher\":{\"@id\":\"https:\/\/www.bio-des-alberes.fr\/#organization\"},\"image\":{\"@id\":\"https:\/\/www.bio-des-alberes.fr\/epicerie-bio-pres-de-millas\/#primaryimage\"},\"thumbnailUrl\":\"https:\/\/www.bio-des-alberes.fr\/wp-content\/uploads\/2024\/12\/11200026-scaled.jpg\",\"articleSection\":[\"Au Bio des Alb\u00e8res\"],\"inLanguage\":\"nl-NL\"},{\"@type\":\"WebPage\",\"@id\":\"https:\/\/www.bio-des-alberes.fr\/epicerie-bio-pres-de-millas\/\",\"url\":\"https:\/\/www.bio-des-alberes.fr\/epicerie-bio-pres-de-millas\/\",\"name\":\"\u00e9picerie bio pr\u00e8s de millas\",\"isPartOf\":{\"@id\":\"https:\/\/www.bio-des-alberes.fr\/#website\"},\"primaryImageOfPage\":{\"@id\":\"https:\/\/www.bio-des-alberes.fr\/epicerie-bio-pres-de-millas\/#primaryimage\"},\"image\":{\"@id\":\"https:\/\/www.bio-des-alberes.fr\/epicerie-bio-pres-de-millas\/#primaryimage\"},\"thumbnailUrl\":\"https:\/\/www.bio-des-alberes.fr\/wp-content\/uploads\/2024\/12\/11200026-scaled.jpg\",\"datePublished\":\"2025-06-04T15:01:09+00:00\",\"description\":\"D\u00e9couvrez Bio des Alb\u00e8res, votre \u00e9picerie bio pr\u00e8s de millas. Fruits et l\u00e9gumes, pain au levain. Le meilleur du bio pr\u00e8s de chez vous !\",\"breadcrumb\":{\"@id\":\"https:\/\/www.bio-des-alberes.fr\/epicerie-bio-pres-de-millas\/#breadcrumb\"},\"inLanguage\":\"nl-NL\",\"potentialAction\":[{\"@type\":\"ReadAction\",\"target\":[\"https:\/\/www.bio-des-alberes.fr\/epicerie-bio-pres-de-millas\/\"]}]},{\"@type\":\"ImageObject\",\"inLanguage\":\"nl-NL\",\"@id\":\"https:\/\/www.bio-des-alberes.fr\/epicerie-bio-pres-de-millas\/#primaryimage\",\"url\":\"https:\/\/www.bio-des-alberes.fr\/wp-content\/uploads\/2024\/12\/11200026-scaled.jpg\",\"contentUrl\":\"https:\/\/www.bio-des-alberes.fr\/wp-content\/uploads\/2024\/12\/11200026-scaled.jpg\",\"width\":2560,\"height\":1707,\"caption\":\"SAMSUNG CSC\"},{\"@type\":\"BreadcrumbList\",\"@id\":\"https:\/\/www.bio-des-alberes.fr\/epicerie-bio-pres-de-millas\/#breadcrumb\",\"itemListElement\":[{\"@type\":\"ListItem\",\"position\":1,\"name\":\"Accueil\",\"item\":\"https:\/\/www.bio-des-alberes.fr\/\"},{\"@type\":\"ListItem\",\"position\":2,\"name\":\"Bio des Alb\u00e8res : votre \u00e9picerie bio pr\u00e8s de millas\"}]},{\"@type\":\"WebSite\",\"@id\":\"https:\/\/www.bio-des-alberes.fr\/#website\",\"url\":\"https:\/\/www.bio-des-alberes.fr\/\",\"name\":\"Bio 66 - Magasin bio des Alberes\",\"description\":\"Fruits et l&eacute;gumes bio, produits locaux, &eacute;picerie fine\",\"publisher\":{\"@id\":\"https:\/\/www.bio-des-alberes.fr\/#organization\"},\"potentialAction\":[{\"@type\":\"SearchAction\",\"target\":{\"@type\":\"EntryPoint\",\"urlTemplate\":\"https:\/\/www.bio-des-alberes.fr\/?s={search_term_string}\"},\"query-input\":{\"@type\":\"PropertyValueSpecification\",\"valueRequired\":true,\"valueName\":\"search_term_string\"}}],\"inLanguage\":\"nl-NL\"},{\"@type\":\"Organization\",\"@id\":\"https:\/\/www.bio-des-alberes.fr\/#organization\",\"name\":\"Bio des Alb\u00e8res\",\"url\":\"https:\/\/www.bio-des-alberes.fr\/\",\"logo\":{\"@type\":\"ImageObject\",\"inLanguage\":\"nl-NL\",\"@id\":\"https:\/\/www.bio-des-alberes.fr\/#\/schema\/logo\/image\/\",\"url\":\"https:\/\/www.bio-des-alberes.fr\/wp-content\/uploads\/2024\/12\/bio-des-alberes-logo2.png\",\"contentUrl\":\"https:\/\/www.bio-des-alberes.fr\/wp-content\/uploads\/2024\/12\/bio-des-alberes-logo2.png\",\"width\":803,\"height\":466,\"caption\":\"Bio des Alb\u00e8res\"},\"image\":{\"@id\":\"https:\/\/www.bio-des-alberes.fr\/#\/schema\/logo\/image\/\"},\"sameAs\":[\"https:\/\/www.facebook.com\/p\/Le-bio-des-Albres-61568067446958\/\"]},{\"@type\":\"Person\",\"@id\":\"https:\/\/www.bio-des-alberes.fr\/#\/schema\/person\/b207a14ba23699a080c323ee040eca00\",\"name\":\"biodesalberes\",\"image\":{\"@type\":\"ImageObject\",\"inLanguage\":\"nl-NL\",\"@id\":\"https:\/\/www.bio-des-alberes.fr\/#\/schema\/person\/image\/\",\"url\":\"https:\/\/secure.gravatar.com\/avatar\/6039bbfc6c375e9adfea50b5dfc6bb7c8c601a03cbf0f44a5db56f0a0eead0b8?s=96&d=mm&r=g\",\"contentUrl\":\"https:\/\/secure.gravatar.com\/avatar\/6039bbfc6c375e9adfea50b5dfc6bb7c8c601a03cbf0f44a5db56f0a0eead0b8?s=96&d=mm&r=g\",\"caption\":\"biodesalberes\"},\"sameAs\":[\"https:\/\/www.bio-des-alberes.fr\"],\"url\":\"https:\/\/www.bio-des-alberes.fr\/nl\/author\/biodesalberes\/\"}]}<\/script>\n<!-- \/ Yoast SEO plugin. -->","yoast_head_json":{"title":"\u00e9picerie bio pr\u00e8s de millas","description":"D\u00e9couvrez Bio des Alb\u00e8res, votre \u00e9picerie bio pr\u00e8s de millas. Fruits et l\u00e9gumes, pain au levain. Le meilleur du bio pr\u00e8s de chez vous !","robots":{"index":"index","follow":"follow","max-snippet":"max-snippet:-1","max-image-preview":"max-image-preview:large","max-video-preview":"max-video-preview:-1"},"canonical":"https:\/\/www.bio-des-alberes.fr\/nl\/epicerie-bio-pres-de-millas\/","og_locale":"nl_NL","og_type":"article","og_title":"\u00e9picerie bio pr\u00e8s de millas","og_description":"D\u00e9couvrez Bio des Alb\u00e8res, votre \u00e9picerie bio pr\u00e8s de millas. Fruits et l\u00e9gumes, pain au levain. Le meilleur du bio pr\u00e8s de chez vous !","og_url":"https:\/\/www.bio-des-alberes.fr\/nl\/epicerie-bio-pres-de-millas\/","og_site_name":"Bio des Alb\u00e8res","article_publisher":"https:\/\/www.facebook.com\/p\/Le-bio-des-Albres-61568067446958\/","article_published_time":"2025-06-04T15:01:09+00:00","og_image":[{"width":2560,"height":1707,"url":"https:\/\/www.bio-des-alberes.fr\/wp-content\/uploads\/2024\/12\/11200026-scaled.jpg","type":"image\/jpeg"}],"author":"biodesalberes","twitter_card":"summary_large_image","twitter_misc":{"Geschreven door":"biodesalberes","Verwachte leestijd":"4 minuten"},"schema":{"@context":"https:\/\/schema.org","@graph":[{"@type":"Article","@id":"https:\/\/www.bio-des-alberes.fr\/epicerie-bio-pres-de-millas\/#article","isPartOf":{"@id":"https:\/\/www.bio-des-alberes.fr\/epicerie-bio-pres-de-millas\/"},"author":{"name":"biodesalberes","@id":"https:\/\/www.bio-des-alberes.fr\/#\/schema\/person\/b207a14ba23699a080c323ee040eca00"},"headline":"Bio des Alb\u00e8res : votre \u00e9picerie bio pr\u00e8s de millas","datePublished":"2025-06-04T15:01:09+00:00","mainEntityOfPage":{"@id":"https:\/\/www.bio-des-alberes.fr\/epicerie-bio-pres-de-millas\/"},"wordCount":886,"publisher":{"@id":"https:\/\/www.bio-des-alberes.fr\/#organization"},"image":{"@id":"https:\/\/www.bio-des-alberes.fr\/epicerie-bio-pres-de-millas\/#primaryimage"},"thumbnailUrl":"https:\/\/www.bio-des-alberes.fr\/wp-content\/uploads\/2024\/12\/11200026-scaled.jpg","articleSection":["Au Bio des Alb\u00e8res"],"inLanguage":"nl-NL"},{"@type":"WebPage","@id":"https:\/\/www.bio-des-alberes.fr\/epicerie-bio-pres-de-millas\/","url":"https:\/\/www.bio-des-alberes.fr\/epicerie-bio-pres-de-millas\/","name":"\u00e9picerie bio pr\u00e8s de millas","isPartOf":{"@id":"https:\/\/www.bio-des-alberes.fr\/#website"},"primaryImageOfPage":{"@id":"https:\/\/www.bio-des-alberes.fr\/epicerie-bio-pres-de-millas\/#primaryimage"},"image":{"@id":"https:\/\/www.bio-des-alberes.fr\/epicerie-bio-pres-de-millas\/#primaryimage"},"thumbnailUrl":"https:\/\/www.bio-des-alberes.fr\/wp-content\/uploads\/2024\/12\/11200026-scaled.jpg","datePublished":"2025-06-04T15:01:09+00:00","description":"D\u00e9couvrez Bio des Alb\u00e8res, votre \u00e9picerie bio pr\u00e8s de millas. Fruits et l\u00e9gumes, pain au levain. Le meilleur du bio pr\u00e8s de chez vous !","breadcrumb":{"@id":"https:\/\/www.bio-des-alberes.fr\/epicerie-bio-pres-de-millas\/#breadcrumb"},"inLanguage":"nl-NL","potentialAction":[{"@type":"ReadAction","target":["https:\/\/www.bio-des-alberes.fr\/epicerie-bio-pres-de-millas\/"]}]},{"@type":"ImageObject","inLanguage":"nl-NL","@id":"https:\/\/www.bio-des-alberes.fr\/epicerie-bio-pres-de-millas\/#primaryimage","url":"https:\/\/www.bio-des-alberes.fr\/wp-content\/uploads\/2024\/12\/11200026-scaled.jpg","contentUrl":"https:\/\/www.bio-des-alberes.fr\/wp-content\/uploads\/2024\/12\/11200026-scaled.jpg","width":2560,"height":1707,"caption":"SAMSUNG CSC"},{"@type":"BreadcrumbList","@id":"https:\/\/www.bio-des-alberes.fr\/epicerie-bio-pres-de-millas\/#breadcrumb","itemListElement":[{"@type":"ListItem","position":1,"name":"Accueil","item":"https:\/\/www.bio-des-alberes.fr\/"},{"@type":"ListItem","position":2,"name":"Bio des Alb\u00e8res : votre \u00e9picerie bio pr\u00e8s de millas"}]},{"@type":"WebSite","@id":"https:\/\/www.bio-des-alberes.fr\/#website","url":"https:\/\/www.bio-des-alberes.fr\/","name":"Bio 66 - Magasin bio des Alberes","description":"Fruits et l&eacute;gumes bio, produits locaux, &eacute;picerie fine","publisher":{"@id":"https:\/\/www.bio-des-alberes.fr\/#organization"},"potentialAction":[{"@type":"SearchAction","target":{"@type":"EntryPoint","urlTemplate":"https:\/\/www.bio-des-alberes.fr\/?s={search_term_string}"},"query-input":{"@type":"PropertyValueSpecification","valueRequired":true,"valueName":"search_term_string"}}],"inLanguage":"nl-NL"},{"@type":"Organization","@id":"https:\/\/www.bio-des-alberes.fr\/#organization","name":"Bio des Alb\u00e8res","url":"https:\/\/www.bio-des-alberes.fr\/","logo":{"@type":"ImageObject","inLanguage":"nl-NL","@id":"https:\/\/www.bio-des-alberes.fr\/#\/schema\/logo\/image\/","url":"https:\/\/www.bio-des-alberes.fr\/wp-content\/uploads\/2024\/12\/bio-des-alberes-logo2.png","contentUrl":"https:\/\/www.bio-des-alberes.fr\/wp-content\/uploads\/2024\/12\/bio-des-alberes-logo2.png","width":803,"height":466,"caption":"Bio des Alb\u00e8res"},"image":{"@id":"https:\/\/www.bio-des-alberes.fr\/#\/schema\/logo\/image\/"},"sameAs":["https:\/\/www.facebook.com\/p\/Le-bio-des-Albres-61568067446958\/"]},{"@type":"Person","@id":"https:\/\/www.bio-des-alberes.fr\/#\/schema\/person\/b207a14ba23699a080c323ee040eca00","name":"biodesalberes","image":{"@type":"ImageObject","inLanguage":"nl-NL","@id":"https:\/\/www.bio-des-alberes.fr\/#\/schema\/person\/image\/","url":"https:\/\/secure.gravatar.com\/avatar\/6039bbfc6c375e9adfea50b5dfc6bb7c8c601a03cbf0f44a5db56f0a0eead0b8?s=96&d=mm&r=g","contentUrl":"https:\/\/secure.gravatar.com\/avatar\/6039bbfc6c375e9adfea50b5dfc6bb7c8c601a03cbf0f44a5db56f0a0eead0b8?s=96&d=mm&r=g","caption":"biodesalberes"},"sameAs":["https:\/\/www.bio-des-alberes.fr"],"url":"https:\/\/www.bio-des-alberes.fr\/nl\/author\/biodesalberes\/"}]}},"_links":{"self":[{"href":"https:\/\/www.bio-des-alberes.fr\/nl\/wp-json\/wp\/v2\/posts\/2040","targetHints":{"allow":["GET"]}}],"collection":[{"href":"https:\/\/www.bio-des-alberes.fr\/nl\/wp-json\/wp\/v2\/posts"}],"about":[{"href":"https:\/\/www.bio-des-alberes.fr\/nl\/wp-json\/wp\/v2\/types\/post"}],"author":[{"embeddable":true,"href":"https:\/\/www.bio-des-alberes.fr\/nl\/wp-json\/wp\/v2\/users\/1"}],"replies":[{"embeddable":true,"href":"https:\/\/www.bio-des-alberes.fr\/nl\/wp-json\/wp\/v2\/comments?post=2040"}],"version-history":[{"count":0,"href":"https:\/\/www.bio-des-alberes.fr\/nl\/wp-json\/wp\/v2\/posts\/2040\/revisions"}],"wp:featuredmedia":[{"embeddable":true,"href":"https:\/\/www.bio-des-alberes.fr\/nl\/wp-json\/wp\/v2\/media\/62"}],"wp:attachment":[{"href":"https:\/\/www.bio-des-alberes.fr\/nl\/wp-json\/wp\/v2\/media?parent=2040"}],"wp:term":[{"taxonomy":"category","embeddable":true,"href":"https:\/\/www.bio-des-alberes.fr\/nl\/wp-json\/wp\/v2\/categories?post=2040"},{"taxonomy":"post_tag","embeddable":true,"href":"https:\/\/www.bio-des-alberes.fr\/nl\/wp-json\/wp\/v2\/tags?post=2040"}],"curies":[{"name":"wp","href":"https:\/\/api.w.org\/{rel}","templated":true}]}}